{"id":7131,"date":"2026-08-28T16:12:23","date_gmt":"2026-08-28T15:12:23","guid":{"rendered":"https:\/\/www.leriredelarcenciel.fr\/Blog\/?p=7131"},"modified":"2026-08-28T16:12:30","modified_gmt":"2026-08-28T15:12:30","slug":"retour-sur-vos-realisations-2026","status":"publish","type":"post","link":"https:\/\/www.leriredelarcenciel.fr\/Blog\/retour-sur-vos-realisations-2026\/","title":{"rendered":"Retour sur vos r\u00e9alisations 2026"},"content":{"rendered":"\n<p class=\"wp-block-paragraph\">Les ateliers cr\u00e9atifs du Rire de l\u2019arc-en-ciel plaisent toujours autant. Et m\u00eame de plus en plus&nbsp;puisqu\u2019\u00e0 l\u2019heure o\u00f9 j\u2019\u00e9cris cet article (fin ao\u00fbt), le nombre d\u2019ateliers d\u00e9passe largement 2025 \u00e0 la m\u00eame date. Je vous remercie pour votre pr\u00e9sence, votre fid\u00e9lit\u00e9 et votre enthousiasme.<\/p>\n\n\n\n<p class=\"wp-block-paragraph\">Bien s\u00fbr, l\u2019ann\u00e9e est loin d\u2019\u00eatre termin\u00e9e et il est toujours possible de venir participer \u00e0 des s\u00e9ances. Je vous mets d\u2019ailleurs ici un lien si vous d\u00e9sirez avoir plus de <strong><em><a href=\"https:\/\/www.leriredelarcenciel.fr\/Blog\/les-propositions-dateliers-pour-2026\/\" target=\"_blank\" rel=\"noreferrer noopener\">renseignements sur les ateliers 2026<\/a><\/em><\/strong>.<\/p>\n\n\n\n<figure class=\"wp-block-image size-large\"><img loading=\"lazy\" decoding=\"async\" width=\"1024\" height=\"945\" data-attachment-id=\"7132\" data-permalink=\"https:\/\/www.leriredelarcenciel.fr\/Blog\/retour-sur-vos-realisations-2026\/maelys-1\/\" data-orig-file=\"https:\/\/www.leriredelarcenciel.fr\/Blog\/wp-content\/uploads\/2026\/08\/Maelys-1.jpg\" data-orig-size=\"1054,973\" data-comments-opened=\"1\" data-image-meta=\"{&quot;aperture&quot;:&quot;0&quot;,&quot;credit&quot;:&quot;&quot;,&quot;camera&quot;:&quot;&quot;,&quot;caption&quot;:&quot;&quot;,&quot;created_timestamp&quot;:&quot;0&quot;,&quot;copyright&quot;:&quot;&quot;,&quot;focal_length&quot;:&quot;0&quot;,&quot;iso&quot;:&quot;0&quot;,&quot;shutter_speed&quot;:&quot;0&quot;,&quot;title&quot;:&quot;&quot;,&quot;orientation&quot;:&quot;0&quot;,&quot;alt&quot;:&quot;&quot;}\" data-image-title=\"Ma\u00eblys 1\" data-image-description=\"\" data-image-caption=\"\" data-large-file=\"https:\/\/www.leriredelarcenciel.fr\/Blog\/wp-content\/uploads\/2026\/08\/Maelys-1-1024x945.jpg\" src=\"https:\/\/www.leriredelarcenciel.fr\/Blog\/wp-content\/uploads\/2026\/08\/Maelys-1-1024x945.jpg\" alt=\"\" class=\"wp-image-7132\" srcset=\"https:\/\/www.leriredelarcenciel.fr\/Blog\/wp-content\/uploads\/2026\/08\/Maelys-1-1024x945.jpg 1024w, https:\/\/www.leriredelarcenciel.fr\/Blog\/wp-content\/uploads\/2026\/08\/Maelys-1-300x277.jpg 300w, https:\/\/www.leriredelarcenciel.fr\/Blog\/wp-content\/uploads\/2026\/08\/Maelys-1-768x709.jpg 768w, https:\/\/www.leriredelarcenciel.fr\/Blog\/wp-content\/uploads\/2026\/08\/Maelys-1-182x168.jpg 182w, https:\/\/www.leriredelarcenciel.fr\/Blog\/wp-content\/uploads\/2026\/08\/Maelys-1.jpg 1054w\" sizes=\"auto, (max-width: 1024px) 100vw, 1024px\" \/><figcaption class=\"wp-element-caption\"><em>Atelier initiation \u00e0 la broderie &#8211; Etoile de mer de Ma\u00eblys<\/em><\/figcaption><\/figure>\n\n\n\n<p class=\"wp-block-paragraph\">Les activit\u00e9s les plus demand\u00e9es restent les ateliers broderie. Loin, tr\u00e8s loin devant les autres\u00a0! Qui prend plaisir \u00e0 venir d\u00e9couvrir la broderie\u00a0? Des adultes (dont certains, enfin\u2026 certaines, sont des habitu\u00e9(e)s qui viennent toute l\u2019ann\u00e9e), et aussi des enfants. D\u00e8s 6 ans, ils r\u00e9alisent d\u00e9j\u00e0 patiemment et m\u00e9ticuleusement des cr\u00e9ations brod\u00e9es et reviennent parfois chaque ann\u00e9e pour en apprendre un peu plus.<\/p>\n\n\n\n<figure class=\"wp-block-image size-large\"><img loading=\"lazy\" decoding=\"async\" width=\"1024\" height=\"340\" data-attachment-id=\"7133\" data-permalink=\"https:\/\/www.leriredelarcenciel.fr\/Blog\/retour-sur-vos-realisations-2026\/broderies-a-lannee\/\" data-orig-file=\"https:\/\/www.leriredelarcenciel.fr\/Blog\/wp-content\/uploads\/2026\/08\/Broderies-a-lannee.jpg\" data-orig-size=\"1969,653\" data-comments-opened=\"1\" data-image-meta=\"{&quot;aperture&quot;:&quot;0&quot;,&quot;credit&quot;:&quot;&quot;,&quot;camera&quot;:&quot;&quot;,&quot;caption&quot;:&quot;&quot;,&quot;created_timestamp&quot;:&quot;0&quot;,&quot;copyright&quot;:&quot;&quot;,&quot;focal_length&quot;:&quot;0&quot;,&quot;iso&quot;:&quot;0&quot;,&quot;shutter_speed&quot;:&quot;0&quot;,&quot;title&quot;:&quot;&quot;,&quot;orientation&quot;:&quot;0&quot;,&quot;alt&quot;:&quot;&quot;}\" data-image-title=\"Broderies \u00e0 l&amp;rsquo;ann\u00e9e\" data-image-description=\"\" data-image-caption=\"\" data-large-file=\"https:\/\/www.leriredelarcenciel.fr\/Blog\/wp-content\/uploads\/2026\/08\/Broderies-a-lannee-1024x340.jpg\" src=\"https:\/\/www.leriredelarcenciel.fr\/Blog\/wp-content\/uploads\/2026\/08\/Broderies-a-lannee-1024x340.jpg\" alt=\"\" class=\"wp-image-7133\" srcset=\"https:\/\/www.leriredelarcenciel.fr\/Blog\/wp-content\/uploads\/2026\/08\/Broderies-a-lannee-1024x340.jpg 1024w, https:\/\/www.leriredelarcenciel.fr\/Blog\/wp-content\/uploads\/2026\/08\/Broderies-a-lannee-300x99.jpg 300w, https:\/\/www.leriredelarcenciel.fr\/Blog\/wp-content\/uploads\/2026\/08\/Broderies-a-lannee-768x255.jpg 768w, https:\/\/www.leriredelarcenciel.fr\/Blog\/wp-content\/uploads\/2026\/08\/Broderies-a-lannee-1536x509.jpg 1536w, https:\/\/www.leriredelarcenciel.fr\/Blog\/wp-content\/uploads\/2026\/08\/Broderies-a-lannee-216x72.jpg 216w, https:\/\/www.leriredelarcenciel.fr\/Blog\/wp-content\/uploads\/2026\/08\/Broderies-a-lannee.jpg 1969w\" sizes=\"auto, (max-width: 1024px) 100vw, 1024px\" \/><figcaption class=\"wp-element-caption\"><em>Quelques travaux r\u00e9alis\u00e9s par les brodeuses qui viennent toute l&rsquo;ann\u00e9e (ici Agn\u00e8s, Marina, Mich\u00e8le et Nadine)<\/em><\/figcaption><\/figure>\n\n\n\n<figure class=\"wp-block-image size-large\"><img loading=\"lazy\" decoding=\"async\" width=\"1024\" height=\"679\" data-attachment-id=\"7134\" data-permalink=\"https:\/\/www.leriredelarcenciel.fr\/Blog\/retour-sur-vos-realisations-2026\/broderie-tissu\/\" data-orig-file=\"https:\/\/www.leriredelarcenciel.fr\/Blog\/wp-content\/uploads\/2026\/08\/Broderie-tissu.jpg\" data-orig-size=\"2448,1624\" data-comments-opened=\"1\" data-image-meta=\"{&quot;aperture&quot;:&quot;22&quot;,&quot;credit&quot;:&quot;&quot;,&quot;camera&quot;:&quot;NEX-F3&quot;,&quot;caption&quot;:&quot;&quot;,&quot;created_timestamp&quot;:&quot;1784225681&quot;,&quot;copyright&quot;:&quot;&quot;,&quot;focal_length&quot;:&quot;30&quot;,&quot;iso&quot;:&quot;3200&quot;,&quot;shutter_speed&quot;:&quot;0.02&quot;,&quot;title&quot;:&quot;&quot;,&quot;orientation&quot;:&quot;0&quot;,&quot;alt&quot;:&quot;&quot;}\" data-image-title=\"Broderie tissu\" data-image-description=\"\" data-image-caption=\"\" data-large-file=\"https:\/\/www.leriredelarcenciel.fr\/Blog\/wp-content\/uploads\/2026\/08\/Broderie-tissu-1024x679.jpg\" src=\"https:\/\/www.leriredelarcenciel.fr\/Blog\/wp-content\/uploads\/2026\/08\/Broderie-tissu-1024x679.jpg\" alt=\"\" class=\"wp-image-7134\" srcset=\"https:\/\/www.leriredelarcenciel.fr\/Blog\/wp-content\/uploads\/2026\/08\/Broderie-tissu-1024x679.jpg 1024w, https:\/\/www.leriredelarcenciel.fr\/Blog\/wp-content\/uploads\/2026\/08\/Broderie-tissu-300x199.jpg 300w, https:\/\/www.leriredelarcenciel.fr\/Blog\/wp-content\/uploads\/2026\/08\/Broderie-tissu-768x509.jpg 768w, https:\/\/www.leriredelarcenciel.fr\/Blog\/wp-content\/uploads\/2026\/08\/Broderie-tissu-1536x1019.jpg 1536w, https:\/\/www.leriredelarcenciel.fr\/Blog\/wp-content\/uploads\/2026\/08\/Broderie-tissu-2048x1359.jpg 2048w, https:\/\/www.leriredelarcenciel.fr\/Blog\/wp-content\/uploads\/2026\/08\/Broderie-tissu-216x143.jpg 216w\" sizes=\"auto, (max-width: 1024px) 100vw, 1024px\" \/><figcaption class=\"wp-element-caption\"><em>Atelier initiation \u00e0 la broderie<\/em> &#8211; <em>Les r\u00e9alisations d&rsquo;Elora, S\u00e9verine, Le\u00efla, Charlotte, Katia, Paola, Soline, Margaux, Daphn\u00e9<\/em><\/figcaption><\/figure>\n\n\n\n<p class=\"wp-block-paragraph\">La broderie peut \u00e9galement se faire sur papier. Certains d\u2019entre vous l\u2019ont exp\u00e9riment\u00e9e cette ann\u00e9e encore\u2026<\/p>\n\n\n\n<figure class=\"wp-block-image size-large\"><img loading=\"lazy\" decoding=\"async\" width=\"1024\" height=\"679\" data-attachment-id=\"7135\" data-permalink=\"https:\/\/www.leriredelarcenciel.fr\/Blog\/retour-sur-vos-realisations-2026\/ateliers-broderie-papier\/\" data-orig-file=\"https:\/\/www.leriredelarcenciel.fr\/Blog\/wp-content\/uploads\/2026\/08\/Ateliers-broderie-papier.jpg\" data-orig-size=\"2448,1624\" data-comments-opened=\"1\" data-image-meta=\"{&quot;aperture&quot;:&quot;22&quot;,&quot;credit&quot;:&quot;&quot;,&quot;camera&quot;:&quot;NEX-F3&quot;,&quot;caption&quot;:&quot;&quot;,&quot;created_timestamp&quot;:&quot;1784225681&quot;,&quot;copyright&quot;:&quot;&quot;,&quot;focal_length&quot;:&quot;30&quot;,&quot;iso&quot;:&quot;3200&quot;,&quot;shutter_speed&quot;:&quot;0.02&quot;,&quot;title&quot;:&quot;&quot;,&quot;orientation&quot;:&quot;0&quot;,&quot;alt&quot;:&quot;&quot;}\" data-image-title=\"Ateliers broderie papier\" data-image-description=\"\" data-image-caption=\"\" data-large-file=\"https:\/\/www.leriredelarcenciel.fr\/Blog\/wp-content\/uploads\/2026\/08\/Ateliers-broderie-papier-1024x679.jpg\" src=\"https:\/\/www.leriredelarcenciel.fr\/Blog\/wp-content\/uploads\/2026\/08\/Ateliers-broderie-papier-1024x679.jpg\" alt=\"\" class=\"wp-image-7135\" srcset=\"https:\/\/www.leriredelarcenciel.fr\/Blog\/wp-content\/uploads\/2026\/08\/Ateliers-broderie-papier-1024x679.jpg 1024w, https:\/\/www.leriredelarcenciel.fr\/Blog\/wp-content\/uploads\/2026\/08\/Ateliers-broderie-papier-300x199.jpg 300w, https:\/\/www.leriredelarcenciel.fr\/Blog\/wp-content\/uploads\/2026\/08\/Ateliers-broderie-papier-768x509.jpg 768w, https:\/\/www.leriredelarcenciel.fr\/Blog\/wp-content\/uploads\/2026\/08\/Ateliers-broderie-papier-1536x1019.jpg 1536w, https:\/\/www.leriredelarcenciel.fr\/Blog\/wp-content\/uploads\/2026\/08\/Ateliers-broderie-papier-2048x1359.jpg 2048w, https:\/\/www.leriredelarcenciel.fr\/Blog\/wp-content\/uploads\/2026\/08\/Ateliers-broderie-papier-216x143.jpg 216w\" sizes=\"auto, (max-width: 1024px) 100vw, 1024px\" \/><figcaption class=\"wp-element-caption\"><em>Atelier broderie sur papier<\/em> &#8211; <em>Les r\u00e9alisations de Charlie, Jade, Nesma, Margaux, Nathan, Manon<\/em><\/figcaption><\/figure>\n\n\n\n<p class=\"wp-block-paragraph\">Et les autres ateliers\u00a0? Car je propose \u00e9galement de r\u00e9aliser des objets qui n\u00e9cessitent d\u2019autres techniques que la broderie\u00a0: couture, collage, wrap\u00e9, tressage et autres joyeuset\u00e9s\u00a0!<\/p>\n\n\n\n<figure class=\"wp-block-image size-large\"><img loading=\"lazy\" decoding=\"async\" width=\"1024\" height=\"679\" data-attachment-id=\"7136\" data-permalink=\"https:\/\/www.leriredelarcenciel.fr\/Blog\/retour-sur-vos-realisations-2026\/erine-1\/\" data-orig-file=\"https:\/\/www.leriredelarcenciel.fr\/Blog\/wp-content\/uploads\/2026\/08\/Erine-1.jpg\" data-orig-size=\"2448,1624\" data-comments-opened=\"1\" data-image-meta=\"{&quot;aperture&quot;:&quot;22&quot;,&quot;credit&quot;:&quot;&quot;,&quot;camera&quot;:&quot;NEX-F3&quot;,&quot;caption&quot;:&quot;&quot;,&quot;created_timestamp&quot;:&quot;1785436512&quot;,&quot;copyright&quot;:&quot;&quot;,&quot;focal_length&quot;:&quot;30&quot;,&quot;iso&quot;:&quot;3200&quot;,&quot;shutter_speed&quot;:&quot;0.033333333333333&quot;,&quot;title&quot;:&quot;&quot;,&quot;orientation&quot;:&quot;1&quot;,&quot;alt&quot;:&quot;&quot;}\" data-image-title=\"Erine 1\" data-image-description=\"\" data-image-caption=\"\" data-large-file=\"https:\/\/www.leriredelarcenciel.fr\/Blog\/wp-content\/uploads\/2026\/08\/Erine-1-1024x679.jpg\" src=\"https:\/\/www.leriredelarcenciel.fr\/Blog\/wp-content\/uploads\/2026\/08\/Erine-1-1024x679.jpg\" alt=\"\" class=\"wp-image-7136\" srcset=\"https:\/\/www.leriredelarcenciel.fr\/Blog\/wp-content\/uploads\/2026\/08\/Erine-1-1024x679.jpg 1024w, https:\/\/www.leriredelarcenciel.fr\/Blog\/wp-content\/uploads\/2026\/08\/Erine-1-300x199.jpg 300w, https:\/\/www.leriredelarcenciel.fr\/Blog\/wp-content\/uploads\/2026\/08\/Erine-1-768x509.jpg 768w, https:\/\/www.leriredelarcenciel.fr\/Blog\/wp-content\/uploads\/2026\/08\/Erine-1-1536x1019.jpg 1536w, https:\/\/www.leriredelarcenciel.fr\/Blog\/wp-content\/uploads\/2026\/08\/Erine-1-2048x1359.jpg 2048w, https:\/\/www.leriredelarcenciel.fr\/Blog\/wp-content\/uploads\/2026\/08\/Erine-1-216x143.jpg 216w\" sizes=\"auto, (max-width: 1024px) 100vw, 1024px\" \/><figcaption class=\"wp-element-caption\"><em>Atelier magnet &#8211; Le magnet d&rsquo;Erine<\/em><\/figcaption><\/figure>\n\n\n\n<p class=\"wp-block-paragraph\">Dans ces divers ateliers donc, vous avez particuli\u00e8rement aim\u00e9 une nouveaut\u00e9\u00a0: le magnet. La preuve en image !<\/p>\n\n\n\n<figure class=\"wp-block-image size-large\"><img loading=\"lazy\" decoding=\"async\" width=\"1024\" height=\"510\" data-attachment-id=\"7138\" data-permalink=\"https:\/\/www.leriredelarcenciel.fr\/Blog\/retour-sur-vos-realisations-2026\/magnets-2\/\" data-orig-file=\"https:\/\/www.leriredelarcenciel.fr\/Blog\/wp-content\/uploads\/2026\/08\/Magnets-1.jpg\" data-orig-size=\"1312,653\" data-comments-opened=\"1\" data-image-meta=\"{&quot;aperture&quot;:&quot;0&quot;,&quot;credit&quot;:&quot;&quot;,&quot;camera&quot;:&quot;&quot;,&quot;caption&quot;:&quot;&quot;,&quot;created_timestamp&quot;:&quot;0&quot;,&quot;copyright&quot;:&quot;&quot;,&quot;focal_length&quot;:&quot;0&quot;,&quot;iso&quot;:&quot;0&quot;,&quot;shutter_speed&quot;:&quot;0&quot;,&quot;title&quot;:&quot;&quot;,&quot;orientation&quot;:&quot;0&quot;,&quot;alt&quot;:&quot;&quot;}\" data-image-title=\"Magnets\" data-image-description=\"\" data-image-caption=\"\" data-large-file=\"https:\/\/www.leriredelarcenciel.fr\/Blog\/wp-content\/uploads\/2026\/08\/Magnets-1-1024x510.jpg\" src=\"https:\/\/www.leriredelarcenciel.fr\/Blog\/wp-content\/uploads\/2026\/08\/Magnets-1-1024x510.jpg\" alt=\"\" class=\"wp-image-7138\" srcset=\"https:\/\/www.leriredelarcenciel.fr\/Blog\/wp-content\/uploads\/2026\/08\/Magnets-1-1024x510.jpg 1024w, https:\/\/www.leriredelarcenciel.fr\/Blog\/wp-content\/uploads\/2026\/08\/Magnets-1-300x149.jpg 300w, https:\/\/www.leriredelarcenciel.fr\/Blog\/wp-content\/uploads\/2026\/08\/Magnets-1-768x382.jpg 768w, https:\/\/www.leriredelarcenciel.fr\/Blog\/wp-content\/uploads\/2026\/08\/Magnets-1-216x108.jpg 216w, https:\/\/www.leriredelarcenciel.fr\/Blog\/wp-content\/uploads\/2026\/08\/Magnets-1.jpg 1312w\" sizes=\"auto, (max-width: 1024px) 100vw, 1024px\" \/><figcaption class=\"wp-element-caption\"><em>Atelier magnet &#8211; Les r\u00e9alisations de Cassandre, Chlo\u00e9, Octave, Soline, Jade, Daphn\u00e9, Zo\u00e9, Manon<\/em><\/figcaption><\/figure>\n\n\n\n<p class=\"wp-block-paragraph\">Je vous pr\u00e9sente ici quelques-unes de vos autres r\u00e9alisations\u00a0:<\/p>\n\n\n\n<figure class=\"wp-block-image size-large\"><img loading=\"lazy\" decoding=\"async\" width=\"1024\" height=\"679\" data-attachment-id=\"7139\" data-permalink=\"https:\/\/www.leriredelarcenciel.fr\/Blog\/retour-sur-vos-realisations-2026\/ateliers-autres-1\/\" data-orig-file=\"https:\/\/www.leriredelarcenciel.fr\/Blog\/wp-content\/uploads\/2026\/08\/Ateliers-autres-1.jpg\" data-orig-size=\"2448,1624\" data-comments-opened=\"1\" data-image-meta=\"{&quot;aperture&quot;:&quot;22&quot;,&quot;credit&quot;:&quot;&quot;,&quot;camera&quot;:&quot;NEX-F3&quot;,&quot;caption&quot;:&quot;&quot;,&quot;created_timestamp&quot;:&quot;1784225681&quot;,&quot;copyright&quot;:&quot;&quot;,&quot;focal_length&quot;:&quot;30&quot;,&quot;iso&quot;:&quot;3200&quot;,&quot;shutter_speed&quot;:&quot;0.02&quot;,&quot;title&quot;:&quot;&quot;,&quot;orientation&quot;:&quot;0&quot;,&quot;alt&quot;:&quot;&quot;}\" data-image-title=\"Ateliers autres 1\" data-image-description=\"\" data-image-caption=\"\" data-large-file=\"https:\/\/www.leriredelarcenciel.fr\/Blog\/wp-content\/uploads\/2026\/08\/Ateliers-autres-1-1024x679.jpg\" src=\"https:\/\/www.leriredelarcenciel.fr\/Blog\/wp-content\/uploads\/2026\/08\/Ateliers-autres-1-1024x679.jpg\" alt=\"\" class=\"wp-image-7139\" srcset=\"https:\/\/www.leriredelarcenciel.fr\/Blog\/wp-content\/uploads\/2026\/08\/Ateliers-autres-1-1024x679.jpg 1024w, https:\/\/www.leriredelarcenciel.fr\/Blog\/wp-content\/uploads\/2026\/08\/Ateliers-autres-1-300x199.jpg 300w, https:\/\/www.leriredelarcenciel.fr\/Blog\/wp-content\/uploads\/2026\/08\/Ateliers-autres-1-768x509.jpg 768w, https:\/\/www.leriredelarcenciel.fr\/Blog\/wp-content\/uploads\/2026\/08\/Ateliers-autres-1-1536x1019.jpg 1536w, https:\/\/www.leriredelarcenciel.fr\/Blog\/wp-content\/uploads\/2026\/08\/Ateliers-autres-1-2048x1359.jpg 2048w, https:\/\/www.leriredelarcenciel.fr\/Blog\/wp-content\/uploads\/2026\/08\/Ateliers-autres-1-216x143.jpg 216w\" sizes=\"auto, (max-width: 1024px) 100vw, 1024px\" \/><figcaption class=\"wp-element-caption\"><em>Les r\u00e9alisations d&rsquo;Anna, Nesma, Gabriel, Lou\u00e9va, Rapha\u00ebl, Paola, Soline<\/em><\/figcaption><\/figure>\n\n\n\n<figure class=\"wp-block-image size-large\"><img loading=\"lazy\" decoding=\"async\" width=\"1024\" height=\"679\" data-attachment-id=\"7140\" data-permalink=\"https:\/\/www.leriredelarcenciel.fr\/Blog\/retour-sur-vos-realisations-2026\/ateliers-autres-2\/\" data-orig-file=\"https:\/\/www.leriredelarcenciel.fr\/Blog\/wp-content\/uploads\/2026\/08\/Ateliers-autres-2.jpg\" data-orig-size=\"2448,1624\" data-comments-opened=\"1\" data-image-meta=\"{&quot;aperture&quot;:&quot;22&quot;,&quot;credit&quot;:&quot;&quot;,&quot;camera&quot;:&quot;NEX-F3&quot;,&quot;caption&quot;:&quot;&quot;,&quot;created_timestamp&quot;:&quot;1784225681&quot;,&quot;copyright&quot;:&quot;&quot;,&quot;focal_length&quot;:&quot;30&quot;,&quot;iso&quot;:&quot;3200&quot;,&quot;shutter_speed&quot;:&quot;0.02&quot;,&quot;title&quot;:&quot;&quot;,&quot;orientation&quot;:&quot;0&quot;,&quot;alt&quot;:&quot;&quot;}\" data-image-title=\"Ateliers autres 2\" data-image-description=\"\" data-image-caption=\"\" data-large-file=\"https:\/\/www.leriredelarcenciel.fr\/Blog\/wp-content\/uploads\/2026\/08\/Ateliers-autres-2-1024x679.jpg\" src=\"https:\/\/www.leriredelarcenciel.fr\/Blog\/wp-content\/uploads\/2026\/08\/Ateliers-autres-2-1024x679.jpg\" alt=\"\" class=\"wp-image-7140\" srcset=\"https:\/\/www.leriredelarcenciel.fr\/Blog\/wp-content\/uploads\/2026\/08\/Ateliers-autres-2-1024x679.jpg 1024w, https:\/\/www.leriredelarcenciel.fr\/Blog\/wp-content\/uploads\/2026\/08\/Ateliers-autres-2-300x199.jpg 300w, https:\/\/www.leriredelarcenciel.fr\/Blog\/wp-content\/uploads\/2026\/08\/Ateliers-autres-2-768x509.jpg 768w, https:\/\/www.leriredelarcenciel.fr\/Blog\/wp-content\/uploads\/2026\/08\/Ateliers-autres-2-1536x1019.jpg 1536w, https:\/\/www.leriredelarcenciel.fr\/Blog\/wp-content\/uploads\/2026\/08\/Ateliers-autres-2-2048x1359.jpg 2048w, https:\/\/www.leriredelarcenciel.fr\/Blog\/wp-content\/uploads\/2026\/08\/Ateliers-autres-2-216x143.jpg 216w\" sizes=\"auto, (max-width: 1024px) 100vw, 1024px\" \/><figcaption class=\"wp-element-caption\"><em>Les r\u00e9alisations de Jade, Margot, Cassandre, Rapha\u00ebl, Lou\u00e9va<\/em><\/figcaption><\/figure>\n\n\n\n<figure class=\"wp-block-image size-large\"><img loading=\"lazy\" decoding=\"async\" width=\"962\" height=\"1024\" data-attachment-id=\"7141\" data-permalink=\"https:\/\/www.leriredelarcenciel.fr\/Blog\/retour-sur-vos-realisations-2026\/ateliers-autres-3\/\" data-orig-file=\"https:\/\/www.leriredelarcenciel.fr\/Blog\/wp-content\/uploads\/2026\/08\/Ateliers-autres-3.jpg\" data-orig-size=\"1466,1561\" data-comments-opened=\"1\" data-image-meta=\"{&quot;aperture&quot;:&quot;0&quot;,&quot;credit&quot;:&quot;&quot;,&quot;camera&quot;:&quot;&quot;,&quot;caption&quot;:&quot;&quot;,&quot;created_timestamp&quot;:&quot;0&quot;,&quot;copyright&quot;:&quot;&quot;,&quot;focal_length&quot;:&quot;0&quot;,&quot;iso&quot;:&quot;0&quot;,&quot;shutter_speed&quot;:&quot;0&quot;,&quot;title&quot;:&quot;&quot;,&quot;orientation&quot;:&quot;0&quot;,&quot;alt&quot;:&quot;&quot;}\" data-image-title=\"Ateliers autres 3\" data-image-description=\"\" data-image-caption=\"\" data-large-file=\"https:\/\/www.leriredelarcenciel.fr\/Blog\/wp-content\/uploads\/2026\/08\/Ateliers-autres-3-962x1024.jpg\" src=\"https:\/\/www.leriredelarcenciel.fr\/Blog\/wp-content\/uploads\/2026\/08\/Ateliers-autres-3-962x1024.jpg\" alt=\"\" class=\"wp-image-7141\" srcset=\"https:\/\/www.leriredelarcenciel.fr\/Blog\/wp-content\/uploads\/2026\/08\/Ateliers-autres-3-962x1024.jpg 962w, https:\/\/www.leriredelarcenciel.fr\/Blog\/wp-content\/uploads\/2026\/08\/Ateliers-autres-3-282x300.jpg 282w, https:\/\/www.leriredelarcenciel.fr\/Blog\/wp-content\/uploads\/2026\/08\/Ateliers-autres-3-768x818.jpg 768w, https:\/\/www.leriredelarcenciel.fr\/Blog\/wp-content\/uploads\/2026\/08\/Ateliers-autres-3-1443x1536.jpg 1443w, https:\/\/www.leriredelarcenciel.fr\/Blog\/wp-content\/uploads\/2026\/08\/Ateliers-autres-3-158x168.jpg 158w, https:\/\/www.leriredelarcenciel.fr\/Blog\/wp-content\/uploads\/2026\/08\/Ateliers-autres-3.jpg 1466w\" sizes=\"auto, (max-width: 962px) 100vw, 962px\" \/><figcaption class=\"wp-element-caption\"><em>Les r\u00e9alisations de Soline, Manon, Nathan<\/em><\/figcaption><\/figure>\n\n\n\n<p class=\"wp-block-paragraph\">Pour finir, vous \u00eates quelques-uns \u00e0 venir avec vos id\u00e9es et vos projets. Durant plusieurs s\u00e9ances, je vous aide \u00e0 les concr\u00e9tiser, que ce soit de la broderie ou d\u2019autres techniques. Voici quelques-unes de vos r\u00e9alisations\u00a0:<\/p>\n\n\n\n<figure class=\"wp-block-image size-full\"><img loading=\"lazy\" decoding=\"async\" width=\"983\" height=\"849\" data-attachment-id=\"7143\" data-permalink=\"https:\/\/www.leriredelarcenciel.fr\/Blog\/retour-sur-vos-realisations-2026\/ateliers-projets-2\/\" data-orig-file=\"https:\/\/www.leriredelarcenciel.fr\/Blog\/wp-content\/uploads\/2026\/08\/Ateliers-projets-1.jpg\" data-orig-size=\"983,849\" data-comments-opened=\"1\" data-image-meta=\"{&quot;aperture&quot;:&quot;0&quot;,&quot;credit&quot;:&quot;&quot;,&quot;camera&quot;:&quot;&quot;,&quot;caption&quot;:&quot;&quot;,&quot;created_timestamp&quot;:&quot;0&quot;,&quot;copyright&quot;:&quot;&quot;,&quot;focal_length&quot;:&quot;0&quot;,&quot;iso&quot;:&quot;0&quot;,&quot;shutter_speed&quot;:&quot;0&quot;,&quot;title&quot;:&quot;&quot;,&quot;orientation&quot;:&quot;0&quot;,&quot;alt&quot;:&quot;&quot;}\" data-image-title=\"Ateliers projets\" data-image-description=\"\" data-image-caption=\"\" data-large-file=\"https:\/\/www.leriredelarcenciel.fr\/Blog\/wp-content\/uploads\/2026\/08\/Ateliers-projets-1.jpg\" src=\"https:\/\/www.leriredelarcenciel.fr\/Blog\/wp-content\/uploads\/2026\/08\/Ateliers-projets-1.jpg\" alt=\"\" class=\"wp-image-7143\" srcset=\"https:\/\/www.leriredelarcenciel.fr\/Blog\/wp-content\/uploads\/2026\/08\/Ateliers-projets-1.jpg 983w, https:\/\/www.leriredelarcenciel.fr\/Blog\/wp-content\/uploads\/2026\/08\/Ateliers-projets-1-300x259.jpg 300w, https:\/\/www.leriredelarcenciel.fr\/Blog\/wp-content\/uploads\/2026\/08\/Ateliers-projets-1-768x663.jpg 768w, https:\/\/www.leriredelarcenciel.fr\/Blog\/wp-content\/uploads\/2026\/08\/Ateliers-projets-1-195x168.jpg 195w\" sizes=\"auto, (max-width: 983px) 100vw, 983px\" \/><figcaption class=\"wp-element-caption\"><em>Vos projets &#8211; Les r\u00e9alisations de Sol\u00e8ne, Marie-Fran\u00e7oise, Daphn\u00e9, Soline, Marie<\/em><\/figcaption><\/figure>\n\n\n\n<p class=\"wp-block-paragraph\">Que dire de plus\u00a0? Vous avez fait preuve de patience, de bonne humeur, de cr\u00e9ativit\u00e9 et de talent. Alors un grand bravo \u00e0 vous tous et \u00e0 bient\u00f4t\u00a0!<\/p>\n\n\n\n<p class=\"wp-block-paragraph\"><\/p>\n<a class=\"synved-social-button synved-social-button-share synved-social-size-24 synved-social-resolution-single synved-social-provider-facebook nolightbox\" data-provider=\"facebook\" target=\"_blank\" rel=\"nofollow\" title=\"Partager sur Facebook\" href=\"http:\/\/www.facebook.com\/sharer.php?u=https%3A%2F%2Fwww.leriredelarcenciel.fr%2FBlog%2Fwp-json%2Fwp%2Fv2%2Fposts%2F7131&amp;t=Retour%20sur%20vos%20r%C3%A9alisations%202026&amp;s=100&amp;p[url]=https%3A%2F%2Fwww.leriredelarcenciel.fr%2FBlog%2Fwp-json%2Fwp%2Fv2%2Fposts%2F7131&amp;p[images][0]=https%3A%2F%2Fwww.leriredelarcenciel.fr%2FBlog%2Fwp-content%2Fuploads%2F2026%2F08%2FMaelys-1-1024x945.jpg&amp;p[title]=Retour%20sur%20vos%20r%C3%A9alisations%202026\" style=\"font-size: 0px;width:24px;height:24px;margin:0;margin-bottom:10px;margin-right:10px\"><img loading=\"lazy\" decoding=\"async\" alt=\"Facebook\" title=\"Partager sur Facebook\" class=\"synved-share-image synved-social-image synved-social-image-share\" width=\"24\" height=\"24\" style=\"display: inline;width:24px;height:24px;margin: 0;padding: 0;border: none;box-shadow: none\" src=\"https:\/\/www.leriredelarcenciel.fr\/Blog\/wp-content\/plugins\/social-media-feather\/synved-social\/image\/social\/regular\/48x48\/facebook.png\" \/><\/a><a class=\"synved-social-button synved-social-button-share synved-social-size-24 synved-social-resolution-single synved-social-provider-pinterest nolightbox\" data-provider=\"pinterest\" target=\"_blank\" rel=\"nofollow\" title=\"Epingler sur Pinterest\" href=\"https:\/\/pinterest.com\/pin\/create\/button\/?url=https%3A%2F%2Fwww.leriredelarcenciel.fr%2FBlog%2Fwp-json%2Fwp%2Fv2%2Fposts%2F7131&amp;media=https%3A%2F%2Fwww.leriredelarcenciel.fr%2FBlog%2Fwp-content%2Fuploads%2F2026%2F08%2FMaelys-1-1024x945.jpg&amp;description=Retour%20sur%20vos%20r%C3%A9alisations%202026\" style=\"font-size: 0px;width:24px;height:24px;margin:0;margin-bottom:10px;margin-right:10px\"><img loading=\"lazy\" decoding=\"async\" alt=\"pinterest\" title=\"Epingler sur Pinterest\" class=\"synved-share-image synved-social-image synved-social-image-share\" width=\"24\" height=\"24\" style=\"display: inline;width:24px;height:24px;margin: 0;padding: 0;border: none;box-shadow: none\" src=\"https:\/\/www.leriredelarcenciel.fr\/Blog\/wp-content\/plugins\/social-media-feather\/synved-social\/image\/social\/regular\/48x48\/pinterest.png\" \/><\/a><a class=\"synved-social-button synved-social-button-share synved-social-size-24 synved-social-resolution-single synved-social-provider-mail nolightbox\" data-provider=\"mail\" rel=\"nofollow\" title=\"Partager par email\" href=\"mailto:?subject=Retour%20sur%20vos%20r%C3%A9alisations%202026&amp;body=Le%20rire%20de%20l%27arc-en-ciel%20:%20https%3A%2F%2Fwww.leriredelarcenciel.fr%2FBlog%2Fwp-json%2Fwp%2Fv2%2Fposts%2F7131\" style=\"font-size: 0px;width:24px;height:24px;margin:0;margin-bottom:10px;margin-right:10px\"><img loading=\"lazy\" decoding=\"async\" alt=\"mail\" title=\"Partager par email\" class=\"synved-share-image synved-social-image synved-social-image-share\" width=\"24\" height=\"24\" style=\"display: inline;width:24px;height:24px;margin: 0;padding: 0;border: none;box-shadow: none\" src=\"https:\/\/www.leriredelarcenciel.fr\/Blog\/wp-content\/plugins\/social-media-feather\/synved-social\/image\/social\/regular\/48x48\/mail.png\" \/><\/a>","protected":false},"excerpt":{"rendered":"<p>Les ateliers cr\u00e9atifs du Rire de l\u2019arc-en-ciel plaisent toujours autant. Et m\u00eame de plus en plus&nbsp;puisqu\u2019\u00e0 l\u2019heure o\u00f9 j\u2019\u00e9cris cet article (fin ao\u00fbt), le nombre d\u2019ateliers d\u00e9passe largement 2025 \u00e0 la m\u00eame date. Je vous remercie pour votre pr\u00e9sence, votre fid\u00e9lit\u00e9 et votre enthousiasme. Bien s\u00fbr, l\u2019ann\u00e9e est loin d\u2019\u00eatre termin\u00e9e et il est toujours [&hellip;]<\/p>\n","protected":false},"author":1,"featured_media":0,"comment_status":"open","ping_status":"open","sticky":false,"template":"","format":"standard","meta":{"_jetpack_newsletter_access":"","_jetpack_dont_email_post_to_subs":false,"_jetpack_newsletter_tier_id":0,"_jetpack_memberships_contains_paywalled_content":false,"_jetpack_feature_clip_id":0,"_jetpack_memberships_contains_paid_content":false,"footnotes":"","jetpack_publicize_message":"","jetpack_publicize_feature_enabled":true,"jetpack_social_post_already_shared":true,"jetpack_social_options":{"image_generator_settings":{"template":"highway","default_image_id":0,"font":"","enabled":false},"version":2},"jetpack_post_was_ever_published":false},"categories":[4],"tags":[2096,60,417,2095,26,15],"class_list":["post-7131","post","type-post","status-publish","format-standard","hentry","category-dans-un-coin-de-l-atelier","tag-activites-de-vacances","tag-ateliers-creatifs","tag-ateliers-creatifs-pleumeur-bodou","tag-ateliers-de-lete","tag-ile-grande","tag-le-rire-de-larc-en-ciel"],"jetpack_publicize_connections":[],"jetpack_featured_media_url":"","jetpack_sharing_enabled":true,"jetpack_shortlink":"https:\/\/wp.me\/p4fKpm-1R1","_links":{"self":[{"href":"https:\/\/www.leriredelarcenciel.fr\/Blog\/wp-json\/wp\/v2\/posts\/7131","targetHints":{"allow":["GET"]}}],"collection":[{"href":"https:\/\/www.leriredelarcenciel.fr\/Blog\/wp-json\/wp\/v2\/posts"}],"about":[{"href":"https:\/\/www.leriredelarcenciel.fr\/Blog\/wp-json\/wp\/v2\/types\/post"}],"author":[{"embeddable":true,"href":"https:\/\/www.leriredelarcenciel.fr\/Blog\/wp-json\/wp\/v2\/users\/1"}],"replies":[{"embeddable":true,"href":"https:\/\/www.leriredelarcenciel.fr\/Blog\/wp-json\/wp\/v2\/comments?post=7131"}],"version-history":[{"count":1,"href":"https:\/\/www.leriredelarcenciel.fr\/Blog\/wp-json\/wp\/v2\/posts\/7131\/revisions"}],"predecessor-version":[{"id":7144,"href":"https:\/\/www.leriredelarcenciel.fr\/Blog\/wp-json\/wp\/v2\/posts\/7131\/revisions\/7144"}],"wp:attachment":[{"href":"https:\/\/www.leriredelarcenciel.fr\/Blog\/wp-json\/wp\/v2\/media?parent=7131"}],"wp:term":[{"taxonomy":"category","embeddable":true,"href":"https:\/\/www.leriredelarcenciel.fr\/Blog\/wp-json\/wp\/v2\/categories?post=7131"},{"taxonomy":"post_tag","embeddable":true,"href":"https:\/\/www.leriredelarcenciel.fr\/Blog\/wp-json\/wp\/v2\/tags?post=7131"}],"curies":[{"name":"wp","href":"https:\/\/api.w.org\/{rel}","templated":true}]}}