{"id":7026,"date":"2026-04-28T16:30:29","date_gmt":"2026-04-28T15:30:29","guid":{"rendered":"https:\/\/www.leriredelarcenciel.fr\/Blog\/?p=7026"},"modified":"2026-04-28T16:32:55","modified_gmt":"2026-04-28T15:32:55","slug":"la-vie-en-rose","status":"publish","type":"post","link":"https:\/\/www.leriredelarcenciel.fr\/Blog\/la-vie-en-rose\/","title":{"rendered":"La vie en rose"},"content":{"rendered":"\n<p>Du rose clair au rose fonc\u00e9, en passant par le fuchsia ou le rose tendant vers le mauve\u2026 Il y a une multitude de roses qui pigmentent les verts printaniers de la nature. Quel r\u00e9gal\u00a0!<\/p>\n\n\n\n<figure class=\"wp-block-image size-large\"><img loading=\"lazy\" decoding=\"async\" width=\"1024\" height=\"342\" data-attachment-id=\"7027\" data-permalink=\"https:\/\/www.leriredelarcenciel.fr\/Blog\/la-vie-en-rose\/fleurs-roses\/\" data-orig-file=\"https:\/\/www.leriredelarcenciel.fr\/Blog\/wp-content\/uploads\/2026\/04\/Fleurs-roses.jpg\" data-orig-size=\"2000,667\" data-comments-opened=\"1\" data-image-meta=\"{&quot;aperture&quot;:&quot;0&quot;,&quot;credit&quot;:&quot;&quot;,&quot;camera&quot;:&quot;&quot;,&quot;caption&quot;:&quot;&quot;,&quot;created_timestamp&quot;:&quot;0&quot;,&quot;copyright&quot;:&quot;&quot;,&quot;focal_length&quot;:&quot;0&quot;,&quot;iso&quot;:&quot;0&quot;,&quot;shutter_speed&quot;:&quot;0&quot;,&quot;title&quot;:&quot;&quot;,&quot;orientation&quot;:&quot;0&quot;}\" data-image-title=\"Fleurs roses\" data-image-description=\"\" data-image-caption=\"\" data-medium-file=\"https:\/\/www.leriredelarcenciel.fr\/Blog\/wp-content\/uploads\/2026\/04\/Fleurs-roses-300x100.jpg\" data-large-file=\"https:\/\/www.leriredelarcenciel.fr\/Blog\/wp-content\/uploads\/2026\/04\/Fleurs-roses-1024x342.jpg\" src=\"https:\/\/www.leriredelarcenciel.fr\/Blog\/wp-content\/uploads\/2026\/04\/Fleurs-roses-1024x342.jpg\" alt=\"\" class=\"wp-image-7027\" srcset=\"https:\/\/www.leriredelarcenciel.fr\/Blog\/wp-content\/uploads\/2026\/04\/Fleurs-roses-1024x342.jpg 1024w, https:\/\/www.leriredelarcenciel.fr\/Blog\/wp-content\/uploads\/2026\/04\/Fleurs-roses-300x100.jpg 300w, https:\/\/www.leriredelarcenciel.fr\/Blog\/wp-content\/uploads\/2026\/04\/Fleurs-roses-768x256.jpg 768w, https:\/\/www.leriredelarcenciel.fr\/Blog\/wp-content\/uploads\/2026\/04\/Fleurs-roses-1536x512.jpg 1536w, https:\/\/www.leriredelarcenciel.fr\/Blog\/wp-content\/uploads\/2026\/04\/Fleurs-roses-216x72.jpg 216w, https:\/\/www.leriredelarcenciel.fr\/Blog\/wp-content\/uploads\/2026\/04\/Fleurs-roses.jpg 2000w\" sizes=\"auto, (max-width: 1024px) 100vw, 1024px\" \/><\/figure>\n\n\n\n<p>Ici une orchid\u00e9e, l\u00e0 une fleur de g\u00e9ranium sauvage, un peu plus loin de joyeuses fleurs d\u2019oxalis, sans oublier la fragile rose pimprenelle&#8230; A chacune de mes promenades j\u2019admire la vari\u00e9t\u00e9 de toutes ces fleurs sauvages, les nuances de leurs couleurs, la finesse de leurs p\u00e9tales, bref la beaut\u00e9 de Dame Nature. <\/p>\n\n\n\n<p>Et je m\u2019en inspire avec d\u00e9lectation. Une excellente fa\u00e7on de voir la vie en rose !<\/p>\n\n\n\n<figure class=\"wp-block-image size-large\"><img loading=\"lazy\" decoding=\"async\" width=\"1024\" height=\"453\" data-attachment-id=\"7028\" data-permalink=\"https:\/\/www.leriredelarcenciel.fr\/Blog\/la-vie-en-rose\/bijoux-et-accessoires-fleurs-roses-3\/\" data-orig-file=\"https:\/\/www.leriredelarcenciel.fr\/Blog\/wp-content\/uploads\/2026\/04\/Bijoux-et-accessoires-fleurs-roses-3-scaled.jpg\" data-orig-size=\"2560,1133\" data-comments-opened=\"1\" data-image-meta=\"{&quot;aperture&quot;:&quot;0&quot;,&quot;credit&quot;:&quot;&quot;,&quot;camera&quot;:&quot;&quot;,&quot;caption&quot;:&quot;&quot;,&quot;created_timestamp&quot;:&quot;0&quot;,&quot;copyright&quot;:&quot;&quot;,&quot;focal_length&quot;:&quot;0&quot;,&quot;iso&quot;:&quot;0&quot;,&quot;shutter_speed&quot;:&quot;0&quot;,&quot;title&quot;:&quot;&quot;,&quot;orientation&quot;:&quot;0&quot;}\" data-image-title=\"Bijoux et accessoires fleurs roses 3\" data-image-description=\"\" data-image-caption=\"\" data-medium-file=\"https:\/\/www.leriredelarcenciel.fr\/Blog\/wp-content\/uploads\/2026\/04\/Bijoux-et-accessoires-fleurs-roses-3-300x133.jpg\" data-large-file=\"https:\/\/www.leriredelarcenciel.fr\/Blog\/wp-content\/uploads\/2026\/04\/Bijoux-et-accessoires-fleurs-roses-3-1024x453.jpg\" src=\"https:\/\/www.leriredelarcenciel.fr\/Blog\/wp-content\/uploads\/2026\/04\/Bijoux-et-accessoires-fleurs-roses-3-1024x453.jpg\" alt=\"\" class=\"wp-image-7028\" srcset=\"https:\/\/www.leriredelarcenciel.fr\/Blog\/wp-content\/uploads\/2026\/04\/Bijoux-et-accessoires-fleurs-roses-3-1024x453.jpg 1024w, https:\/\/www.leriredelarcenciel.fr\/Blog\/wp-content\/uploads\/2026\/04\/Bijoux-et-accessoires-fleurs-roses-3-300x133.jpg 300w, https:\/\/www.leriredelarcenciel.fr\/Blog\/wp-content\/uploads\/2026\/04\/Bijoux-et-accessoires-fleurs-roses-3-768x340.jpg 768w, https:\/\/www.leriredelarcenciel.fr\/Blog\/wp-content\/uploads\/2026\/04\/Bijoux-et-accessoires-fleurs-roses-3-1536x680.jpg 1536w, https:\/\/www.leriredelarcenciel.fr\/Blog\/wp-content\/uploads\/2026\/04\/Bijoux-et-accessoires-fleurs-roses-3-2048x907.jpg 2048w, https:\/\/www.leriredelarcenciel.fr\/Blog\/wp-content\/uploads\/2026\/04\/Bijoux-et-accessoires-fleurs-roses-3-216x96.jpg 216w\" sizes=\"auto, (max-width: 1024px) 100vw, 1024px\" \/><\/figure>\n\n\n\n<figure class=\"wp-block-image size-large\"><img loading=\"lazy\" decoding=\"async\" width=\"1024\" height=\"453\" data-attachment-id=\"7029\" data-permalink=\"https:\/\/www.leriredelarcenciel.fr\/Blog\/la-vie-en-rose\/decoration-fleurs-roses-2\/\" data-orig-file=\"https:\/\/www.leriredelarcenciel.fr\/Blog\/wp-content\/uploads\/2026\/04\/Decoration-fleurs-roses-2-scaled.jpg\" data-orig-size=\"2560,1133\" data-comments-opened=\"1\" data-image-meta=\"{&quot;aperture&quot;:&quot;0&quot;,&quot;credit&quot;:&quot;&quot;,&quot;camera&quot;:&quot;&quot;,&quot;caption&quot;:&quot;&quot;,&quot;created_timestamp&quot;:&quot;0&quot;,&quot;copyright&quot;:&quot;&quot;,&quot;focal_length&quot;:&quot;0&quot;,&quot;iso&quot;:&quot;0&quot;,&quot;shutter_speed&quot;:&quot;0&quot;,&quot;title&quot;:&quot;&quot;,&quot;orientation&quot;:&quot;0&quot;}\" data-image-title=\"D\u00e9coration fleurs roses 2\" data-image-description=\"\" data-image-caption=\"\" data-medium-file=\"https:\/\/www.leriredelarcenciel.fr\/Blog\/wp-content\/uploads\/2026\/04\/Decoration-fleurs-roses-2-300x133.jpg\" data-large-file=\"https:\/\/www.leriredelarcenciel.fr\/Blog\/wp-content\/uploads\/2026\/04\/Decoration-fleurs-roses-2-1024x453.jpg\" src=\"https:\/\/www.leriredelarcenciel.fr\/Blog\/wp-content\/uploads\/2026\/04\/Decoration-fleurs-roses-2-1024x453.jpg\" alt=\"\" class=\"wp-image-7029\" srcset=\"https:\/\/www.leriredelarcenciel.fr\/Blog\/wp-content\/uploads\/2026\/04\/Decoration-fleurs-roses-2-1024x453.jpg 1024w, https:\/\/www.leriredelarcenciel.fr\/Blog\/wp-content\/uploads\/2026\/04\/Decoration-fleurs-roses-2-300x133.jpg 300w, https:\/\/www.leriredelarcenciel.fr\/Blog\/wp-content\/uploads\/2026\/04\/Decoration-fleurs-roses-2-768x340.jpg 768w, https:\/\/www.leriredelarcenciel.fr\/Blog\/wp-content\/uploads\/2026\/04\/Decoration-fleurs-roses-2-1536x680.jpg 1536w, https:\/\/www.leriredelarcenciel.fr\/Blog\/wp-content\/uploads\/2026\/04\/Decoration-fleurs-roses-2-2048x907.jpg 2048w, https:\/\/www.leriredelarcenciel.fr\/Blog\/wp-content\/uploads\/2026\/04\/Decoration-fleurs-roses-2-216x96.jpg 216w\" sizes=\"auto, (max-width: 1024px) 100vw, 1024px\" \/><\/figure>\n<a class=\"synved-social-button synved-social-button-share synved-social-size-24 synved-social-resolution-single synved-social-provider-facebook nolightbox\" data-provider=\"facebook\" target=\"_blank\" rel=\"nofollow\" title=\"Partager sur Facebook\" href=\"http:\/\/www.facebook.com\/sharer.php?u=https%3A%2F%2Fwww.leriredelarcenciel.fr%2FBlog%2Fwp-json%2Fwp%2Fv2%2Fposts%2F7026&#038;t=La%20vie%20en%20rose&#038;s=100&#038;p&#091;url&#093;=https%3A%2F%2Fwww.leriredelarcenciel.fr%2FBlog%2Fwp-json%2Fwp%2Fv2%2Fposts%2F7026&#038;p&#091;images&#093;&#091;0&#093;=https%3A%2F%2Fwww.leriredelarcenciel.fr%2FBlog%2Fwp-content%2Fuploads%2F2026%2F04%2FFleurs-roses-1024x342.jpg&#038;p&#091;title&#093;=La%20vie%20en%20rose\" style=\"font-size: 0px;width:24px;height:24px;margin:0;margin-bottom:10px;margin-right:10px\"><img loading=\"lazy\" decoding=\"async\" alt=\"Facebook\" title=\"Partager sur Facebook\" class=\"synved-share-image synved-social-image synved-social-image-share\" width=\"24\" height=\"24\" style=\"display: inline;width:24px;height:24px;margin: 0;padding: 0;border: none;box-shadow: none\" src=\"https:\/\/www.leriredelarcenciel.fr\/Blog\/wp-content\/plugins\/social-media-feather\/synved-social\/image\/social\/regular\/48x48\/facebook.png\" \/><\/a><a class=\"synved-social-button synved-social-button-share synved-social-size-24 synved-social-resolution-single synved-social-provider-pinterest nolightbox\" data-provider=\"pinterest\" target=\"_blank\" rel=\"nofollow\" title=\"Epingler sur Pinterest\" href=\"https:\/\/pinterest.com\/pin\/create\/button\/?url=https%3A%2F%2Fwww.leriredelarcenciel.fr%2FBlog%2Fwp-json%2Fwp%2Fv2%2Fposts%2F7026&#038;media=https%3A%2F%2Fwww.leriredelarcenciel.fr%2FBlog%2Fwp-content%2Fuploads%2F2026%2F04%2FFleurs-roses-1024x342.jpg&#038;description=La%20vie%20en%20rose\" style=\"font-size: 0px;width:24px;height:24px;margin:0;margin-bottom:10px;margin-right:10px\"><img loading=\"lazy\" decoding=\"async\" alt=\"pinterest\" title=\"Epingler sur Pinterest\" class=\"synved-share-image synved-social-image synved-social-image-share\" width=\"24\" height=\"24\" style=\"display: inline;width:24px;height:24px;margin: 0;padding: 0;border: none;box-shadow: none\" src=\"https:\/\/www.leriredelarcenciel.fr\/Blog\/wp-content\/plugins\/social-media-feather\/synved-social\/image\/social\/regular\/48x48\/pinterest.png\" \/><\/a><a class=\"synved-social-button synved-social-button-share synved-social-size-24 synved-social-resolution-single synved-social-provider-mail nolightbox\" data-provider=\"mail\" rel=\"nofollow\" title=\"Partager par email\" href=\"mailto:?subject=La%20vie%20en%20rose&#038;body=Le%20rire%20de%20l%27arc-en-ciel%20:%20https%3A%2F%2Fwww.leriredelarcenciel.fr%2FBlog%2Fwp-json%2Fwp%2Fv2%2Fposts%2F7026\" style=\"font-size: 0px;width:24px;height:24px;margin:0;margin-bottom:10px;margin-right:10px\"><img loading=\"lazy\" decoding=\"async\" alt=\"mail\" title=\"Partager par email\" class=\"synved-share-image synved-social-image synved-social-image-share\" width=\"24\" height=\"24\" style=\"display: inline;width:24px;height:24px;margin: 0;padding: 0;border: none;box-shadow: none\" src=\"https:\/\/www.leriredelarcenciel.fr\/Blog\/wp-content\/plugins\/social-media-feather\/synved-social\/image\/social\/regular\/48x48\/mail.png\" \/><\/a>","protected":false},"excerpt":{"rendered":"<p>Du rose clair au rose fonc\u00e9, en passant par le fuchsia ou le rose tendant vers le mauve\u2026 Il y a une multitude de roses qui pigmentent les verts printaniers de la nature. Quel r\u00e9gal\u00a0! Ici une orchid\u00e9e, l\u00e0 une fleur de g\u00e9ranium sauvage, un peu plus loin de joyeuses fleurs d\u2019oxalis, sans oublier la [&hellip;]<\/p>\n","protected":false},"author":1,"featured_media":0,"comment_status":"open","ping_status":"open","sticky":false,"template":"","format":"standard","meta":{"jetpack_post_was_ever_published":false,"_jetpack_newsletter_access":"","_jetpack_dont_email_post_to_subs":false,"_jetpack_newsletter_tier_id":0,"_jetpack_memberships_contains_paywalled_content":false,"_jetpack_memberships_contains_paid_content":false,"footnotes":"","jetpack_publicize_message":"","jetpack_publicize_feature_enabled":true,"jetpack_social_post_already_shared":true,"jetpack_social_options":{"image_generator_settings":{"template":"highway","default_image_id":0,"font":"","enabled":false},"version":2}},"categories":[13,4],"tags":[],"class_list":["post-7026","post","type-post","status-publish","format-standard","hentry","category-bons-baisers-de-l-ile-grande","category-dans-un-coin-de-l-atelier"],"jetpack_publicize_connections":[],"jetpack_featured_media_url":"","jetpack_sharing_enabled":true,"jetpack_shortlink":"https:\/\/wp.me\/p4fKpm-1Pk","_links":{"self":[{"href":"https:\/\/www.leriredelarcenciel.fr\/Blog\/wp-json\/wp\/v2\/posts\/7026","targetHints":{"allow":["GET"]}}],"collection":[{"href":"https:\/\/www.leriredelarcenciel.fr\/Blog\/wp-json\/wp\/v2\/posts"}],"about":[{"href":"https:\/\/www.leriredelarcenciel.fr\/Blog\/wp-json\/wp\/v2\/types\/post"}],"author":[{"embeddable":true,"href":"https:\/\/www.leriredelarcenciel.fr\/Blog\/wp-json\/wp\/v2\/users\/1"}],"replies":[{"embeddable":true,"href":"https:\/\/www.leriredelarcenciel.fr\/Blog\/wp-json\/wp\/v2\/comments?post=7026"}],"version-history":[{"count":3,"href":"https:\/\/www.leriredelarcenciel.fr\/Blog\/wp-json\/wp\/v2\/posts\/7026\/revisions"}],"predecessor-version":[{"id":7032,"href":"https:\/\/www.leriredelarcenciel.fr\/Blog\/wp-json\/wp\/v2\/posts\/7026\/revisions\/7032"}],"wp:attachment":[{"href":"https:\/\/www.leriredelarcenciel.fr\/Blog\/wp-json\/wp\/v2\/media?parent=7026"}],"wp:term":[{"taxonomy":"category","embeddable":true,"href":"https:\/\/www.leriredelarcenciel.fr\/Blog\/wp-json\/wp\/v2\/categories?post=7026"},{"taxonomy":"post_tag","embeddable":true,"href":"https:\/\/www.leriredelarcenciel.fr\/Blog\/wp-json\/wp\/v2\/tags?post=7026"}],"curies":[{"name":"wp","href":"https:\/\/api.w.org\/{rel}","templated":true}]}}