{"id":6989,"date":"2026-01-28T17:31:14","date_gmt":"2026-01-28T16:31:14","guid":{"rendered":"https:\/\/www.leriredelarcenciel.fr\/Blog\/?p=6989"},"modified":"2026-01-28T17:31:20","modified_gmt":"2026-01-28T16:31:20","slug":"les-propositions-dateliers-pour-2026","status":"publish","type":"post","link":"https:\/\/www.leriredelarcenciel.fr\/Blog\/les-propositions-dateliers-pour-2026\/","title":{"rendered":"Les propositions d\u2019ateliers pour 2026"},"content":{"rendered":"\n<p>Le mois de janvier sonne l\u2019arriv\u00e9e des ateliers cr\u00e9atifs auxquels je vous propose de participer au Rire de l&rsquo;arc-en-ciel \u00e0 l&rsquo;\u00cele Grande tout au long de cette nouvelle ann\u00e9e. Comme chaque ann\u00e9e, j\u2019ai pr\u00e9par\u00e9 4 nouveaut\u00e9s que voici :<\/p>\n\n\n\n<ul class=\"wp-block-list\">\n<li><strong>Le magnet paysage<\/strong> qui pourra venir d\u00e9corer votre r\u00e9frig\u00e9rateur.<\/li>\n<\/ul>\n\n\n\n<figure class=\"wp-block-image size-large\"><img loading=\"lazy\" decoding=\"async\" width=\"1024\" height=\"681\" data-attachment-id=\"6991\" data-permalink=\"https:\/\/www.leriredelarcenciel.fr\/Blog\/les-propositions-dateliers-pour-2026\/magnet-paysage-2\/\" data-orig-file=\"https:\/\/www.leriredelarcenciel.fr\/Blog\/wp-content\/uploads\/2026\/01\/Magnet-paysage-1.jpg\" data-orig-size=\"2448,1627\" data-comments-opened=\"1\" data-image-meta=\"{&quot;aperture&quot;:&quot;22&quot;,&quot;credit&quot;:&quot;&quot;,&quot;camera&quot;:&quot;NEX-F3&quot;,&quot;caption&quot;:&quot;&quot;,&quot;created_timestamp&quot;:&quot;1769017572&quot;,&quot;copyright&quot;:&quot;&quot;,&quot;focal_length&quot;:&quot;30&quot;,&quot;iso&quot;:&quot;3200&quot;,&quot;shutter_speed&quot;:&quot;0.04&quot;,&quot;title&quot;:&quot;&quot;,&quot;orientation&quot;:&quot;0&quot;}\" data-image-title=\"Magnet paysage\" data-image-description=\"\" data-image-caption=\"\" data-medium-file=\"https:\/\/www.leriredelarcenciel.fr\/Blog\/wp-content\/uploads\/2026\/01\/Magnet-paysage-1-300x199.jpg\" data-large-file=\"https:\/\/www.leriredelarcenciel.fr\/Blog\/wp-content\/uploads\/2026\/01\/Magnet-paysage-1-1024x681.jpg\" src=\"https:\/\/www.leriredelarcenciel.fr\/Blog\/wp-content\/uploads\/2026\/01\/Magnet-paysage-1-1024x681.jpg\" alt=\"\" class=\"wp-image-6991\" srcset=\"https:\/\/www.leriredelarcenciel.fr\/Blog\/wp-content\/uploads\/2026\/01\/Magnet-paysage-1-1024x681.jpg 1024w, https:\/\/www.leriredelarcenciel.fr\/Blog\/wp-content\/uploads\/2026\/01\/Magnet-paysage-1-300x199.jpg 300w, https:\/\/www.leriredelarcenciel.fr\/Blog\/wp-content\/uploads\/2026\/01\/Magnet-paysage-1-768x510.jpg 768w, https:\/\/www.leriredelarcenciel.fr\/Blog\/wp-content\/uploads\/2026\/01\/Magnet-paysage-1-1536x1021.jpg 1536w, https:\/\/www.leriredelarcenciel.fr\/Blog\/wp-content\/uploads\/2026\/01\/Magnet-paysage-1-2048x1361.jpg 2048w, https:\/\/www.leriredelarcenciel.fr\/Blog\/wp-content\/uploads\/2026\/01\/Magnet-paysage-1-216x144.jpg 216w\" sizes=\"auto, (max-width: 1024px) 100vw, 1024px\" \/><\/figure>\n\n\n\n<ul class=\"wp-block-list\">\n<li><strong>Le porte photo <\/strong>o\u00f9 vous pourrez ajouter le portrait de vos enfants ou un souvenir de vos derni\u00e8res vacances en Bretagne\u00a0!<\/li>\n<\/ul>\n\n\n\n<figure class=\"wp-block-image size-large\"><img loading=\"lazy\" decoding=\"async\" width=\"1024\" height=\"681\" data-attachment-id=\"6992\" data-permalink=\"https:\/\/www.leriredelarcenciel.fr\/Blog\/les-propositions-dateliers-pour-2026\/porte-photo\/\" data-orig-file=\"https:\/\/www.leriredelarcenciel.fr\/Blog\/wp-content\/uploads\/2026\/01\/Porte-photo.jpg\" data-orig-size=\"2448,1627\" data-comments-opened=\"1\" data-image-meta=\"{&quot;aperture&quot;:&quot;22&quot;,&quot;credit&quot;:&quot;&quot;,&quot;camera&quot;:&quot;NEX-F3&quot;,&quot;caption&quot;:&quot;&quot;,&quot;created_timestamp&quot;:&quot;1769017533&quot;,&quot;copyright&quot;:&quot;&quot;,&quot;focal_length&quot;:&quot;30&quot;,&quot;iso&quot;:&quot;3200&quot;,&quot;shutter_speed&quot;:&quot;0.04&quot;,&quot;title&quot;:&quot;&quot;,&quot;orientation&quot;:&quot;0&quot;}\" data-image-title=\"Porte photo\" data-image-description=\"\" data-image-caption=\"\" data-medium-file=\"https:\/\/www.leriredelarcenciel.fr\/Blog\/wp-content\/uploads\/2026\/01\/Porte-photo-300x199.jpg\" data-large-file=\"https:\/\/www.leriredelarcenciel.fr\/Blog\/wp-content\/uploads\/2026\/01\/Porte-photo-1024x681.jpg\" src=\"https:\/\/www.leriredelarcenciel.fr\/Blog\/wp-content\/uploads\/2026\/01\/Porte-photo-1024x681.jpg\" alt=\"\" class=\"wp-image-6992\" srcset=\"https:\/\/www.leriredelarcenciel.fr\/Blog\/wp-content\/uploads\/2026\/01\/Porte-photo-1024x681.jpg 1024w, https:\/\/www.leriredelarcenciel.fr\/Blog\/wp-content\/uploads\/2026\/01\/Porte-photo-300x199.jpg 300w, https:\/\/www.leriredelarcenciel.fr\/Blog\/wp-content\/uploads\/2026\/01\/Porte-photo-768x510.jpg 768w, https:\/\/www.leriredelarcenciel.fr\/Blog\/wp-content\/uploads\/2026\/01\/Porte-photo-1536x1021.jpg 1536w, https:\/\/www.leriredelarcenciel.fr\/Blog\/wp-content\/uploads\/2026\/01\/Porte-photo-2048x1361.jpg 2048w, https:\/\/www.leriredelarcenciel.fr\/Blog\/wp-content\/uploads\/2026\/01\/Porte-photo-216x144.jpg 216w\" sizes=\"auto, (max-width: 1024px) 100vw, 1024px\" \/><\/figure>\n\n\n\n<ul class=\"wp-block-list\">\n<li><strong>La broderie sur papier<\/strong>, dans un style totalement diff\u00e9rent de ce que je vous ai propos\u00e9 les ann\u00e9es pr\u00e9c\u00e9dentes. 2 versions \u00e0 r\u00e9aliser en 1 ou 2 s\u00e9ances.<\/li>\n<\/ul>\n\n\n\n<figure class=\"wp-block-image size-large\"><img loading=\"lazy\" decoding=\"async\" width=\"1024\" height=\"681\" data-attachment-id=\"6993\" data-permalink=\"https:\/\/www.leriredelarcenciel.fr\/Blog\/les-propositions-dateliers-pour-2026\/broderie-sur-papier-motifs-decoupes\/\" data-orig-file=\"https:\/\/www.leriredelarcenciel.fr\/Blog\/wp-content\/uploads\/2026\/01\/Broderie-sur-papier-Motifs-decoupes.jpg\" data-orig-size=\"2448,1627\" data-comments-opened=\"1\" data-image-meta=\"{&quot;aperture&quot;:&quot;22&quot;,&quot;credit&quot;:&quot;&quot;,&quot;camera&quot;:&quot;NEX-F3&quot;,&quot;caption&quot;:&quot;&quot;,&quot;created_timestamp&quot;:&quot;1769017650&quot;,&quot;copyright&quot;:&quot;&quot;,&quot;focal_length&quot;:&quot;30&quot;,&quot;iso&quot;:&quot;3200&quot;,&quot;shutter_speed&quot;:&quot;0.04&quot;,&quot;title&quot;:&quot;&quot;,&quot;orientation&quot;:&quot;0&quot;}\" data-image-title=\"Broderie sur papier &amp;#8211; Motifs d\u00e9coup\u00e9s\" data-image-description=\"\" data-image-caption=\"\" data-medium-file=\"https:\/\/www.leriredelarcenciel.fr\/Blog\/wp-content\/uploads\/2026\/01\/Broderie-sur-papier-Motifs-decoupes-300x199.jpg\" data-large-file=\"https:\/\/www.leriredelarcenciel.fr\/Blog\/wp-content\/uploads\/2026\/01\/Broderie-sur-papier-Motifs-decoupes-1024x681.jpg\" src=\"https:\/\/www.leriredelarcenciel.fr\/Blog\/wp-content\/uploads\/2026\/01\/Broderie-sur-papier-Motifs-decoupes-1024x681.jpg\" alt=\"\" class=\"wp-image-6993\" srcset=\"https:\/\/www.leriredelarcenciel.fr\/Blog\/wp-content\/uploads\/2026\/01\/Broderie-sur-papier-Motifs-decoupes-1024x681.jpg 1024w, https:\/\/www.leriredelarcenciel.fr\/Blog\/wp-content\/uploads\/2026\/01\/Broderie-sur-papier-Motifs-decoupes-300x199.jpg 300w, https:\/\/www.leriredelarcenciel.fr\/Blog\/wp-content\/uploads\/2026\/01\/Broderie-sur-papier-Motifs-decoupes-768x510.jpg 768w, https:\/\/www.leriredelarcenciel.fr\/Blog\/wp-content\/uploads\/2026\/01\/Broderie-sur-papier-Motifs-decoupes-1536x1021.jpg 1536w, https:\/\/www.leriredelarcenciel.fr\/Blog\/wp-content\/uploads\/2026\/01\/Broderie-sur-papier-Motifs-decoupes-2048x1361.jpg 2048w, https:\/\/www.leriredelarcenciel.fr\/Blog\/wp-content\/uploads\/2026\/01\/Broderie-sur-papier-Motifs-decoupes-216x144.jpg 216w\" sizes=\"auto, (max-width: 1024px) 100vw, 1024px\" \/><\/figure>\n\n\n\n<figure class=\"wp-block-image size-large\"><img loading=\"lazy\" decoding=\"async\" width=\"1024\" height=\"681\" data-attachment-id=\"6994\" data-permalink=\"https:\/\/www.leriredelarcenciel.fr\/Blog\/les-propositions-dateliers-pour-2026\/broderie-sur-papier-motifs-decoupes-special-2-seances\/\" data-orig-file=\"https:\/\/www.leriredelarcenciel.fr\/Blog\/wp-content\/uploads\/2026\/01\/Broderie-sur-papier-Motifs-decoupes-Special-2-seances.jpg\" data-orig-size=\"2448,1627\" data-comments-opened=\"1\" data-image-meta=\"{&quot;aperture&quot;:&quot;22&quot;,&quot;credit&quot;:&quot;&quot;,&quot;camera&quot;:&quot;NEX-F3&quot;,&quot;caption&quot;:&quot;&quot;,&quot;created_timestamp&quot;:&quot;1769017776&quot;,&quot;copyright&quot;:&quot;&quot;,&quot;focal_length&quot;:&quot;30&quot;,&quot;iso&quot;:&quot;3200&quot;,&quot;shutter_speed&quot;:&quot;0.076923076923077&quot;,&quot;title&quot;:&quot;&quot;,&quot;orientation&quot;:&quot;0&quot;}\" data-image-title=\"Broderie sur papier &amp;#8211; Motifs d\u00e9coup\u00e9s &amp;#8211; Sp\u00e9cial 2 s\u00e9ances\" data-image-description=\"\" data-image-caption=\"\" data-medium-file=\"https:\/\/www.leriredelarcenciel.fr\/Blog\/wp-content\/uploads\/2026\/01\/Broderie-sur-papier-Motifs-decoupes-Special-2-seances-300x199.jpg\" data-large-file=\"https:\/\/www.leriredelarcenciel.fr\/Blog\/wp-content\/uploads\/2026\/01\/Broderie-sur-papier-Motifs-decoupes-Special-2-seances-1024x681.jpg\" src=\"https:\/\/www.leriredelarcenciel.fr\/Blog\/wp-content\/uploads\/2026\/01\/Broderie-sur-papier-Motifs-decoupes-Special-2-seances-1024x681.jpg\" alt=\"\" class=\"wp-image-6994\" srcset=\"https:\/\/www.leriredelarcenciel.fr\/Blog\/wp-content\/uploads\/2026\/01\/Broderie-sur-papier-Motifs-decoupes-Special-2-seances-1024x681.jpg 1024w, https:\/\/www.leriredelarcenciel.fr\/Blog\/wp-content\/uploads\/2026\/01\/Broderie-sur-papier-Motifs-decoupes-Special-2-seances-300x199.jpg 300w, https:\/\/www.leriredelarcenciel.fr\/Blog\/wp-content\/uploads\/2026\/01\/Broderie-sur-papier-Motifs-decoupes-Special-2-seances-768x510.jpg 768w, https:\/\/www.leriredelarcenciel.fr\/Blog\/wp-content\/uploads\/2026\/01\/Broderie-sur-papier-Motifs-decoupes-Special-2-seances-1536x1021.jpg 1536w, https:\/\/www.leriredelarcenciel.fr\/Blog\/wp-content\/uploads\/2026\/01\/Broderie-sur-papier-Motifs-decoupes-Special-2-seances-2048x1361.jpg 2048w, https:\/\/www.leriredelarcenciel.fr\/Blog\/wp-content\/uploads\/2026\/01\/Broderie-sur-papier-Motifs-decoupes-Special-2-seances-216x144.jpg 216w\" sizes=\"auto, (max-width: 1024px) 100vw, 1024px\" \/><\/figure>\n\n\n\n<ul class=\"wp-block-list\">\n<li><strong>La poup\u00e9e<\/strong> pour amuser les petits\u2026 et pourquoi pas les grands\u00a0?<\/li>\n<\/ul>\n\n\n\n<figure class=\"wp-block-image size-large\"><img loading=\"lazy\" decoding=\"async\" width=\"1024\" height=\"681\" data-attachment-id=\"6995\" data-permalink=\"https:\/\/www.leriredelarcenciel.fr\/Blog\/les-propositions-dateliers-pour-2026\/poupee\/\" data-orig-file=\"https:\/\/www.leriredelarcenciel.fr\/Blog\/wp-content\/uploads\/2026\/01\/Poupee.jpg\" data-orig-size=\"2448,1627\" data-comments-opened=\"1\" data-image-meta=\"{&quot;aperture&quot;:&quot;22&quot;,&quot;credit&quot;:&quot;&quot;,&quot;camera&quot;:&quot;NEX-F3&quot;,&quot;caption&quot;:&quot;&quot;,&quot;created_timestamp&quot;:&quot;1769017602&quot;,&quot;copyright&quot;:&quot;&quot;,&quot;focal_length&quot;:&quot;30&quot;,&quot;iso&quot;:&quot;3200&quot;,&quot;shutter_speed&quot;:&quot;0.04&quot;,&quot;title&quot;:&quot;&quot;,&quot;orientation&quot;:&quot;0&quot;}\" data-image-title=\"Poup\u00e9e\" data-image-description=\"\" data-image-caption=\"\" data-medium-file=\"https:\/\/www.leriredelarcenciel.fr\/Blog\/wp-content\/uploads\/2026\/01\/Poupee-300x199.jpg\" data-large-file=\"https:\/\/www.leriredelarcenciel.fr\/Blog\/wp-content\/uploads\/2026\/01\/Poupee-1024x681.jpg\" src=\"https:\/\/www.leriredelarcenciel.fr\/Blog\/wp-content\/uploads\/2026\/01\/Poupee-1024x681.jpg\" alt=\"\" class=\"wp-image-6995\" srcset=\"https:\/\/www.leriredelarcenciel.fr\/Blog\/wp-content\/uploads\/2026\/01\/Poupee-1024x681.jpg 1024w, https:\/\/www.leriredelarcenciel.fr\/Blog\/wp-content\/uploads\/2026\/01\/Poupee-300x199.jpg 300w, https:\/\/www.leriredelarcenciel.fr\/Blog\/wp-content\/uploads\/2026\/01\/Poupee-768x510.jpg 768w, https:\/\/www.leriredelarcenciel.fr\/Blog\/wp-content\/uploads\/2026\/01\/Poupee-1536x1021.jpg 1536w, https:\/\/www.leriredelarcenciel.fr\/Blog\/wp-content\/uploads\/2026\/01\/Poupee-2048x1361.jpg 2048w, https:\/\/www.leriredelarcenciel.fr\/Blog\/wp-content\/uploads\/2026\/01\/Poupee-216x144.jpg 216w\" sizes=\"auto, (max-width: 1024px) 100vw, 1024px\" \/><\/figure>\n\n\n\n<p>Et voici \u00e9galement les 4 ateliers qui ont eu le plus de succ\u00e8s l\u2019ann\u00e9e derni\u00e8re et qui s&rsquo;ajoutent aux nouveaut\u00e9s 2026 :<\/p>\n\n\n\n<ul class=\"wp-block-list\">\n<li><strong>L\u2019at\u00e9bas ou le bracelet<\/strong>\u00a0: fid\u00e8les au poste depuis le d\u00e9but des ateliers cr\u00e9atifs\u00a0! Ils se r\u00e9alisent avec une technique de wrap. On peut y ajouter \u00e0 sa guise une perle ou un coquillage.<\/li>\n<\/ul>\n\n\n\n<figure class=\"wp-block-image size-large\"><img loading=\"lazy\" decoding=\"async\" width=\"1024\" height=\"680\" data-attachment-id=\"6996\" data-permalink=\"https:\/\/www.leriredelarcenciel.fr\/Blog\/les-propositions-dateliers-pour-2026\/atelier-atebas-et-bracelet-5\/\" data-orig-file=\"https:\/\/www.leriredelarcenciel.fr\/Blog\/wp-content\/uploads\/2026\/01\/Atelier-atebas-et-bracelet-scaled.jpg\" data-orig-size=\"2560,1701\" data-comments-opened=\"1\" data-image-meta=\"{&quot;aperture&quot;:&quot;22&quot;,&quot;credit&quot;:&quot;&quot;,&quot;camera&quot;:&quot;NEX-F3&quot;,&quot;caption&quot;:&quot;&quot;,&quot;created_timestamp&quot;:&quot;1642090673&quot;,&quot;copyright&quot;:&quot;&quot;,&quot;focal_length&quot;:&quot;30&quot;,&quot;iso&quot;:&quot;2000&quot;,&quot;shutter_speed&quot;:&quot;0.016666666666667&quot;,&quot;title&quot;:&quot;&quot;,&quot;orientation&quot;:&quot;0&quot;}\" data-image-title=\"Atelier at\u00e9bas et bracelet\" data-image-description=\"\" data-image-caption=\"\" data-medium-file=\"https:\/\/www.leriredelarcenciel.fr\/Blog\/wp-content\/uploads\/2026\/01\/Atelier-atebas-et-bracelet-300x199.jpg\" data-large-file=\"https:\/\/www.leriredelarcenciel.fr\/Blog\/wp-content\/uploads\/2026\/01\/Atelier-atebas-et-bracelet-1024x680.jpg\" src=\"https:\/\/www.leriredelarcenciel.fr\/Blog\/wp-content\/uploads\/2026\/01\/Atelier-atebas-et-bracelet-1024x680.jpg\" alt=\"\" class=\"wp-image-6996\" srcset=\"https:\/\/www.leriredelarcenciel.fr\/Blog\/wp-content\/uploads\/2026\/01\/Atelier-atebas-et-bracelet-1024x680.jpg 1024w, https:\/\/www.leriredelarcenciel.fr\/Blog\/wp-content\/uploads\/2026\/01\/Atelier-atebas-et-bracelet-300x199.jpg 300w, https:\/\/www.leriredelarcenciel.fr\/Blog\/wp-content\/uploads\/2026\/01\/Atelier-atebas-et-bracelet-768x510.jpg 768w, https:\/\/www.leriredelarcenciel.fr\/Blog\/wp-content\/uploads\/2026\/01\/Atelier-atebas-et-bracelet-1536x1021.jpg 1536w, https:\/\/www.leriredelarcenciel.fr\/Blog\/wp-content\/uploads\/2026\/01\/Atelier-atebas-et-bracelet-2048x1361.jpg 2048w, https:\/\/www.leriredelarcenciel.fr\/Blog\/wp-content\/uploads\/2026\/01\/Atelier-atebas-et-bracelet-216x144.jpg 216w\" sizes=\"auto, (max-width: 1024px) 100vw, 1024px\" \/><\/figure>\n\n\n\n<ul class=\"wp-block-list\">\n<li><strong>Le mobile yoyos<\/strong>\u00a0: \u00e0 vous de choisir sa taille, sa couleur, sa composition\u2026 Un mobile tout en l\u00e9g\u00e8ret\u00e9 \u00e0 r\u00e9aliser avec un anneau, du tissu et des perles.<\/li>\n<\/ul>\n\n\n\n<figure class=\"wp-block-image size-large\"><img loading=\"lazy\" decoding=\"async\" width=\"1024\" height=\"680\" data-attachment-id=\"6997\" data-permalink=\"https:\/\/www.leriredelarcenciel.fr\/Blog\/les-propositions-dateliers-pour-2026\/mobile-yoyos-4\/\" data-orig-file=\"https:\/\/www.leriredelarcenciel.fr\/Blog\/wp-content\/uploads\/2026\/01\/Mobile-yoyos-scaled.jpg\" data-orig-size=\"2560,1701\" data-comments-opened=\"1\" data-image-meta=\"{&quot;aperture&quot;:&quot;22&quot;,&quot;credit&quot;:&quot;&quot;,&quot;camera&quot;:&quot;NEX-F3&quot;,&quot;caption&quot;:&quot;&quot;,&quot;created_timestamp&quot;:&quot;1673887841&quot;,&quot;copyright&quot;:&quot;&quot;,&quot;focal_length&quot;:&quot;30&quot;,&quot;iso&quot;:&quot;1250&quot;,&quot;shutter_speed&quot;:&quot;0.016666666666667&quot;,&quot;title&quot;:&quot;&quot;,&quot;orientation&quot;:&quot;0&quot;}\" data-image-title=\"Mobile yoyos\" data-image-description=\"\" data-image-caption=\"\" data-medium-file=\"https:\/\/www.leriredelarcenciel.fr\/Blog\/wp-content\/uploads\/2026\/01\/Mobile-yoyos-300x199.jpg\" data-large-file=\"https:\/\/www.leriredelarcenciel.fr\/Blog\/wp-content\/uploads\/2026\/01\/Mobile-yoyos-1024x680.jpg\" src=\"https:\/\/www.leriredelarcenciel.fr\/Blog\/wp-content\/uploads\/2026\/01\/Mobile-yoyos-1024x680.jpg\" alt=\"\" class=\"wp-image-6997\" srcset=\"https:\/\/www.leriredelarcenciel.fr\/Blog\/wp-content\/uploads\/2026\/01\/Mobile-yoyos-1024x680.jpg 1024w, https:\/\/www.leriredelarcenciel.fr\/Blog\/wp-content\/uploads\/2026\/01\/Mobile-yoyos-300x199.jpg 300w, https:\/\/www.leriredelarcenciel.fr\/Blog\/wp-content\/uploads\/2026\/01\/Mobile-yoyos-768x510.jpg 768w, https:\/\/www.leriredelarcenciel.fr\/Blog\/wp-content\/uploads\/2026\/01\/Mobile-yoyos-1536x1021.jpg 1536w, https:\/\/www.leriredelarcenciel.fr\/Blog\/wp-content\/uploads\/2026\/01\/Mobile-yoyos-2048x1361.jpg 2048w, https:\/\/www.leriredelarcenciel.fr\/Blog\/wp-content\/uploads\/2026\/01\/Mobile-yoyos-216x144.jpg 216w\" sizes=\"auto, (max-width: 1024px) 100vw, 1024px\" \/><\/figure>\n\n\n\n<ul class=\"wp-block-list\">\n<li>Effet <strong>tissage sur un carr\u00e9 de canevas<\/strong>, \u00e0 transformer en pendentif, en carte, en tableau\u2026<\/li>\n<\/ul>\n\n\n\n<figure class=\"wp-block-image size-large\"><img loading=\"lazy\" decoding=\"async\" width=\"1024\" height=\"680\" data-attachment-id=\"6998\" data-permalink=\"https:\/\/www.leriredelarcenciel.fr\/Blog\/les-propositions-dateliers-pour-2026\/tissage-sur-canevas-3\/\" data-orig-file=\"https:\/\/www.leriredelarcenciel.fr\/Blog\/wp-content\/uploads\/2026\/01\/Tissage-sur-canevas-scaled.jpg\" data-orig-size=\"2560,1701\" data-comments-opened=\"1\" data-image-meta=\"{&quot;aperture&quot;:&quot;18&quot;,&quot;credit&quot;:&quot;&quot;,&quot;camera&quot;:&quot;NEX-F3&quot;,&quot;caption&quot;:&quot;&quot;,&quot;created_timestamp&quot;:&quot;1737393792&quot;,&quot;copyright&quot;:&quot;&quot;,&quot;focal_length&quot;:&quot;30&quot;,&quot;iso&quot;:&quot;3200&quot;,&quot;shutter_speed&quot;:&quot;0.025&quot;,&quot;title&quot;:&quot;&quot;,&quot;orientation&quot;:&quot;0&quot;}\" data-image-title=\"Tissage sur canevas\" data-image-description=\"\" data-image-caption=\"\" data-medium-file=\"https:\/\/www.leriredelarcenciel.fr\/Blog\/wp-content\/uploads\/2026\/01\/Tissage-sur-canevas-300x199.jpg\" data-large-file=\"https:\/\/www.leriredelarcenciel.fr\/Blog\/wp-content\/uploads\/2026\/01\/Tissage-sur-canevas-1024x680.jpg\" src=\"https:\/\/www.leriredelarcenciel.fr\/Blog\/wp-content\/uploads\/2026\/01\/Tissage-sur-canevas-1024x680.jpg\" alt=\"\" class=\"wp-image-6998\" srcset=\"https:\/\/www.leriredelarcenciel.fr\/Blog\/wp-content\/uploads\/2026\/01\/Tissage-sur-canevas-1024x680.jpg 1024w, https:\/\/www.leriredelarcenciel.fr\/Blog\/wp-content\/uploads\/2026\/01\/Tissage-sur-canevas-300x199.jpg 300w, https:\/\/www.leriredelarcenciel.fr\/Blog\/wp-content\/uploads\/2026\/01\/Tissage-sur-canevas-768x510.jpg 768w, https:\/\/www.leriredelarcenciel.fr\/Blog\/wp-content\/uploads\/2026\/01\/Tissage-sur-canevas-1536x1021.jpg 1536w, https:\/\/www.leriredelarcenciel.fr\/Blog\/wp-content\/uploads\/2026\/01\/Tissage-sur-canevas-2048x1361.jpg 2048w, https:\/\/www.leriredelarcenciel.fr\/Blog\/wp-content\/uploads\/2026\/01\/Tissage-sur-canevas-216x144.jpg 216w\" sizes=\"auto, (max-width: 1024px) 100vw, 1024px\" \/><\/figure>\n\n\n\n<ul class=\"wp-block-list\">\n<li>Une s\u00e9rie de <strong>porte-cl\u00e9s<\/strong> pour (re)d\u00e9couvrir des <strong>points<\/strong> utilis\u00e9s dans les bracelets <strong>br\u00e9siliens<\/strong>.<\/li>\n<\/ul>\n\n\n\n<figure class=\"wp-block-image size-large\"><img loading=\"lazy\" decoding=\"async\" width=\"1024\" height=\"680\" data-attachment-id=\"6999\" data-permalink=\"https:\/\/www.leriredelarcenciel.fr\/Blog\/les-propositions-dateliers-pour-2026\/porte-cle-noeuds-bresiliens-2\/\" data-orig-file=\"https:\/\/www.leriredelarcenciel.fr\/Blog\/wp-content\/uploads\/2026\/01\/Porte-cle-noeuds-bresiliens-scaled.jpg\" data-orig-size=\"2560,1701\" data-comments-opened=\"1\" data-image-meta=\"{&quot;aperture&quot;:&quot;18&quot;,&quot;credit&quot;:&quot;&quot;,&quot;camera&quot;:&quot;NEX-F3&quot;,&quot;caption&quot;:&quot;&quot;,&quot;created_timestamp&quot;:&quot;1737393866&quot;,&quot;copyright&quot;:&quot;&quot;,&quot;focal_length&quot;:&quot;30&quot;,&quot;iso&quot;:&quot;3200&quot;,&quot;shutter_speed&quot;:&quot;0.025&quot;,&quot;title&quot;:&quot;&quot;,&quot;orientation&quot;:&quot;0&quot;}\" data-image-title=\"Porte-cl\u00e9 noeuds br\u00e9siliens\" data-image-description=\"\" data-image-caption=\"\" data-medium-file=\"https:\/\/www.leriredelarcenciel.fr\/Blog\/wp-content\/uploads\/2026\/01\/Porte-cle-noeuds-bresiliens-300x199.jpg\" data-large-file=\"https:\/\/www.leriredelarcenciel.fr\/Blog\/wp-content\/uploads\/2026\/01\/Porte-cle-noeuds-bresiliens-1024x680.jpg\" src=\"https:\/\/www.leriredelarcenciel.fr\/Blog\/wp-content\/uploads\/2026\/01\/Porte-cle-noeuds-bresiliens-1024x680.jpg\" alt=\"\" class=\"wp-image-6999\" srcset=\"https:\/\/www.leriredelarcenciel.fr\/Blog\/wp-content\/uploads\/2026\/01\/Porte-cle-noeuds-bresiliens-1024x680.jpg 1024w, https:\/\/www.leriredelarcenciel.fr\/Blog\/wp-content\/uploads\/2026\/01\/Porte-cle-noeuds-bresiliens-300x199.jpg 300w, https:\/\/www.leriredelarcenciel.fr\/Blog\/wp-content\/uploads\/2026\/01\/Porte-cle-noeuds-bresiliens-768x510.jpg 768w, https:\/\/www.leriredelarcenciel.fr\/Blog\/wp-content\/uploads\/2026\/01\/Porte-cle-noeuds-bresiliens-1536x1021.jpg 1536w, https:\/\/www.leriredelarcenciel.fr\/Blog\/wp-content\/uploads\/2026\/01\/Porte-cle-noeuds-bresiliens-2048x1361.jpg 2048w, https:\/\/www.leriredelarcenciel.fr\/Blog\/wp-content\/uploads\/2026\/01\/Porte-cle-noeuds-bresiliens-216x144.jpg 216w\" sizes=\"auto, (max-width: 1024px) 100vw, 1024px\" \/><\/figure>\n\n\n\n<p>Pour terminer, il y a l\u2019initiation \u00e0 la broderie. Possible en une ou plusieurs s\u00e9ances, cette initiation vous permettra de d\u00e9couvrir les premiers gestes, les premiers points et de r\u00e9aliser si vous le souhaitez votre premier mod\u00e8le ou votre carnet de broderie.<\/p>\n\n\n\n<figure class=\"wp-block-image size-large\"><img loading=\"lazy\" decoding=\"async\" width=\"1024\" height=\"680\" data-attachment-id=\"7000\" data-permalink=\"https:\/\/www.leriredelarcenciel.fr\/Blog\/les-propositions-dateliers-pour-2026\/atelier-initiation-broderie-3\/\" data-orig-file=\"https:\/\/www.leriredelarcenciel.fr\/Blog\/wp-content\/uploads\/2026\/01\/Atelier-initiation-broderie-scaled.jpg\" data-orig-size=\"2560,1701\" data-comments-opened=\"1\" data-image-meta=\"{&quot;aperture&quot;:&quot;18&quot;,&quot;credit&quot;:&quot;&quot;,&quot;camera&quot;:&quot;NEX-F3&quot;,&quot;caption&quot;:&quot;&quot;,&quot;created_timestamp&quot;:&quot;1737393609&quot;,&quot;copyright&quot;:&quot;&quot;,&quot;focal_length&quot;:&quot;30&quot;,&quot;iso&quot;:&quot;3200&quot;,&quot;shutter_speed&quot;:&quot;0.02&quot;,&quot;title&quot;:&quot;&quot;,&quot;orientation&quot;:&quot;0&quot;}\" data-image-title=\"Atelier initiation broderie\" data-image-description=\"\" data-image-caption=\"\" data-medium-file=\"https:\/\/www.leriredelarcenciel.fr\/Blog\/wp-content\/uploads\/2026\/01\/Atelier-initiation-broderie-300x199.jpg\" data-large-file=\"https:\/\/www.leriredelarcenciel.fr\/Blog\/wp-content\/uploads\/2026\/01\/Atelier-initiation-broderie-1024x680.jpg\" src=\"https:\/\/www.leriredelarcenciel.fr\/Blog\/wp-content\/uploads\/2026\/01\/Atelier-initiation-broderie-1024x680.jpg\" alt=\"\" class=\"wp-image-7000\" srcset=\"https:\/\/www.leriredelarcenciel.fr\/Blog\/wp-content\/uploads\/2026\/01\/Atelier-initiation-broderie-1024x680.jpg 1024w, https:\/\/www.leriredelarcenciel.fr\/Blog\/wp-content\/uploads\/2026\/01\/Atelier-initiation-broderie-300x199.jpg 300w, https:\/\/www.leriredelarcenciel.fr\/Blog\/wp-content\/uploads\/2026\/01\/Atelier-initiation-broderie-768x510.jpg 768w, https:\/\/www.leriredelarcenciel.fr\/Blog\/wp-content\/uploads\/2026\/01\/Atelier-initiation-broderie-1536x1021.jpg 1536w, https:\/\/www.leriredelarcenciel.fr\/Blog\/wp-content\/uploads\/2026\/01\/Atelier-initiation-broderie-2048x1361.jpg 2048w, https:\/\/www.leriredelarcenciel.fr\/Blog\/wp-content\/uploads\/2026\/01\/Atelier-initiation-broderie-216x144.jpg 216w\" sizes=\"auto, (max-width: 1024px) 100vw, 1024px\" \/><\/figure>\n\n\n\n<p>Info pratiques pour les ateliers<\/p>\n\n\n\n<ul class=\"wp-block-list\">\n<li>Les ateliers que je propose sont accessibles \u00e0 tous \u00e0 partir de 6 ans.<\/li>\n\n\n\n<li>Il y a entre 1 et 4 personnes \u00e0 chaque atelier. Pas plus\u00a0! Autant dire que je peux aider et conseiller chacun au cours de la s\u00e9ance.<\/li>\n\n\n\n<li>Chaque atelier dure 2h environ. Pour les plus rapides, vous avez la possibilit\u00e9 de refaire le m\u00eame atelier avec variante si vous le souhaitez (par exemple, une at\u00e9bas suivi d\u2019un bracelet, ou 2 at\u00e9bas de couleurs diff\u00e9rentes). Je vous propose \u00e9galement quelques activit\u00e9s rapides.<\/li>\n\n\n\n<li>Une s\u00e9ance co\u00fbte (toujours) 10\u20ac par personne. Vous pouvez venir avec seulement vos 10 doigts et votre bonne humeur. En r\u00e9sum\u00e9, le mat\u00e9riel est fourni.<\/li>\n\n\n\n<li>Vous \u00eates int\u00e9ress\u00e9-e\u00a0? Vous devez imp\u00e9rativement prendre rendez-vous pour que nous fixions ensemble le jour et l\u2019heure qui nous conviennent.<\/li>\n\n\n\n<li>Jours et horaires possibles\u00a0:<\/li>\n\n\n\n<li>En juillet et ao\u00fbt\u00a0: chaque mercredi et jeudi, entre 10h et 12h et entre 14h et 18h<\/li>\n\n\n\n<li>De septembre \u00e0 juin\u00a0: du lundi au vendredi, aux m\u00eames horaires<\/li>\n\n\n\n<li>L\u2019adresse\u00a0: atelier-boutique Le rire de l\u2019arc-en-ciel, 17 rue des Iles, Ile Grande, 22560 Pleumeur-Bodou.<\/li>\n\n\n\n<li>Pour toute information compl\u00e9mentaire et\/ou pour r\u00e9server, vous pouvez me contacter au 06 84 11 84 18 (laissez-moi un message si besoin, je vous rappellerai), m\u2019envoyer un sms (m\u00eame num\u00e9ro) ou passer me voir directement \u00e0 l&rsquo;atelier-boutique Le rire de l&rsquo;arc-en-ciel.<\/li>\n\n\n\n<li>Pour celles et ceux qui sont d\u00e9j\u00e0 venus, n\u2019oubliez pas votre carte de fid\u00e9lit\u00e9\u00a0!<\/li>\n<\/ul>\n\n\n\n<p><\/p>\n\n\n\n<p><\/p>\n<a class=\"synved-social-button synved-social-button-share synved-social-size-24 synved-social-resolution-single synved-social-provider-facebook nolightbox\" data-provider=\"facebook\" target=\"_blank\" rel=\"nofollow\" title=\"Partager sur Facebook\" href=\"http:\/\/www.facebook.com\/sharer.php?u=https%3A%2F%2Fwww.leriredelarcenciel.fr%2FBlog%2Fwp-json%2Fwp%2Fv2%2Fposts%2F6989&#038;t=Les%20propositions%20d%E2%80%99ateliers%20pour%202026&#038;s=100&#038;p&#091;url&#093;=https%3A%2F%2Fwww.leriredelarcenciel.fr%2FBlog%2Fwp-json%2Fwp%2Fv2%2Fposts%2F6989&#038;p&#091;images&#093;&#091;0&#093;=https%3A%2F%2Fwww.leriredelarcenciel.fr%2FBlog%2Fwp-content%2Fuploads%2F2026%2F01%2FMagnet-paysage-1-1024x681.jpg&#038;p&#091;title&#093;=Les%20propositions%20d%E2%80%99ateliers%20pour%202026\" style=\"font-size: 0px;width:24px;height:24px;margin:0;margin-bottom:10px;margin-right:10px\"><img loading=\"lazy\" decoding=\"async\" alt=\"Facebook\" title=\"Partager sur Facebook\" class=\"synved-share-image synved-social-image synved-social-image-share\" width=\"24\" height=\"24\" style=\"display: inline;width:24px;height:24px;margin: 0;padding: 0;border: none;box-shadow: none\" src=\"https:\/\/www.leriredelarcenciel.fr\/Blog\/wp-content\/plugins\/social-media-feather\/synved-social\/image\/social\/regular\/48x48\/facebook.png\" \/><\/a><a class=\"synved-social-button synved-social-button-share synved-social-size-24 synved-social-resolution-single synved-social-provider-pinterest nolightbox\" data-provider=\"pinterest\" target=\"_blank\" rel=\"nofollow\" title=\"Epingler sur Pinterest\" href=\"https:\/\/pinterest.com\/pin\/create\/button\/?url=https%3A%2F%2Fwww.leriredelarcenciel.fr%2FBlog%2Fwp-json%2Fwp%2Fv2%2Fposts%2F6989&#038;media=https%3A%2F%2Fwww.leriredelarcenciel.fr%2FBlog%2Fwp-content%2Fuploads%2F2026%2F01%2FMagnet-paysage-1-1024x681.jpg&#038;description=Les%20propositions%20d%E2%80%99ateliers%20pour%202026\" style=\"font-size: 0px;width:24px;height:24px;margin:0;margin-bottom:10px;margin-right:10px\"><img loading=\"lazy\" decoding=\"async\" alt=\"pinterest\" title=\"Epingler sur Pinterest\" class=\"synved-share-image synved-social-image synved-social-image-share\" width=\"24\" height=\"24\" style=\"display: inline;width:24px;height:24px;margin: 0;padding: 0;border: none;box-shadow: none\" src=\"https:\/\/www.leriredelarcenciel.fr\/Blog\/wp-content\/plugins\/social-media-feather\/synved-social\/image\/social\/regular\/48x48\/pinterest.png\" \/><\/a><a class=\"synved-social-button synved-social-button-share synved-social-size-24 synved-social-resolution-single synved-social-provider-mail nolightbox\" data-provider=\"mail\" rel=\"nofollow\" title=\"Partager par email\" href=\"mailto:?subject=Les%20propositions%20d%E2%80%99ateliers%20pour%202026&#038;body=Le%20rire%20de%20l%27arc-en-ciel%20:%20https%3A%2F%2Fwww.leriredelarcenciel.fr%2FBlog%2Fwp-json%2Fwp%2Fv2%2Fposts%2F6989\" style=\"font-size: 0px;width:24px;height:24px;margin:0;margin-bottom:10px;margin-right:10px\"><img loading=\"lazy\" decoding=\"async\" alt=\"mail\" title=\"Partager par email\" class=\"synved-share-image synved-social-image synved-social-image-share\" width=\"24\" height=\"24\" style=\"display: inline;width:24px;height:24px;margin: 0;padding: 0;border: none;box-shadow: none\" src=\"https:\/\/www.leriredelarcenciel.fr\/Blog\/wp-content\/plugins\/social-media-feather\/synved-social\/image\/social\/regular\/48x48\/mail.png\" \/><\/a>","protected":false},"excerpt":{"rendered":"<p>Le mois de janvier sonne l\u2019arriv\u00e9e des ateliers cr\u00e9atifs auxquels je vous propose de participer au Rire de l&rsquo;arc-en-ciel \u00e0 l&rsquo;\u00cele Grande tout au long de cette nouvelle ann\u00e9e. Comme chaque ann\u00e9e, j\u2019ai pr\u00e9par\u00e9 4 nouveaut\u00e9s que voici : Et voici \u00e9galement les 4 ateliers qui ont eu le plus de succ\u00e8s l\u2019ann\u00e9e derni\u00e8re et [&hellip;]<\/p>\n","protected":false},"author":1,"featured_media":0,"comment_status":"open","ping_status":"open","sticky":false,"template":"","format":"standard","meta":{"jetpack_post_was_ever_published":false,"_jetpack_newsletter_access":"","_jetpack_dont_email_post_to_subs":false,"_jetpack_newsletter_tier_id":0,"_jetpack_memberships_contains_paywalled_content":false,"_jetpack_memberships_contains_paid_content":false,"footnotes":"","jetpack_publicize_message":"","jetpack_publicize_feature_enabled":true,"jetpack_social_post_already_shared":true,"jetpack_social_options":{"image_generator_settings":{"template":"highway","default_image_id":0,"font":"","enabled":false},"version":2}},"categories":[4],"tags":[60,382,158,30,26,15],"class_list":["post-6989","post","type-post","status-publish","format-standard","hentry","category-dans-un-coin-de-l-atelier","tag-ateliers-creatifs","tag-ateliers-creatifs-ile-grande","tag-broderie","tag-cotes-darmor","tag-ile-grande","tag-le-rire-de-larc-en-ciel"],"jetpack_publicize_connections":[],"jetpack_featured_media_url":"","jetpack_sharing_enabled":true,"jetpack_shortlink":"https:\/\/wp.me\/p4fKpm-1OJ","_links":{"self":[{"href":"https:\/\/www.leriredelarcenciel.fr\/Blog\/wp-json\/wp\/v2\/posts\/6989","targetHints":{"allow":["GET"]}}],"collection":[{"href":"https:\/\/www.leriredelarcenciel.fr\/Blog\/wp-json\/wp\/v2\/posts"}],"about":[{"href":"https:\/\/www.leriredelarcenciel.fr\/Blog\/wp-json\/wp\/v2\/types\/post"}],"author":[{"embeddable":true,"href":"https:\/\/www.leriredelarcenciel.fr\/Blog\/wp-json\/wp\/v2\/users\/1"}],"replies":[{"embeddable":true,"href":"https:\/\/www.leriredelarcenciel.fr\/Blog\/wp-json\/wp\/v2\/comments?post=6989"}],"version-history":[{"count":1,"href":"https:\/\/www.leriredelarcenciel.fr\/Blog\/wp-json\/wp\/v2\/posts\/6989\/revisions"}],"predecessor-version":[{"id":7001,"href":"https:\/\/www.leriredelarcenciel.fr\/Blog\/wp-json\/wp\/v2\/posts\/6989\/revisions\/7001"}],"wp:attachment":[{"href":"https:\/\/www.leriredelarcenciel.fr\/Blog\/wp-json\/wp\/v2\/media?parent=6989"}],"wp:term":[{"taxonomy":"category","embeddable":true,"href":"https:\/\/www.leriredelarcenciel.fr\/Blog\/wp-json\/wp\/v2\/categories?post=6989"},{"taxonomy":"post_tag","embeddable":true,"href":"https:\/\/www.leriredelarcenciel.fr\/Blog\/wp-json\/wp\/v2\/tags?post=6989"}],"curies":[{"name":"wp","href":"https:\/\/api.w.org\/{rel}","templated":true}]}}