{"id":6938,"date":"2025-10-30T14:05:07","date_gmt":"2025-10-30T13:05:07","guid":{"rendered":"https:\/\/www.leriredelarcenciel.fr\/Blog\/?p=6938"},"modified":"2025-10-30T19:03:04","modified_gmt":"2025-10-30T18:03:04","slug":"le-rire-de-larc-en-ciel-a-la-gacilly","status":"publish","type":"post","link":"https:\/\/www.leriredelarcenciel.fr\/Blog\/le-rire-de-larc-en-ciel-a-la-gacilly\/","title":{"rendered":"Le rire de l\u2019arc-en-ciel \u00e0 la Gacilly"},"content":{"rendered":"\n<p>J\u2019ai le grand plaisir de vous annoncer ma participation au Salon des m\u00e9tiers d\u2019art textile de la Gacilly \u00ab\u00a0Toutes Fibres Dehors\u00a0\u00bb. Ce salon se d\u00e9roulera les 8 et 9 novembre \u00e0 la salle Art\u00e9misia. D\u2019ailleurs pour info, l\u2019installation sur ce salon se fait le vendredi 7 novembre, ce qui m\u2019oblige \u00e0 fermer la porte de mon atelier-boutique ce jour-l\u00e0.<\/p>\n\n\n\n<figure class=\"wp-block-image size-large\"><img loading=\"lazy\" decoding=\"async\" width=\"1024\" height=\"1024\" data-attachment-id=\"6939\" data-permalink=\"https:\/\/www.leriredelarcenciel.fr\/Blog\/le-rire-de-larc-en-ciel-a-la-gacilly\/a_30x40-ok\/\" data-orig-file=\"https:\/\/www.leriredelarcenciel.fr\/Blog\/wp-content\/uploads\/2025\/10\/Affiche-TMAB-2025-carre.jpg\" data-orig-size=\"1080,1080\" data-comments-opened=\"1\" data-image-meta=\"{&quot;aperture&quot;:&quot;0&quot;,&quot;credit&quot;:&quot;&quot;,&quot;camera&quot;:&quot;&quot;,&quot;caption&quot;:&quot;&quot;,&quot;created_timestamp&quot;:&quot;0&quot;,&quot;copyright&quot;:&quot;&quot;,&quot;focal_length&quot;:&quot;0&quot;,&quot;iso&quot;:&quot;0&quot;,&quot;shutter_speed&quot;:&quot;0&quot;,&quot;title&quot;:&quot;A_30x40 OK&quot;,&quot;orientation&quot;:&quot;1&quot;}\" data-image-title=\"A_30x40 OK\" data-image-description=\"\" data-image-caption=\"\" data-medium-file=\"https:\/\/www.leriredelarcenciel.fr\/Blog\/wp-content\/uploads\/2025\/10\/Affiche-TMAB-2025-carre-300x300.jpg\" data-large-file=\"https:\/\/www.leriredelarcenciel.fr\/Blog\/wp-content\/uploads\/2025\/10\/Affiche-TMAB-2025-carre-1024x1024.jpg\" src=\"https:\/\/www.leriredelarcenciel.fr\/Blog\/wp-content\/uploads\/2025\/10\/Affiche-TMAB-2025-carre-1024x1024.jpg\" alt=\"\" class=\"wp-image-6939\" srcset=\"https:\/\/www.leriredelarcenciel.fr\/Blog\/wp-content\/uploads\/2025\/10\/Affiche-TMAB-2025-carre-1024x1024.jpg 1024w, https:\/\/www.leriredelarcenciel.fr\/Blog\/wp-content\/uploads\/2025\/10\/Affiche-TMAB-2025-carre-300x300.jpg 300w, https:\/\/www.leriredelarcenciel.fr\/Blog\/wp-content\/uploads\/2025\/10\/Affiche-TMAB-2025-carre-768x768.jpg 768w, https:\/\/www.leriredelarcenciel.fr\/Blog\/wp-content\/uploads\/2025\/10\/Affiche-TMAB-2025-carre-168x168.jpg 168w, https:\/\/www.leriredelarcenciel.fr\/Blog\/wp-content\/uploads\/2025\/10\/Affiche-TMAB-2025-carre.jpg 1080w\" sizes=\"auto, (max-width: 1024px) 100vw, 1024px\" \/><\/figure>\n\n\n\n<p>Deux agr\u00e9ables journ\u00e9es m\u2019attendent l\u00e0-bas. J\u2019y exposerai toutes mes cr\u00e9ations brod\u00e9es (tableaux, bijoux et accessoires de mode).<\/p>\n\n\n\n<figure class=\"wp-block-image size-full\"><img loading=\"lazy\" decoding=\"async\" width=\"960\" height=\"720\" data-attachment-id=\"6940\" data-permalink=\"https:\/\/www.leriredelarcenciel.fr\/Blog\/le-rire-de-larc-en-ciel-a-la-gacilly\/la-broderie-le-rire-de-larc-en-ciel-1\/\" data-orig-file=\"https:\/\/www.leriredelarcenciel.fr\/Blog\/wp-content\/uploads\/2025\/10\/La-broderie-Le-rire-de-larc-en-ciel-1.jpg\" data-orig-size=\"960,720\" data-comments-opened=\"1\" data-image-meta=\"{&quot;aperture&quot;:&quot;0&quot;,&quot;credit&quot;:&quot;&quot;,&quot;camera&quot;:&quot;&quot;,&quot;caption&quot;:&quot;&quot;,&quot;created_timestamp&quot;:&quot;0&quot;,&quot;copyright&quot;:&quot;&quot;,&quot;focal_length&quot;:&quot;0&quot;,&quot;iso&quot;:&quot;0&quot;,&quot;shutter_speed&quot;:&quot;0&quot;,&quot;title&quot;:&quot;&quot;,&quot;orientation&quot;:&quot;0&quot;}\" data-image-title=\"La broderie &amp;#8211; Le rire de l&amp;rsquo;arc-en-ciel 1\" data-image-description=\"\" data-image-caption=\"\" data-medium-file=\"https:\/\/www.leriredelarcenciel.fr\/Blog\/wp-content\/uploads\/2025\/10\/La-broderie-Le-rire-de-larc-en-ciel-1-300x225.jpg\" data-large-file=\"https:\/\/www.leriredelarcenciel.fr\/Blog\/wp-content\/uploads\/2025\/10\/La-broderie-Le-rire-de-larc-en-ciel-1.jpg\" src=\"https:\/\/www.leriredelarcenciel.fr\/Blog\/wp-content\/uploads\/2025\/10\/La-broderie-Le-rire-de-larc-en-ciel-1.jpg\" alt=\"\" class=\"wp-image-6940\" srcset=\"https:\/\/www.leriredelarcenciel.fr\/Blog\/wp-content\/uploads\/2025\/10\/La-broderie-Le-rire-de-larc-en-ciel-1.jpg 960w, https:\/\/www.leriredelarcenciel.fr\/Blog\/wp-content\/uploads\/2025\/10\/La-broderie-Le-rire-de-larc-en-ciel-1-300x225.jpg 300w, https:\/\/www.leriredelarcenciel.fr\/Blog\/wp-content\/uploads\/2025\/10\/La-broderie-Le-rire-de-larc-en-ciel-1-768x576.jpg 768w, https:\/\/www.leriredelarcenciel.fr\/Blog\/wp-content\/uploads\/2025\/10\/La-broderie-Le-rire-de-larc-en-ciel-1-216x162.jpg 216w\" sizes=\"auto, (max-width: 960px) 100vw, 960px\" \/><\/figure>\n\n\n\n<p>Nous serons plus de 40 exposants, tous travaillant le textile, tous de fa\u00e7on diff\u00e9rente. De la couture, de la laine feutr\u00e9e, de la dentelle aux fuseaux, du tissage\u2026 Il y a tellement de techniques pour sublimer le textile\u00a0! Pour vous donner un aper\u00e7u de ce que vous pourrez d\u00e9couvrir, je vous invite \u00e0 cliquer sur ce lien <a href=\"https:\/\/www.instagram.com\/tmab.bzh\" target=\"_blank\" rel=\"noreferrer noopener\"><strong><em>Instagram<\/em><\/strong><\/a> .<\/p>\n\n\n\n<figure class=\"wp-block-image size-full\"><img loading=\"lazy\" decoding=\"async\" width=\"960\" height=\"720\" data-attachment-id=\"6941\" data-permalink=\"https:\/\/www.leriredelarcenciel.fr\/Blog\/le-rire-de-larc-en-ciel-a-la-gacilly\/la-broderie-le-rire-de-larc-en-ciel-2\/\" data-orig-file=\"https:\/\/www.leriredelarcenciel.fr\/Blog\/wp-content\/uploads\/2025\/10\/La-broderie-Le-rire-de-larc-en-ciel-2.jpg\" data-orig-size=\"960,720\" data-comments-opened=\"1\" data-image-meta=\"{&quot;aperture&quot;:&quot;0&quot;,&quot;credit&quot;:&quot;&quot;,&quot;camera&quot;:&quot;&quot;,&quot;caption&quot;:&quot;&quot;,&quot;created_timestamp&quot;:&quot;0&quot;,&quot;copyright&quot;:&quot;&quot;,&quot;focal_length&quot;:&quot;0&quot;,&quot;iso&quot;:&quot;0&quot;,&quot;shutter_speed&quot;:&quot;0&quot;,&quot;title&quot;:&quot;&quot;,&quot;orientation&quot;:&quot;0&quot;}\" data-image-title=\"La broderie &amp;#8211; Le rire de l&amp;rsquo;arc-en-ciel 2\" data-image-description=\"\" data-image-caption=\"\" data-medium-file=\"https:\/\/www.leriredelarcenciel.fr\/Blog\/wp-content\/uploads\/2025\/10\/La-broderie-Le-rire-de-larc-en-ciel-2-300x225.jpg\" data-large-file=\"https:\/\/www.leriredelarcenciel.fr\/Blog\/wp-content\/uploads\/2025\/10\/La-broderie-Le-rire-de-larc-en-ciel-2.jpg\" src=\"https:\/\/www.leriredelarcenciel.fr\/Blog\/wp-content\/uploads\/2025\/10\/La-broderie-Le-rire-de-larc-en-ciel-2.jpg\" alt=\"\" class=\"wp-image-6941\" srcset=\"https:\/\/www.leriredelarcenciel.fr\/Blog\/wp-content\/uploads\/2025\/10\/La-broderie-Le-rire-de-larc-en-ciel-2.jpg 960w, https:\/\/www.leriredelarcenciel.fr\/Blog\/wp-content\/uploads\/2025\/10\/La-broderie-Le-rire-de-larc-en-ciel-2-300x225.jpg 300w, https:\/\/www.leriredelarcenciel.fr\/Blog\/wp-content\/uploads\/2025\/10\/La-broderie-Le-rire-de-larc-en-ciel-2-768x576.jpg 768w, https:\/\/www.leriredelarcenciel.fr\/Blog\/wp-content\/uploads\/2025\/10\/La-broderie-Le-rire-de-larc-en-ciel-2-216x162.jpg 216w\" sizes=\"auto, (max-width: 960px) 100vw, 960px\" \/><\/figure>\n\n\n\n<p>Un d\u00e9fil\u00e9 et des propositions d\u2019ateliers gratuits pour les visiteurs animeront \u00e9galement chaque journ\u00e9e. Ah, j\u2019allais oublier\u2026 possibilit\u00e9 de manger sur place.<\/p>\n\n\n\n<figure class=\"wp-block-image size-full\"><img loading=\"lazy\" decoding=\"async\" width=\"960\" height=\"720\" data-attachment-id=\"6942\" data-permalink=\"https:\/\/www.leriredelarcenciel.fr\/Blog\/le-rire-de-larc-en-ciel-a-la-gacilly\/la-broderie-le-rire-de-larc-en-ciel-3\/\" data-orig-file=\"https:\/\/www.leriredelarcenciel.fr\/Blog\/wp-content\/uploads\/2025\/10\/La-broderie-Le-rire-de-larc-en-ciel-3.jpg\" data-orig-size=\"960,720\" data-comments-opened=\"1\" data-image-meta=\"{&quot;aperture&quot;:&quot;0&quot;,&quot;credit&quot;:&quot;&quot;,&quot;camera&quot;:&quot;&quot;,&quot;caption&quot;:&quot;&quot;,&quot;created_timestamp&quot;:&quot;0&quot;,&quot;copyright&quot;:&quot;&quot;,&quot;focal_length&quot;:&quot;0&quot;,&quot;iso&quot;:&quot;0&quot;,&quot;shutter_speed&quot;:&quot;0&quot;,&quot;title&quot;:&quot;&quot;,&quot;orientation&quot;:&quot;0&quot;}\" data-image-title=\"La broderie &amp;#8211; Le rire de l&amp;rsquo;arc-en-ciel 3\" data-image-description=\"\" data-image-caption=\"\" data-medium-file=\"https:\/\/www.leriredelarcenciel.fr\/Blog\/wp-content\/uploads\/2025\/10\/La-broderie-Le-rire-de-larc-en-ciel-3-300x225.jpg\" data-large-file=\"https:\/\/www.leriredelarcenciel.fr\/Blog\/wp-content\/uploads\/2025\/10\/La-broderie-Le-rire-de-larc-en-ciel-3.jpg\" src=\"https:\/\/www.leriredelarcenciel.fr\/Blog\/wp-content\/uploads\/2025\/10\/La-broderie-Le-rire-de-larc-en-ciel-3.jpg\" alt=\"\" class=\"wp-image-6942\" srcset=\"https:\/\/www.leriredelarcenciel.fr\/Blog\/wp-content\/uploads\/2025\/10\/La-broderie-Le-rire-de-larc-en-ciel-3.jpg 960w, https:\/\/www.leriredelarcenciel.fr\/Blog\/wp-content\/uploads\/2025\/10\/La-broderie-Le-rire-de-larc-en-ciel-3-300x225.jpg 300w, https:\/\/www.leriredelarcenciel.fr\/Blog\/wp-content\/uploads\/2025\/10\/La-broderie-Le-rire-de-larc-en-ciel-3-768x576.jpg 768w, https:\/\/www.leriredelarcenciel.fr\/Blog\/wp-content\/uploads\/2025\/10\/La-broderie-Le-rire-de-larc-en-ciel-3-216x162.jpg 216w\" sizes=\"auto, (max-width: 960px) 100vw, 960px\" \/><\/figure>\n\n\n\n<p>Voil\u00e0, je pense vous avoir tout dit. J\u2019esp\u00e8re que j\u2019aurai le plaisir de vous retrouver dans les all\u00e9es de ce magnifique salon\u2026<\/p>\n\n\n\n<figure class=\"wp-block-image size-full\"><img loading=\"lazy\" decoding=\"async\" width=\"960\" height=\"720\" data-attachment-id=\"6943\" data-permalink=\"https:\/\/www.leriredelarcenciel.fr\/Blog\/le-rire-de-larc-en-ciel-a-la-gacilly\/la-broderie-le-rire-de-larc-en-ciel-4\/\" data-orig-file=\"https:\/\/www.leriredelarcenciel.fr\/Blog\/wp-content\/uploads\/2025\/10\/La-broderie-Le-rire-de-larc-en-ciel-4.jpg\" data-orig-size=\"960,720\" data-comments-opened=\"1\" data-image-meta=\"{&quot;aperture&quot;:&quot;0&quot;,&quot;credit&quot;:&quot;&quot;,&quot;camera&quot;:&quot;&quot;,&quot;caption&quot;:&quot;&quot;,&quot;created_timestamp&quot;:&quot;0&quot;,&quot;copyright&quot;:&quot;&quot;,&quot;focal_length&quot;:&quot;0&quot;,&quot;iso&quot;:&quot;0&quot;,&quot;shutter_speed&quot;:&quot;0&quot;,&quot;title&quot;:&quot;&quot;,&quot;orientation&quot;:&quot;0&quot;}\" data-image-title=\"La broderie &amp;#8211; Le rire de l&amp;rsquo;arc-en-ciel 4\" data-image-description=\"\" data-image-caption=\"\" data-medium-file=\"https:\/\/www.leriredelarcenciel.fr\/Blog\/wp-content\/uploads\/2025\/10\/La-broderie-Le-rire-de-larc-en-ciel-4-300x225.jpg\" data-large-file=\"https:\/\/www.leriredelarcenciel.fr\/Blog\/wp-content\/uploads\/2025\/10\/La-broderie-Le-rire-de-larc-en-ciel-4.jpg\" src=\"https:\/\/www.leriredelarcenciel.fr\/Blog\/wp-content\/uploads\/2025\/10\/La-broderie-Le-rire-de-larc-en-ciel-4.jpg\" alt=\"\" class=\"wp-image-6943\" srcset=\"https:\/\/www.leriredelarcenciel.fr\/Blog\/wp-content\/uploads\/2025\/10\/La-broderie-Le-rire-de-larc-en-ciel-4.jpg 960w, https:\/\/www.leriredelarcenciel.fr\/Blog\/wp-content\/uploads\/2025\/10\/La-broderie-Le-rire-de-larc-en-ciel-4-300x225.jpg 300w, https:\/\/www.leriredelarcenciel.fr\/Blog\/wp-content\/uploads\/2025\/10\/La-broderie-Le-rire-de-larc-en-ciel-4-768x576.jpg 768w, https:\/\/www.leriredelarcenciel.fr\/Blog\/wp-content\/uploads\/2025\/10\/La-broderie-Le-rire-de-larc-en-ciel-4-216x162.jpg 216w\" sizes=\"auto, (max-width: 960px) 100vw, 960px\" \/><\/figure>\n<a class=\"synved-social-button synved-social-button-share synved-social-size-24 synved-social-resolution-single synved-social-provider-facebook nolightbox\" data-provider=\"facebook\" target=\"_blank\" rel=\"nofollow\" title=\"Partager sur Facebook\" href=\"http:\/\/www.facebook.com\/sharer.php?u=https%3A%2F%2Fwww.leriredelarcenciel.fr%2FBlog%2Fwp-json%2Fwp%2Fv2%2Fposts%2F6938&#038;t=Le%20rire%20de%20l%E2%80%99arc-en-ciel%20%C3%A0%20la%20Gacilly&#038;s=100&#038;p&#091;url&#093;=https%3A%2F%2Fwww.leriredelarcenciel.fr%2FBlog%2Fwp-json%2Fwp%2Fv2%2Fposts%2F6938&#038;p&#091;images&#093;&#091;0&#093;=https%3A%2F%2Fwww.leriredelarcenciel.fr%2FBlog%2Fwp-content%2Fuploads%2F2025%2F10%2FAffiche-TMAB-2025-carre-1024x1024.jpg&#038;p&#091;title&#093;=Le%20rire%20de%20l%E2%80%99arc-en-ciel%20%C3%A0%20la%20Gacilly\" style=\"font-size: 0px;width:24px;height:24px;margin:0;margin-bottom:10px;margin-right:10px\"><img loading=\"lazy\" decoding=\"async\" alt=\"Facebook\" title=\"Partager sur Facebook\" class=\"synved-share-image synved-social-image synved-social-image-share\" width=\"24\" height=\"24\" style=\"display: inline;width:24px;height:24px;margin: 0;padding: 0;border: none;box-shadow: none\" src=\"https:\/\/www.leriredelarcenciel.fr\/Blog\/wp-content\/plugins\/social-media-feather\/synved-social\/image\/social\/regular\/48x48\/facebook.png\" \/><\/a><a class=\"synved-social-button synved-social-button-share synved-social-size-24 synved-social-resolution-single synved-social-provider-pinterest nolightbox\" data-provider=\"pinterest\" target=\"_blank\" rel=\"nofollow\" title=\"Epingler sur Pinterest\" href=\"https:\/\/pinterest.com\/pin\/create\/button\/?url=https%3A%2F%2Fwww.leriredelarcenciel.fr%2FBlog%2Fwp-json%2Fwp%2Fv2%2Fposts%2F6938&#038;media=https%3A%2F%2Fwww.leriredelarcenciel.fr%2FBlog%2Fwp-content%2Fuploads%2F2025%2F10%2FAffiche-TMAB-2025-carre-1024x1024.jpg&#038;description=Le%20rire%20de%20l%E2%80%99arc-en-ciel%20%C3%A0%20la%20Gacilly\" style=\"font-size: 0px;width:24px;height:24px;margin:0;margin-bottom:10px;margin-right:10px\"><img loading=\"lazy\" decoding=\"async\" alt=\"pinterest\" title=\"Epingler sur Pinterest\" class=\"synved-share-image synved-social-image synved-social-image-share\" width=\"24\" height=\"24\" style=\"display: inline;width:24px;height:24px;margin: 0;padding: 0;border: none;box-shadow: none\" src=\"https:\/\/www.leriredelarcenciel.fr\/Blog\/wp-content\/plugins\/social-media-feather\/synved-social\/image\/social\/regular\/48x48\/pinterest.png\" \/><\/a><a class=\"synved-social-button synved-social-button-share synved-social-size-24 synved-social-resolution-single synved-social-provider-mail nolightbox\" data-provider=\"mail\" rel=\"nofollow\" title=\"Partager par email\" href=\"mailto:?subject=Le%20rire%20de%20l%E2%80%99arc-en-ciel%20%C3%A0%20la%20Gacilly&#038;body=Le%20rire%20de%20l%27arc-en-ciel%20:%20https%3A%2F%2Fwww.leriredelarcenciel.fr%2FBlog%2Fwp-json%2Fwp%2Fv2%2Fposts%2F6938\" style=\"font-size: 0px;width:24px;height:24px;margin:0;margin-bottom:10px;margin-right:10px\"><img loading=\"lazy\" decoding=\"async\" alt=\"mail\" title=\"Partager par email\" class=\"synved-share-image synved-social-image synved-social-image-share\" width=\"24\" height=\"24\" style=\"display: inline;width:24px;height:24px;margin: 0;padding: 0;border: none;box-shadow: none\" src=\"https:\/\/www.leriredelarcenciel.fr\/Blog\/wp-content\/plugins\/social-media-feather\/synved-social\/image\/social\/regular\/48x48\/mail.png\" \/><\/a>","protected":false},"excerpt":{"rendered":"<p>J\u2019ai le grand plaisir de vous annoncer ma participation au Salon des m\u00e9tiers d\u2019art textile de la Gacilly \u00ab\u00a0Toutes Fibres Dehors\u00a0\u00bb. Ce salon se d\u00e9roulera les 8 et 9 novembre \u00e0 la salle Art\u00e9misia. D\u2019ailleurs pour info, l\u2019installation sur ce salon se fait le vendredi 7 novembre, ce qui m\u2019oblige \u00e0 fermer la porte de [&hellip;]<\/p>\n","protected":false},"author":1,"featured_media":0,"comment_status":"open","ping_status":"open","sticky":false,"template":"","format":"standard","meta":{"jetpack_post_was_ever_published":false,"_jetpack_newsletter_access":"","_jetpack_dont_email_post_to_subs":false,"_jetpack_newsletter_tier_id":0,"_jetpack_memberships_contains_paywalled_content":false,"_jetpack_memberships_contains_paid_content":false,"footnotes":"","jetpack_publicize_message":"","jetpack_publicize_feature_enabled":true,"jetpack_social_post_already_shared":true,"jetpack_social_options":{"image_generator_settings":{"template":"highway","default_image_id":0,"font":"","enabled":false},"version":2}},"categories":[12],"tags":[1825,29,1274,2079,2080,2078,15,2076,2077],"class_list":["post-6938","post","type-post","status-publish","format-standard","hentry","category-et-ailleurs-quoi-de-beau","tag-artisanat-textile","tag-bretagne","tag-broderie-a-la-main","tag-exposition-art","tag-exposition-artisanat","tag-la-gacilly","tag-le-rire-de-larc-en-ciel","tag-salon-art-textile","tag-toutes-fibres-dehors"],"jetpack_publicize_connections":[],"jetpack_featured_media_url":"","jetpack_sharing_enabled":true,"jetpack_shortlink":"https:\/\/wp.me\/p4fKpm-1NU","_links":{"self":[{"href":"https:\/\/www.leriredelarcenciel.fr\/Blog\/wp-json\/wp\/v2\/posts\/6938","targetHints":{"allow":["GET"]}}],"collection":[{"href":"https:\/\/www.leriredelarcenciel.fr\/Blog\/wp-json\/wp\/v2\/posts"}],"about":[{"href":"https:\/\/www.leriredelarcenciel.fr\/Blog\/wp-json\/wp\/v2\/types\/post"}],"author":[{"embeddable":true,"href":"https:\/\/www.leriredelarcenciel.fr\/Blog\/wp-json\/wp\/v2\/users\/1"}],"replies":[{"embeddable":true,"href":"https:\/\/www.leriredelarcenciel.fr\/Blog\/wp-json\/wp\/v2\/comments?post=6938"}],"version-history":[{"count":2,"href":"https:\/\/www.leriredelarcenciel.fr\/Blog\/wp-json\/wp\/v2\/posts\/6938\/revisions"}],"predecessor-version":[{"id":6946,"href":"https:\/\/www.leriredelarcenciel.fr\/Blog\/wp-json\/wp\/v2\/posts\/6938\/revisions\/6946"}],"wp:attachment":[{"href":"https:\/\/www.leriredelarcenciel.fr\/Blog\/wp-json\/wp\/v2\/media?parent=6938"}],"wp:term":[{"taxonomy":"category","embeddable":true,"href":"https:\/\/www.leriredelarcenciel.fr\/Blog\/wp-json\/wp\/v2\/categories?post=6938"},{"taxonomy":"post_tag","embeddable":true,"href":"https:\/\/www.leriredelarcenciel.fr\/Blog\/wp-json\/wp\/v2\/tags?post=6938"}],"curies":[{"name":"wp","href":"https:\/\/api.w.org\/{rel}","templated":true}]}}