{"id":6905,"date":"2025-09-04T16:27:08","date_gmt":"2025-09-04T15:27:08","guid":{"rendered":"https:\/\/www.leriredelarcenciel.fr\/Blog\/?p=6905"},"modified":"2025-10-03T08:21:23","modified_gmt":"2025-10-03T07:21:23","slug":"les-ateliers-dinitiation-a-la-broderie","status":"publish","type":"post","link":"https:\/\/www.leriredelarcenciel.fr\/Blog\/les-ateliers-dinitiation-a-la-broderie\/","title":{"rendered":"Les ateliers d\u2019initiation \u00e0 la broderie"},"content":{"rendered":"\n<p>Dans l\u2019article <em><a href=\"https:\/\/www.leriredelarcenciel.fr\/Blog\/vos-ateliers-de-lete\/\" target=\"_blank\" rel=\"noreferrer noopener\"><strong>Vos ateliers de l\u2019\u00e9t\u00e9<\/strong><\/a><\/em>, je vous avais promis de vous parler des brodeuses qui viennent r\u00e9guli\u00e8rement, pour certaines toute l\u2019ann\u00e9e, au Rire de l\u2019arc-en-ciel. Eh oui, je mets volontairement \u00ab&nbsp;brodeuse&nbsp;\u00bb au f\u00e9minin. Les brodeurs se font bien rares, il faut l\u2019avouer&#8230;<\/p>\n\n\n\n<figure class=\"wp-block-image size-large\"><img loading=\"lazy\" decoding=\"async\" width=\"1024\" height=\"679\" data-attachment-id=\"6906\" data-permalink=\"https:\/\/www.leriredelarcenciel.fr\/Blog\/les-ateliers-dinitiation-a-la-broderie\/carnet-2\/\" data-orig-file=\"https:\/\/www.leriredelarcenciel.fr\/Blog\/wp-content\/uploads\/2025\/09\/Carnet-2.jpg\" data-orig-size=\"2448,1624\" data-comments-opened=\"1\" data-image-meta=\"{&quot;aperture&quot;:&quot;22&quot;,&quot;credit&quot;:&quot;&quot;,&quot;camera&quot;:&quot;NEX-F3&quot;,&quot;caption&quot;:&quot;&quot;,&quot;created_timestamp&quot;:&quot;1757002431&quot;,&quot;copyright&quot;:&quot;&quot;,&quot;focal_length&quot;:&quot;30&quot;,&quot;iso&quot;:&quot;1250&quot;,&quot;shutter_speed&quot;:&quot;0.016666666666667&quot;,&quot;title&quot;:&quot;&quot;,&quot;orientation&quot;:&quot;0&quot;}\" data-image-title=\"Carnet 2\" data-image-description=\"\" data-image-caption=\"\" data-medium-file=\"https:\/\/www.leriredelarcenciel.fr\/Blog\/wp-content\/uploads\/2025\/09\/Carnet-2-300x199.jpg\" data-large-file=\"https:\/\/www.leriredelarcenciel.fr\/Blog\/wp-content\/uploads\/2025\/09\/Carnet-2-1024x679.jpg\" src=\"https:\/\/www.leriredelarcenciel.fr\/Blog\/wp-content\/uploads\/2025\/09\/Carnet-2-1024x679.jpg\" alt=\"\" class=\"wp-image-6906\" srcset=\"https:\/\/www.leriredelarcenciel.fr\/Blog\/wp-content\/uploads\/2025\/09\/Carnet-2-1024x679.jpg 1024w, https:\/\/www.leriredelarcenciel.fr\/Blog\/wp-content\/uploads\/2025\/09\/Carnet-2-300x199.jpg 300w, https:\/\/www.leriredelarcenciel.fr\/Blog\/wp-content\/uploads\/2025\/09\/Carnet-2-768x509.jpg 768w, https:\/\/www.leriredelarcenciel.fr\/Blog\/wp-content\/uploads\/2025\/09\/Carnet-2-1536x1019.jpg 1536w, https:\/\/www.leriredelarcenciel.fr\/Blog\/wp-content\/uploads\/2025\/09\/Carnet-2-2048x1359.jpg 2048w, https:\/\/www.leriredelarcenciel.fr\/Blog\/wp-content\/uploads\/2025\/09\/Carnet-2-216x143.jpg 216w\" sizes=\"auto, (max-width: 1024px) 100vw, 1024px\" \/><figcaption class=\"wp-element-caption\"><em>Le carnet de broderie<\/em><\/figcaption><\/figure>\n\n\n\n<p>Que font ces brodeuses donc,&nbsp;lors de leurs s\u00e9ances ? Pour la majorit\u00e9 d\u2019entre elles, un carnet. Le carnet de broderie que je propose pla\u00eet et je m\u2019en r\u00e9jouis.<\/p>\n\n\n\n<figure class=\"wp-block-image size-large\"><img loading=\"lazy\" decoding=\"async\" width=\"1024\" height=\"355\" data-attachment-id=\"6907\" data-permalink=\"https:\/\/www.leriredelarcenciel.fr\/Blog\/les-ateliers-dinitiation-a-la-broderie\/carnet-michele\/\" data-orig-file=\"https:\/\/www.leriredelarcenciel.fr\/Blog\/wp-content\/uploads\/2025\/09\/Carnet-Michele.jpg\" data-orig-size=\"2343,812\" data-comments-opened=\"1\" data-image-meta=\"{&quot;aperture&quot;:&quot;0&quot;,&quot;credit&quot;:&quot;&quot;,&quot;camera&quot;:&quot;&quot;,&quot;caption&quot;:&quot;&quot;,&quot;created_timestamp&quot;:&quot;0&quot;,&quot;copyright&quot;:&quot;&quot;,&quot;focal_length&quot;:&quot;0&quot;,&quot;iso&quot;:&quot;0&quot;,&quot;shutter_speed&quot;:&quot;0&quot;,&quot;title&quot;:&quot;&quot;,&quot;orientation&quot;:&quot;0&quot;}\" data-image-title=\"Carnet Mich\u00e8le\" data-image-description=\"\" data-image-caption=\"\" data-medium-file=\"https:\/\/www.leriredelarcenciel.fr\/Blog\/wp-content\/uploads\/2025\/09\/Carnet-Michele-300x104.jpg\" data-large-file=\"https:\/\/www.leriredelarcenciel.fr\/Blog\/wp-content\/uploads\/2025\/09\/Carnet-Michele-1024x355.jpg\" src=\"https:\/\/www.leriredelarcenciel.fr\/Blog\/wp-content\/uploads\/2025\/09\/Carnet-Michele-1024x355.jpg\" alt=\"\" class=\"wp-image-6907\" srcset=\"https:\/\/www.leriredelarcenciel.fr\/Blog\/wp-content\/uploads\/2025\/09\/Carnet-Michele-1024x355.jpg 1024w, https:\/\/www.leriredelarcenciel.fr\/Blog\/wp-content\/uploads\/2025\/09\/Carnet-Michele-300x104.jpg 300w, https:\/\/www.leriredelarcenciel.fr\/Blog\/wp-content\/uploads\/2025\/09\/Carnet-Michele-768x266.jpg 768w, https:\/\/www.leriredelarcenciel.fr\/Blog\/wp-content\/uploads\/2025\/09\/Carnet-Michele-1536x532.jpg 1536w, https:\/\/www.leriredelarcenciel.fr\/Blog\/wp-content\/uploads\/2025\/09\/Carnet-Michele-2048x710.jpg 2048w, https:\/\/www.leriredelarcenciel.fr\/Blog\/wp-content\/uploads\/2025\/09\/Carnet-Michele-216x75.jpg 216w\" sizes=\"auto, (max-width: 1024px) 100vw, 1024px\" \/><figcaption class=\"wp-element-caption\"><em>Les premiers points du carnet de Mich\u00e8le<\/em><\/figcaption><\/figure>\n\n\n\n<p>Le premier point \u00e0 d\u00e9couvrir est le point avant. Puis vient le point arri\u00e8re, le point arri\u00e8re surjet\u00e9\u2026 Et c\u2019est partie pour une longue aventure&nbsp;! Le rythme est celui de chaque brodeuse et on alterne entre l\u2019apprentissage de quelques points et la r\u00e9alisation d\u2019une broderie utilisant les points d\u00e9j\u00e0 acquis.<\/p>\n\n\n\n<figure class=\"wp-block-image size-large\"><img loading=\"lazy\" decoding=\"async\" width=\"1024\" height=\"355\" data-attachment-id=\"6909\" data-permalink=\"https:\/\/www.leriredelarcenciel.fr\/Blog\/les-ateliers-dinitiation-a-la-broderie\/carnet-phon\/\" data-orig-file=\"https:\/\/www.leriredelarcenciel.fr\/Blog\/wp-content\/uploads\/2025\/09\/Carnet-Phon.jpg\" data-orig-size=\"2343,812\" data-comments-opened=\"1\" data-image-meta=\"{&quot;aperture&quot;:&quot;0&quot;,&quot;credit&quot;:&quot;&quot;,&quot;camera&quot;:&quot;&quot;,&quot;caption&quot;:&quot;&quot;,&quot;created_timestamp&quot;:&quot;0&quot;,&quot;copyright&quot;:&quot;&quot;,&quot;focal_length&quot;:&quot;0&quot;,&quot;iso&quot;:&quot;0&quot;,&quot;shutter_speed&quot;:&quot;0&quot;,&quot;title&quot;:&quot;&quot;,&quot;orientation&quot;:&quot;0&quot;}\" data-image-title=\"Carnet Phon\" data-image-description=\"\" data-image-caption=\"\" data-medium-file=\"https:\/\/www.leriredelarcenciel.fr\/Blog\/wp-content\/uploads\/2025\/09\/Carnet-Phon-300x104.jpg\" data-large-file=\"https:\/\/www.leriredelarcenciel.fr\/Blog\/wp-content\/uploads\/2025\/09\/Carnet-Phon-1024x355.jpg\" src=\"https:\/\/www.leriredelarcenciel.fr\/Blog\/wp-content\/uploads\/2025\/09\/Carnet-Phon-1024x355.jpg\" alt=\"\" class=\"wp-image-6909\" srcset=\"https:\/\/www.leriredelarcenciel.fr\/Blog\/wp-content\/uploads\/2025\/09\/Carnet-Phon-1024x355.jpg 1024w, https:\/\/www.leriredelarcenciel.fr\/Blog\/wp-content\/uploads\/2025\/09\/Carnet-Phon-300x104.jpg 300w, https:\/\/www.leriredelarcenciel.fr\/Blog\/wp-content\/uploads\/2025\/09\/Carnet-Phon-768x266.jpg 768w, https:\/\/www.leriredelarcenciel.fr\/Blog\/wp-content\/uploads\/2025\/09\/Carnet-Phon-1536x532.jpg 1536w, https:\/\/www.leriredelarcenciel.fr\/Blog\/wp-content\/uploads\/2025\/09\/Carnet-Phon-2048x710.jpg 2048w, https:\/\/www.leriredelarcenciel.fr\/Blog\/wp-content\/uploads\/2025\/09\/Carnet-Phon-216x75.jpg 216w\" sizes=\"auto, (max-width: 1024px) 100vw, 1024px\" \/><figcaption class=\"wp-element-caption\"><em>Quelques points appris et la r\u00e9alisation qui correspond<\/em>,<em> carnet de Phon<\/em><\/figcaption><\/figure>\n\n\n\n<p>Petit \u00e0 petit, on fait son propre carnet.<\/p>\n\n\n\n<figure class=\"wp-block-image size-large is-resized\"><img loading=\"lazy\" decoding=\"async\" width=\"1024\" height=\"679\" data-attachment-id=\"6915\" data-permalink=\"https:\/\/www.leriredelarcenciel.fr\/Blog\/les-ateliers-dinitiation-a-la-broderie\/dsc08613\/\" data-orig-file=\"https:\/\/www.leriredelarcenciel.fr\/Blog\/wp-content\/uploads\/2025\/09\/DSC08613.jpg\" data-orig-size=\"2448,1624\" data-comments-opened=\"1\" data-image-meta=\"{&quot;aperture&quot;:&quot;22&quot;,&quot;credit&quot;:&quot;&quot;,&quot;camera&quot;:&quot;NEX-F3&quot;,&quot;caption&quot;:&quot;&quot;,&quot;created_timestamp&quot;:&quot;1756836453&quot;,&quot;copyright&quot;:&quot;&quot;,&quot;focal_length&quot;:&quot;30&quot;,&quot;iso&quot;:&quot;200&quot;,&quot;shutter_speed&quot;:&quot;0.005&quot;,&quot;title&quot;:&quot;&quot;,&quot;orientation&quot;:&quot;1&quot;}\" data-image-title=\"DSC08613\" data-image-description=\"\" data-image-caption=\"\" data-medium-file=\"https:\/\/www.leriredelarcenciel.fr\/Blog\/wp-content\/uploads\/2025\/09\/DSC08613-300x199.jpg\" data-large-file=\"https:\/\/www.leriredelarcenciel.fr\/Blog\/wp-content\/uploads\/2025\/09\/DSC08613-1024x679.jpg\" src=\"https:\/\/www.leriredelarcenciel.fr\/Blog\/wp-content\/uploads\/2025\/09\/DSC08613-1024x679.jpg\" alt=\"\" class=\"wp-image-6915\" style=\"width:428px;height:auto\" srcset=\"https:\/\/www.leriredelarcenciel.fr\/Blog\/wp-content\/uploads\/2025\/09\/DSC08613-1024x679.jpg 1024w, https:\/\/www.leriredelarcenciel.fr\/Blog\/wp-content\/uploads\/2025\/09\/DSC08613-300x199.jpg 300w, https:\/\/www.leriredelarcenciel.fr\/Blog\/wp-content\/uploads\/2025\/09\/DSC08613-768x509.jpg 768w, https:\/\/www.leriredelarcenciel.fr\/Blog\/wp-content\/uploads\/2025\/09\/DSC08613-1536x1019.jpg 1536w, https:\/\/www.leriredelarcenciel.fr\/Blog\/wp-content\/uploads\/2025\/09\/DSC08613-2048x1359.jpg 2048w, https:\/\/www.leriredelarcenciel.fr\/Blog\/wp-content\/uploads\/2025\/09\/DSC08613-216x143.jpg 216w\" sizes=\"auto, (max-width: 1024px) 100vw, 1024px\" \/><figcaption class=\"wp-element-caption\"><em>Le carnet de Nadine<\/em><\/figcaption><\/figure>\n\n\n\n<p>Je m&rsquo;adapte \u00e9galement \u00e0 la demande de certaines personnes qui connaissent d\u00e9j\u00e0 certains points et qui pr\u00e9f\u00e8rent piocher dans le carnet \u00e0 la recherche de nouveaut\u00e9s.<\/p>\n\n\n\n<figure class=\"wp-block-image size-large\"><img loading=\"lazy\" decoding=\"async\" width=\"1024\" height=\"353\" data-attachment-id=\"6914\" data-permalink=\"https:\/\/www.leriredelarcenciel.fr\/Blog\/les-ateliers-dinitiation-a-la-broderie\/carnet-de-anne-2\/\" data-orig-file=\"https:\/\/www.leriredelarcenciel.fr\/Blog\/wp-content\/uploads\/2025\/09\/Carnet-de-Anne-1.jpg\" data-orig-size=\"2145,739\" data-comments-opened=\"1\" data-image-meta=\"{&quot;aperture&quot;:&quot;0&quot;,&quot;credit&quot;:&quot;&quot;,&quot;camera&quot;:&quot;&quot;,&quot;caption&quot;:&quot;&quot;,&quot;created_timestamp&quot;:&quot;0&quot;,&quot;copyright&quot;:&quot;&quot;,&quot;focal_length&quot;:&quot;0&quot;,&quot;iso&quot;:&quot;0&quot;,&quot;shutter_speed&quot;:&quot;0&quot;,&quot;title&quot;:&quot;&quot;,&quot;orientation&quot;:&quot;0&quot;}\" data-image-title=\"Carnet de Anne\" data-image-description=\"\" data-image-caption=\"\" data-medium-file=\"https:\/\/www.leriredelarcenciel.fr\/Blog\/wp-content\/uploads\/2025\/09\/Carnet-de-Anne-1-300x103.jpg\" data-large-file=\"https:\/\/www.leriredelarcenciel.fr\/Blog\/wp-content\/uploads\/2025\/09\/Carnet-de-Anne-1-1024x353.jpg\" src=\"https:\/\/www.leriredelarcenciel.fr\/Blog\/wp-content\/uploads\/2025\/09\/Carnet-de-Anne-1-1024x353.jpg\" alt=\"\" class=\"wp-image-6914\" srcset=\"https:\/\/www.leriredelarcenciel.fr\/Blog\/wp-content\/uploads\/2025\/09\/Carnet-de-Anne-1-1024x353.jpg 1024w, https:\/\/www.leriredelarcenciel.fr\/Blog\/wp-content\/uploads\/2025\/09\/Carnet-de-Anne-1-300x103.jpg 300w, https:\/\/www.leriredelarcenciel.fr\/Blog\/wp-content\/uploads\/2025\/09\/Carnet-de-Anne-1-768x265.jpg 768w, https:\/\/www.leriredelarcenciel.fr\/Blog\/wp-content\/uploads\/2025\/09\/Carnet-de-Anne-1-1536x529.jpg 1536w, https:\/\/www.leriredelarcenciel.fr\/Blog\/wp-content\/uploads\/2025\/09\/Carnet-de-Anne-1-2048x706.jpg 2048w, https:\/\/www.leriredelarcenciel.fr\/Blog\/wp-content\/uploads\/2025\/09\/Carnet-de-Anne-1-216x74.jpg 216w\" sizes=\"auto, (max-width: 1024px) 100vw, 1024px\" \/><figcaption class=\"wp-element-caption\"><em>Points choisis, carnet de Anne<\/em><\/figcaption><\/figure>\n\n\n\n<p>La broderie traditionnelle est de mise mais on n\u2019oublie pas de diversifier de temps en temps son apprentissage avec des styles diff\u00e9rents.<\/p>\n\n\n\n<figure class=\"wp-block-image size-large is-resized\"><img loading=\"lazy\" decoding=\"async\" width=\"1024\" height=\"680\" data-attachment-id=\"6910\" data-permalink=\"https:\/\/www.leriredelarcenciel.fr\/Blog\/les-ateliers-dinitiation-a-la-broderie\/nadine-carnet-broderie-17\/\" data-orig-file=\"https:\/\/www.leriredelarcenciel.fr\/Blog\/wp-content\/uploads\/2025\/09\/Nadine-carnet-broderie-17-scaled.jpg\" data-orig-size=\"2560,1701\" data-comments-opened=\"1\" data-image-meta=\"{&quot;aperture&quot;:&quot;22&quot;,&quot;credit&quot;:&quot;&quot;,&quot;camera&quot;:&quot;NEX-F3&quot;,&quot;caption&quot;:&quot;&quot;,&quot;created_timestamp&quot;:&quot;1741106121&quot;,&quot;copyright&quot;:&quot;&quot;,&quot;focal_length&quot;:&quot;30&quot;,&quot;iso&quot;:&quot;3200&quot;,&quot;shutter_speed&quot;:&quot;0.076923076923077&quot;,&quot;title&quot;:&quot;&quot;,&quot;orientation&quot;:&quot;1&quot;}\" data-image-title=\"Nadine carnet broderie 17\" data-image-description=\"\" data-image-caption=\"\" data-medium-file=\"https:\/\/www.leriredelarcenciel.fr\/Blog\/wp-content\/uploads\/2025\/09\/Nadine-carnet-broderie-17-300x199.jpg\" data-large-file=\"https:\/\/www.leriredelarcenciel.fr\/Blog\/wp-content\/uploads\/2025\/09\/Nadine-carnet-broderie-17-1024x680.jpg\" src=\"https:\/\/www.leriredelarcenciel.fr\/Blog\/wp-content\/uploads\/2025\/09\/Nadine-carnet-broderie-17-1024x680.jpg\" alt=\"\" class=\"wp-image-6910\" style=\"width:427px;height:auto\" srcset=\"https:\/\/www.leriredelarcenciel.fr\/Blog\/wp-content\/uploads\/2025\/09\/Nadine-carnet-broderie-17-1024x680.jpg 1024w, https:\/\/www.leriredelarcenciel.fr\/Blog\/wp-content\/uploads\/2025\/09\/Nadine-carnet-broderie-17-300x199.jpg 300w, https:\/\/www.leriredelarcenciel.fr\/Blog\/wp-content\/uploads\/2025\/09\/Nadine-carnet-broderie-17-768x510.jpg 768w, https:\/\/www.leriredelarcenciel.fr\/Blog\/wp-content\/uploads\/2025\/09\/Nadine-carnet-broderie-17-1536x1021.jpg 1536w, https:\/\/www.leriredelarcenciel.fr\/Blog\/wp-content\/uploads\/2025\/09\/Nadine-carnet-broderie-17-2048x1361.jpg 2048w, https:\/\/www.leriredelarcenciel.fr\/Blog\/wp-content\/uploads\/2025\/09\/Nadine-carnet-broderie-17-216x144.jpg 216w\" sizes=\"auto, (max-width: 1024px) 100vw, 1024px\" \/><figcaption class=\"wp-element-caption\"><em>Points de reprise, carnet de Nadine<\/em><\/figcaption><\/figure>\n\n\n\n<p>En plus du carnet que l\u2019on fabrique soi-m\u00eame au fil (ah ah, jeu de mot&nbsp;!) des s\u00e9ances, on cr\u00e9e des marque-pages\u2026<\/p>\n\n\n\n<figure class=\"wp-block-image size-large is-resized\"><img loading=\"lazy\" decoding=\"async\" width=\"1024\" height=\"1020\" data-attachment-id=\"6916\" data-permalink=\"https:\/\/www.leriredelarcenciel.fr\/Blog\/les-ateliers-dinitiation-a-la-broderie\/marque-pages-2\/\" data-orig-file=\"https:\/\/www.leriredelarcenciel.fr\/Blog\/wp-content\/uploads\/2025\/09\/Marque-pages-2.jpg\" data-orig-size=\"1631,1624\" data-comments-opened=\"1\" data-image-meta=\"{&quot;aperture&quot;:&quot;0&quot;,&quot;credit&quot;:&quot;&quot;,&quot;camera&quot;:&quot;&quot;,&quot;caption&quot;:&quot;&quot;,&quot;created_timestamp&quot;:&quot;0&quot;,&quot;copyright&quot;:&quot;&quot;,&quot;focal_length&quot;:&quot;0&quot;,&quot;iso&quot;:&quot;0&quot;,&quot;shutter_speed&quot;:&quot;0&quot;,&quot;title&quot;:&quot;&quot;,&quot;orientation&quot;:&quot;0&quot;}\" data-image-title=\"Marque-pages 2\" data-image-description=\"\" data-image-caption=\"\" data-medium-file=\"https:\/\/www.leriredelarcenciel.fr\/Blog\/wp-content\/uploads\/2025\/09\/Marque-pages-2-300x300.jpg\" data-large-file=\"https:\/\/www.leriredelarcenciel.fr\/Blog\/wp-content\/uploads\/2025\/09\/Marque-pages-2-1024x1020.jpg\" src=\"https:\/\/www.leriredelarcenciel.fr\/Blog\/wp-content\/uploads\/2025\/09\/Marque-pages-2-1024x1020.jpg\" alt=\"\" class=\"wp-image-6916\" style=\"width:522px;height:auto\" srcset=\"https:\/\/www.leriredelarcenciel.fr\/Blog\/wp-content\/uploads\/2025\/09\/Marque-pages-2-1024x1020.jpg 1024w, https:\/\/www.leriredelarcenciel.fr\/Blog\/wp-content\/uploads\/2025\/09\/Marque-pages-2-300x300.jpg 300w, https:\/\/www.leriredelarcenciel.fr\/Blog\/wp-content\/uploads\/2025\/09\/Marque-pages-2-768x765.jpg 768w, https:\/\/www.leriredelarcenciel.fr\/Blog\/wp-content\/uploads\/2025\/09\/Marque-pages-2-1536x1529.jpg 1536w, https:\/\/www.leriredelarcenciel.fr\/Blog\/wp-content\/uploads\/2025\/09\/Marque-pages-2-169x168.jpg 169w, https:\/\/www.leriredelarcenciel.fr\/Blog\/wp-content\/uploads\/2025\/09\/Marque-pages-2.jpg 1631w\" sizes=\"auto, (max-width: 1024px) 100vw, 1024px\" \/><figcaption class=\"wp-element-caption\"><em>Les marque-pages de Phon, de Nadine et de Mich\u00e8le<\/em><\/figcaption><\/figure>\n\n\n\n<p>\u2026 des mobiles, des tableaux\u2026<\/p>\n\n\n\n<figure class=\"wp-block-image size-large\"><img loading=\"lazy\" decoding=\"async\" width=\"1024\" height=\"355\" data-attachment-id=\"6912\" data-permalink=\"https:\/\/www.leriredelarcenciel.fr\/Blog\/les-ateliers-dinitiation-a-la-broderie\/mobile-et-tableau\/\" data-orig-file=\"https:\/\/www.leriredelarcenciel.fr\/Blog\/wp-content\/uploads\/2025\/09\/Mobile-et-tableau.jpg\" data-orig-size=\"2343,812\" data-comments-opened=\"1\" data-image-meta=\"{&quot;aperture&quot;:&quot;0&quot;,&quot;credit&quot;:&quot;&quot;,&quot;camera&quot;:&quot;&quot;,&quot;caption&quot;:&quot;&quot;,&quot;created_timestamp&quot;:&quot;0&quot;,&quot;copyright&quot;:&quot;&quot;,&quot;focal_length&quot;:&quot;0&quot;,&quot;iso&quot;:&quot;0&quot;,&quot;shutter_speed&quot;:&quot;0&quot;,&quot;title&quot;:&quot;&quot;,&quot;orientation&quot;:&quot;0&quot;}\" data-image-title=\"Mobile et tableau\" data-image-description=\"\" data-image-caption=\"\" data-medium-file=\"https:\/\/www.leriredelarcenciel.fr\/Blog\/wp-content\/uploads\/2025\/09\/Mobile-et-tableau-300x104.jpg\" data-large-file=\"https:\/\/www.leriredelarcenciel.fr\/Blog\/wp-content\/uploads\/2025\/09\/Mobile-et-tableau-1024x355.jpg\" src=\"https:\/\/www.leriredelarcenciel.fr\/Blog\/wp-content\/uploads\/2025\/09\/Mobile-et-tableau-1024x355.jpg\" alt=\"\" class=\"wp-image-6912\" srcset=\"https:\/\/www.leriredelarcenciel.fr\/Blog\/wp-content\/uploads\/2025\/09\/Mobile-et-tableau-1024x355.jpg 1024w, https:\/\/www.leriredelarcenciel.fr\/Blog\/wp-content\/uploads\/2025\/09\/Mobile-et-tableau-300x104.jpg 300w, https:\/\/www.leriredelarcenciel.fr\/Blog\/wp-content\/uploads\/2025\/09\/Mobile-et-tableau-768x266.jpg 768w, https:\/\/www.leriredelarcenciel.fr\/Blog\/wp-content\/uploads\/2025\/09\/Mobile-et-tableau-1536x532.jpg 1536w, https:\/\/www.leriredelarcenciel.fr\/Blog\/wp-content\/uploads\/2025\/09\/Mobile-et-tableau-2048x710.jpg 2048w, https:\/\/www.leriredelarcenciel.fr\/Blog\/wp-content\/uploads\/2025\/09\/Mobile-et-tableau-216x75.jpg 216w\" sizes=\"auto, (max-width: 1024px) 100vw, 1024px\" \/><figcaption class=\"wp-element-caption\"><em>Mobile et tableau<\/em><\/figcaption><\/figure>\n\n\n\n<p>Mon propre carnet n\u2019est pas termin\u00e9. D\u2019ailleurs le sera-t-il un jour&nbsp;? Il existe tellement de points et de styles diff\u00e9rents&nbsp;! Moi-m\u00eame je d\u00e9couvre toujours de nouveaux points, de nouvelles techniques. Et m\u00eame si je n&rsquo;utilise pas tout dans les cr\u00e9ations que je propose <a href=\"https:\/\/leriredelarcenciel.com\/wordpress\/categorie-produit\/broderie\/\" target=\"_blank\" rel=\"noreferrer noopener\"><strong><em>c\u00f4t\u00e9 boutique<\/em><\/strong><\/a> (j&rsquo;ai moi-m\u00eame mon propre style de broderie), j\u2019ai plaisir \u00e0 partager un maximum de choses avec mes ch\u00e8res \u00e9l\u00e8ves.<\/p>\n\n\n\n<p>Vous souhaitez faire des ateliers broderie ? Voici quelques infos&nbsp;:<\/p>\n\n\n\n<ul class=\"wp-block-list\">\n<li>Les ateliers que je propose sont accessibles \u00e0 tous (\u00e0 partir de 6 ans) m\u00eame si vous \u00eates d\u00e9butants.<\/li>\n\n\n\n<li>Il y a entre 1 et 4 personnes \u00e0 chaque atelier. Pas plus&nbsp;! Autant dire que je peux aider et conseiller chacun au cours de la s\u00e9ance. Chacun avance \u00e0 son rythme.<\/li>\n\n\n\n<li>Chaque atelier dure 2h environ.<\/li>\n\n\n\n<li>Une s\u00e9ance co\u00fbte 10\u20ac par personne. Vous pouvez venir avec seulement vos 10 doigts et votre bonne humeur. En r\u00e9sum\u00e9, le mat\u00e9riel est fourni.<\/li>\n\n\n\n<li>Vous \u00eates int\u00e9ress\u00e9-e&nbsp;? Vous devez imp\u00e9rativement prendre rendez-vous pour que nous fixions ensemble le jour et l\u2019heure qui nous conviennent.<\/li>\n\n\n\n<li>Jours et horaires possibles&nbsp;: du lundi au vendredi, entre 10h \u00e0 12h et entre 14h \u00e0 19h<\/li>\n\n\n\n<li>L\u2019adresse&nbsp;: atelier-boutique Le rire de l\u2019arc-en-ciel, 17 rue des Iles, Ile Grande, 22560 Pleumeur-Bodou.<\/li>\n\n\n\n<li>Contact par mail sur leriredelarcenciel@orange.fr ou par sms (de pr\u00e9f\u00e9rence) au 06 84 11 84 18 <\/li>\n<\/ul>\n\n\n\n<p><\/p>\n<a class=\"synved-social-button synved-social-button-share synved-social-size-24 synved-social-resolution-single synved-social-provider-facebook nolightbox\" data-provider=\"facebook\" target=\"_blank\" rel=\"nofollow\" title=\"Partager sur Facebook\" href=\"http:\/\/www.facebook.com\/sharer.php?u=https%3A%2F%2Fwww.leriredelarcenciel.fr%2FBlog%2Fwp-json%2Fwp%2Fv2%2Fposts%2F6905&#038;t=Les%20ateliers%20d%E2%80%99initiation%20%C3%A0%20la%20broderie&#038;s=100&#038;p&#091;url&#093;=https%3A%2F%2Fwww.leriredelarcenciel.fr%2FBlog%2Fwp-json%2Fwp%2Fv2%2Fposts%2F6905&#038;p&#091;images&#093;&#091;0&#093;=https%3A%2F%2Fwww.leriredelarcenciel.fr%2FBlog%2Fwp-content%2Fuploads%2F2025%2F09%2FCarnet-2-1024x679.jpg&#038;p&#091;title&#093;=Les%20ateliers%20d%E2%80%99initiation%20%C3%A0%20la%20broderie\" style=\"font-size: 0px;width:24px;height:24px;margin:0;margin-bottom:10px;margin-right:10px\"><img loading=\"lazy\" decoding=\"async\" alt=\"Facebook\" title=\"Partager sur Facebook\" class=\"synved-share-image synved-social-image synved-social-image-share\" width=\"24\" height=\"24\" style=\"display: inline;width:24px;height:24px;margin: 0;padding: 0;border: none;box-shadow: none\" src=\"https:\/\/www.leriredelarcenciel.fr\/Blog\/wp-content\/plugins\/social-media-feather\/synved-social\/image\/social\/regular\/48x48\/facebook.png\" \/><\/a><a class=\"synved-social-button synved-social-button-share synved-social-size-24 synved-social-resolution-single synved-social-provider-pinterest nolightbox\" data-provider=\"pinterest\" target=\"_blank\" rel=\"nofollow\" title=\"Epingler sur Pinterest\" href=\"https:\/\/pinterest.com\/pin\/create\/button\/?url=https%3A%2F%2Fwww.leriredelarcenciel.fr%2FBlog%2Fwp-json%2Fwp%2Fv2%2Fposts%2F6905&#038;media=https%3A%2F%2Fwww.leriredelarcenciel.fr%2FBlog%2Fwp-content%2Fuploads%2F2025%2F09%2FCarnet-2-1024x679.jpg&#038;description=Les%20ateliers%20d%E2%80%99initiation%20%C3%A0%20la%20broderie\" style=\"font-size: 0px;width:24px;height:24px;margin:0;margin-bottom:10px;margin-right:10px\"><img loading=\"lazy\" decoding=\"async\" alt=\"pinterest\" title=\"Epingler sur Pinterest\" class=\"synved-share-image synved-social-image synved-social-image-share\" width=\"24\" height=\"24\" style=\"display: inline;width:24px;height:24px;margin: 0;padding: 0;border: none;box-shadow: none\" src=\"https:\/\/www.leriredelarcenciel.fr\/Blog\/wp-content\/plugins\/social-media-feather\/synved-social\/image\/social\/regular\/48x48\/pinterest.png\" \/><\/a><a class=\"synved-social-button synved-social-button-share synved-social-size-24 synved-social-resolution-single synved-social-provider-mail nolightbox\" data-provider=\"mail\" rel=\"nofollow\" title=\"Partager par email\" href=\"mailto:?subject=Les%20ateliers%20d%E2%80%99initiation%20%C3%A0%20la%20broderie&#038;body=Le%20rire%20de%20l%27arc-en-ciel%20:%20https%3A%2F%2Fwww.leriredelarcenciel.fr%2FBlog%2Fwp-json%2Fwp%2Fv2%2Fposts%2F6905\" style=\"font-size: 0px;width:24px;height:24px;margin:0;margin-bottom:10px;margin-right:10px\"><img loading=\"lazy\" decoding=\"async\" alt=\"mail\" title=\"Partager par email\" class=\"synved-share-image synved-social-image synved-social-image-share\" width=\"24\" height=\"24\" style=\"display: inline;width:24px;height:24px;margin: 0;padding: 0;border: none;box-shadow: none\" src=\"https:\/\/www.leriredelarcenciel.fr\/Blog\/wp-content\/plugins\/social-media-feather\/synved-social\/image\/social\/regular\/48x48\/mail.png\" \/><\/a>","protected":false},"excerpt":{"rendered":"<p>Dans l\u2019article Vos ateliers de l\u2019\u00e9t\u00e9, je vous avais promis de vous parler des brodeuses qui viennent r\u00e9guli\u00e8rement, pour certaines toute l\u2019ann\u00e9e, au Rire de l\u2019arc-en-ciel. Eh oui, je mets volontairement \u00ab&nbsp;brodeuse&nbsp;\u00bb au f\u00e9minin. Les brodeurs se font bien rares, il faut l\u2019avouer&#8230; Que font ces brodeuses donc,&nbsp;lors de leurs s\u00e9ances ? Pour la majorit\u00e9 [&hellip;]<\/p>\n","protected":false},"author":1,"featured_media":0,"comment_status":"open","ping_status":"open","sticky":false,"template":"","format":"standard","meta":{"jetpack_post_was_ever_published":false,"_jetpack_newsletter_access":"","_jetpack_dont_email_post_to_subs":false,"_jetpack_newsletter_tier_id":0,"_jetpack_memberships_contains_paywalled_content":false,"_jetpack_memberships_contains_paid_content":false,"footnotes":"","jetpack_publicize_message":"","jetpack_publicize_feature_enabled":true,"jetpack_social_post_already_shared":true,"jetpack_social_options":{"image_generator_settings":{"template":"highway","default_image_id":0,"font":"","enabled":false},"version":2}},"categories":[4],"tags":[213,1538,1274,1540,26,15],"class_list":["post-6905","post","type-post","status-publish","format-standard","hentry","category-dans-un-coin-de-l-atelier","tag-artisanat","tag-atelier-broderie","tag-broderie-a-la-main","tag-cours-broderie","tag-ile-grande","tag-le-rire-de-larc-en-ciel"],"jetpack_publicize_connections":[],"jetpack_featured_media_url":"","jetpack_sharing_enabled":true,"jetpack_shortlink":"https:\/\/wp.me\/p4fKpm-1Nn","_links":{"self":[{"href":"https:\/\/www.leriredelarcenciel.fr\/Blog\/wp-json\/wp\/v2\/posts\/6905","targetHints":{"allow":["GET"]}}],"collection":[{"href":"https:\/\/www.leriredelarcenciel.fr\/Blog\/wp-json\/wp\/v2\/posts"}],"about":[{"href":"https:\/\/www.leriredelarcenciel.fr\/Blog\/wp-json\/wp\/v2\/types\/post"}],"author":[{"embeddable":true,"href":"https:\/\/www.leriredelarcenciel.fr\/Blog\/wp-json\/wp\/v2\/users\/1"}],"replies":[{"embeddable":true,"href":"https:\/\/www.leriredelarcenciel.fr\/Blog\/wp-json\/wp\/v2\/comments?post=6905"}],"version-history":[{"count":5,"href":"https:\/\/www.leriredelarcenciel.fr\/Blog\/wp-json\/wp\/v2\/posts\/6905\/revisions"}],"predecessor-version":[{"id":6934,"href":"https:\/\/www.leriredelarcenciel.fr\/Blog\/wp-json\/wp\/v2\/posts\/6905\/revisions\/6934"}],"wp:attachment":[{"href":"https:\/\/www.leriredelarcenciel.fr\/Blog\/wp-json\/wp\/v2\/media?parent=6905"}],"wp:term":[{"taxonomy":"category","embeddable":true,"href":"https:\/\/www.leriredelarcenciel.fr\/Blog\/wp-json\/wp\/v2\/categories?post=6905"},{"taxonomy":"post_tag","embeddable":true,"href":"https:\/\/www.leriredelarcenciel.fr\/Blog\/wp-json\/wp\/v2\/tags?post=6905"}],"curies":[{"name":"wp","href":"https:\/\/api.w.org\/{rel}","templated":true}]}}