{"id":6868,"date":"2025-07-28T13:46:16","date_gmt":"2025-07-28T12:46:16","guid":{"rendered":"https:\/\/www.leriredelarcenciel.fr\/Blog\/?p=6868"},"modified":"2025-07-28T13:47:46","modified_gmt":"2025-07-28T12:47:46","slug":"presentation-des-creations-du-rire-de-larc-en-ciel","status":"publish","type":"post","link":"https:\/\/www.leriredelarcenciel.fr\/Blog\/presentation-des-creations-du-rire-de-larc-en-ciel\/","title":{"rendered":"Pr\u00e9sentation des cr\u00e9ations du Rire de l\u2019arc-en-ciel"},"content":{"rendered":"\n<p>2025\u2026 \u00c7a fait maintenant 16 ans que Le rire de l\u2019arc-en-ciel existe. Je vous avoue que je ne vois pas les ann\u00e9es passer ! Au fil du temps, mes cr\u00e9ations \u00e9voluent. C\u2019est pourquoi aujourd\u2019hui je me dis qu\u2019une petite pr\u00e9sentation de mon travail actuel s\u2019impose.<\/p>\n\n\n\n<figure class=\"wp-block-image size-large\"><img loading=\"lazy\" decoding=\"async\" width=\"1024\" height=\"662\" data-attachment-id=\"6875\" data-permalink=\"https:\/\/www.leriredelarcenciel.fr\/Blog\/presentation-des-creations-du-rire-de-larc-en-ciel\/carte-de-visite-recto-2\/\" data-orig-file=\"https:\/\/www.leriredelarcenciel.fr\/Blog\/wp-content\/uploads\/2025\/07\/Carte-de-visite-recto.jpg\" data-orig-size=\"1853,1198\" data-comments-opened=\"1\" data-image-meta=\"{&quot;aperture&quot;:&quot;0&quot;,&quot;credit&quot;:&quot;&quot;,&quot;camera&quot;:&quot;&quot;,&quot;caption&quot;:&quot;&quot;,&quot;created_timestamp&quot;:&quot;0&quot;,&quot;copyright&quot;:&quot;&quot;,&quot;focal_length&quot;:&quot;0&quot;,&quot;iso&quot;:&quot;0&quot;,&quot;shutter_speed&quot;:&quot;0&quot;,&quot;title&quot;:&quot;&quot;,&quot;orientation&quot;:&quot;0&quot;}\" data-image-title=\"Carte de visite recto\" data-image-description=\"\" data-image-caption=\"\" data-medium-file=\"https:\/\/www.leriredelarcenciel.fr\/Blog\/wp-content\/uploads\/2025\/07\/Carte-de-visite-recto-300x194.jpg\" data-large-file=\"https:\/\/www.leriredelarcenciel.fr\/Blog\/wp-content\/uploads\/2025\/07\/Carte-de-visite-recto-1024x662.jpg\" src=\"https:\/\/www.leriredelarcenciel.fr\/Blog\/wp-content\/uploads\/2025\/07\/Carte-de-visite-recto-1024x662.jpg\" alt=\"\" class=\"wp-image-6875\" srcset=\"https:\/\/www.leriredelarcenciel.fr\/Blog\/wp-content\/uploads\/2025\/07\/Carte-de-visite-recto-1024x662.jpg 1024w, https:\/\/www.leriredelarcenciel.fr\/Blog\/wp-content\/uploads\/2025\/07\/Carte-de-visite-recto-300x194.jpg 300w, https:\/\/www.leriredelarcenciel.fr\/Blog\/wp-content\/uploads\/2025\/07\/Carte-de-visite-recto-768x497.jpg 768w, https:\/\/www.leriredelarcenciel.fr\/Blog\/wp-content\/uploads\/2025\/07\/Carte-de-visite-recto-1536x993.jpg 1536w, https:\/\/www.leriredelarcenciel.fr\/Blog\/wp-content\/uploads\/2025\/07\/Carte-de-visite-recto-216x140.jpg 216w, https:\/\/www.leriredelarcenciel.fr\/Blog\/wp-content\/uploads\/2025\/07\/Carte-de-visite-recto.jpg 1853w\" sizes=\"auto, (max-width: 1024px) 100vw, 1024px\" \/><\/figure>\n\n\n\n<p>Pour les personnes qui sont arriv\u00e9es nouvellement sur mon blog, pour celles qui reviennent apr\u00e8s une longue p\u00e9riode d\u2019absence et aussi pour toutes celles qui n\u2019avaient pas encore tout d\u00e9couvert\u2026 Voici donc 3 diaporamas qui r\u00e9sument en quelques images ce que vous pouvez trouver au Rire de l\u2019arc-en-ciel.<\/p>\n\n\n\n<p>Pour commencer, voici l\u2019univers du Petit Peuple, des personnages hauts comme 3 pommes qui donnent le sourire&nbsp;:<\/p>\n\n\n\n<figure class=\"wp-block-video\"><video height=\"1080\" style=\"aspect-ratio: 864 \/ 1080;\" width=\"864\" controls src=\"https:\/\/www.leriredelarcenciel.fr\/Blog\/wp-content\/uploads\/2025\/07\/Petit-peuple-Decoration.mp4\"><\/video><\/figure>\n\n\n\n<p>Dans les deux diaporamas qui suivent, vous d\u00e9couvrirez la broderie. Pour commencer, je vous pr\u00e9sente les bijoux et les accessoires de mode. Le dernier diaporama est r\u00e9serv\u00e9 aux tableaux.<\/p>\n\n\n\n<figure class=\"wp-block-video\"><video height=\"1080\" style=\"aspect-ratio: 864 \/ 1080;\" width=\"864\" controls src=\"https:\/\/www.leriredelarcenciel.fr\/Blog\/wp-content\/uploads\/2025\/07\/Broderie-Bijoux-et-accessoires.mp4\"><\/video><\/figure>\n\n\n\n<figure class=\"wp-block-video\"><video height=\"1080\" style=\"aspect-ratio: 864 \/ 1080;\" width=\"864\" controls src=\"https:\/\/www.leriredelarcenciel.fr\/Blog\/wp-content\/uploads\/2025\/07\/Broderie-Tableaux.mp4\"><\/video><\/figure>\n\n\n\n<p>Je vous invite \u00e0 lire \u00e9galement ma page \u00ab\u00a0<strong><em><a href=\"https:\/\/www.leriredelarcenciel.fr\/Blog\/potins\/\" target=\"_blank\" rel=\"noreferrer noopener\">A propos<\/a><\/em><\/strong>\u00a0\u00bb en cliquant sur le lien.<\/p>\n<a class=\"synved-social-button synved-social-button-share synved-social-size-24 synved-social-resolution-single synved-social-provider-facebook nolightbox\" data-provider=\"facebook\" target=\"_blank\" rel=\"nofollow\" title=\"Partager sur Facebook\" href=\"http:\/\/www.facebook.com\/sharer.php?u=https%3A%2F%2Fwww.leriredelarcenciel.fr%2FBlog%2Fwp-json%2Fwp%2Fv2%2Fposts%2F6868&#038;t=Pr%C3%A9sentation%20des%20cr%C3%A9ations%20du%20Rire%20de%20l%E2%80%99arc-en-ciel&#038;s=100&#038;p&#091;url&#093;=https%3A%2F%2Fwww.leriredelarcenciel.fr%2FBlog%2Fwp-json%2Fwp%2Fv2%2Fposts%2F6868&#038;p&#091;images&#093;&#091;0&#093;=https%3A%2F%2Fwww.leriredelarcenciel.fr%2FBlog%2Fwp-content%2Fuploads%2F2025%2F07%2FCarte-de-visite-recto-1024x662.jpg&#038;p&#091;title&#093;=Pr%C3%A9sentation%20des%20cr%C3%A9ations%20du%20Rire%20de%20l%E2%80%99arc-en-ciel\" style=\"font-size: 0px;width:24px;height:24px;margin:0;margin-bottom:10px;margin-right:10px\"><img loading=\"lazy\" decoding=\"async\" alt=\"Facebook\" title=\"Partager sur Facebook\" class=\"synved-share-image synved-social-image synved-social-image-share\" width=\"24\" height=\"24\" style=\"display: inline;width:24px;height:24px;margin: 0;padding: 0;border: none;box-shadow: none\" src=\"https:\/\/www.leriredelarcenciel.fr\/Blog\/wp-content\/plugins\/social-media-feather\/synved-social\/image\/social\/regular\/48x48\/facebook.png\" \/><\/a><a class=\"synved-social-button synved-social-button-share synved-social-size-24 synved-social-resolution-single synved-social-provider-pinterest nolightbox\" data-provider=\"pinterest\" target=\"_blank\" rel=\"nofollow\" title=\"Epingler sur Pinterest\" href=\"https:\/\/pinterest.com\/pin\/create\/button\/?url=https%3A%2F%2Fwww.leriredelarcenciel.fr%2FBlog%2Fwp-json%2Fwp%2Fv2%2Fposts%2F6868&#038;media=https%3A%2F%2Fwww.leriredelarcenciel.fr%2FBlog%2Fwp-content%2Fuploads%2F2025%2F07%2FCarte-de-visite-recto-1024x662.jpg&#038;description=Pr%C3%A9sentation%20des%20cr%C3%A9ations%20du%20Rire%20de%20l%E2%80%99arc-en-ciel\" style=\"font-size: 0px;width:24px;height:24px;margin:0;margin-bottom:10px;margin-right:10px\"><img loading=\"lazy\" decoding=\"async\" alt=\"pinterest\" title=\"Epingler sur Pinterest\" class=\"synved-share-image synved-social-image synved-social-image-share\" width=\"24\" height=\"24\" style=\"display: inline;width:24px;height:24px;margin: 0;padding: 0;border: none;box-shadow: none\" src=\"https:\/\/www.leriredelarcenciel.fr\/Blog\/wp-content\/plugins\/social-media-feather\/synved-social\/image\/social\/regular\/48x48\/pinterest.png\" \/><\/a><a class=\"synved-social-button synved-social-button-share synved-social-size-24 synved-social-resolution-single synved-social-provider-mail nolightbox\" data-provider=\"mail\" rel=\"nofollow\" title=\"Partager par email\" href=\"mailto:?subject=Pr%C3%A9sentation%20des%20cr%C3%A9ations%20du%20Rire%20de%20l%E2%80%99arc-en-ciel&#038;body=Le%20rire%20de%20l%27arc-en-ciel%20:%20https%3A%2F%2Fwww.leriredelarcenciel.fr%2FBlog%2Fwp-json%2Fwp%2Fv2%2Fposts%2F6868\" style=\"font-size: 0px;width:24px;height:24px;margin:0;margin-bottom:10px;margin-right:10px\"><img loading=\"lazy\" decoding=\"async\" alt=\"mail\" title=\"Partager par email\" class=\"synved-share-image synved-social-image synved-social-image-share\" width=\"24\" height=\"24\" style=\"display: inline;width:24px;height:24px;margin: 0;padding: 0;border: none;box-shadow: none\" src=\"https:\/\/www.leriredelarcenciel.fr\/Blog\/wp-content\/plugins\/social-media-feather\/synved-social\/image\/social\/regular\/48x48\/mail.png\" \/><\/a>","protected":false},"excerpt":{"rendered":"<p>2025\u2026 \u00c7a fait maintenant 16 ans que Le rire de l\u2019arc-en-ciel existe. Je vous avoue que je ne vois pas les ann\u00e9es passer ! Au fil du temps, mes cr\u00e9ations \u00e9voluent. C\u2019est pourquoi aujourd\u2019hui je me dis qu\u2019une petite pr\u00e9sentation de mon travail actuel s\u2019impose. Pour les personnes qui sont arriv\u00e9es nouvellement sur mon blog, [&hellip;]<\/p>\n","protected":false},"author":1,"featured_media":0,"comment_status":"open","ping_status":"open","sticky":false,"template":"","format":"standard","meta":{"jetpack_post_was_ever_published":false,"_jetpack_newsletter_access":"","_jetpack_dont_email_post_to_subs":false,"_jetpack_newsletter_tier_id":0,"_jetpack_memberships_contains_paywalled_content":false,"_jetpack_memberships_contains_paid_content":false,"footnotes":"","jetpack_publicize_message":"","jetpack_publicize_feature_enabled":true,"jetpack_social_post_already_shared":true,"jetpack_social_options":{"image_generator_settings":{"template":"highway","default_image_id":0,"font":"","enabled":false},"version":2}},"categories":[13,4],"tags":[213,1521,2067,825,1274,30,26,15,1724,1159,1217],"class_list":["post-6868","post","type-post","status-publish","format-standard","hentry","category-bons-baisers-de-l-ile-grande","category-dans-un-coin-de-l-atelier","tag-artisanat","tag-artisanat-dart","tag-artisanat-francais","tag-bijoux-brodes","tag-broderie-a-la-main","tag-cotes-darmor","tag-ile-grande","tag-le-rire-de-larc-en-ciel","tag-petit-peuple","tag-poupees-miniatures","tag-tableaux-brodes"],"jetpack_publicize_connections":[],"jetpack_featured_media_url":"","jetpack_sharing_enabled":true,"jetpack_shortlink":"https:\/\/wp.me\/p4fKpm-1MM","_links":{"self":[{"href":"https:\/\/www.leriredelarcenciel.fr\/Blog\/wp-json\/wp\/v2\/posts\/6868","targetHints":{"allow":["GET"]}}],"collection":[{"href":"https:\/\/www.leriredelarcenciel.fr\/Blog\/wp-json\/wp\/v2\/posts"}],"about":[{"href":"https:\/\/www.leriredelarcenciel.fr\/Blog\/wp-json\/wp\/v2\/types\/post"}],"author":[{"embeddable":true,"href":"https:\/\/www.leriredelarcenciel.fr\/Blog\/wp-json\/wp\/v2\/users\/1"}],"replies":[{"embeddable":true,"href":"https:\/\/www.leriredelarcenciel.fr\/Blog\/wp-json\/wp\/v2\/comments?post=6868"}],"version-history":[{"count":2,"href":"https:\/\/www.leriredelarcenciel.fr\/Blog\/wp-json\/wp\/v2\/posts\/6868\/revisions"}],"predecessor-version":[{"id":6876,"href":"https:\/\/www.leriredelarcenciel.fr\/Blog\/wp-json\/wp\/v2\/posts\/6868\/revisions\/6876"}],"wp:attachment":[{"href":"https:\/\/www.leriredelarcenciel.fr\/Blog\/wp-json\/wp\/v2\/media?parent=6868"}],"wp:term":[{"taxonomy":"category","embeddable":true,"href":"https:\/\/www.leriredelarcenciel.fr\/Blog\/wp-json\/wp\/v2\/categories?post=6868"},{"taxonomy":"post_tag","embeddable":true,"href":"https:\/\/www.leriredelarcenciel.fr\/Blog\/wp-json\/wp\/v2\/tags?post=6868"}],"curies":[{"name":"wp","href":"https:\/\/api.w.org\/{rel}","templated":true}]}}