{"id":6829,"date":"2025-04-30T16:38:37","date_gmt":"2025-04-30T15:38:37","guid":{"rendered":"https:\/\/www.leriredelarcenciel.fr\/Blog\/?p=6829"},"modified":"2025-04-30T16:43:32","modified_gmt":"2025-04-30T15:43:32","slug":"inspiration-ceanothe","status":"publish","type":"post","link":"https:\/\/www.leriredelarcenciel.fr\/Blog\/inspiration-ceanothe\/","title":{"rendered":"Inspiration c\u00e9anothe"},"content":{"rendered":"\n<p>J\u2019aime le bleu. C\u2019est ma couleur pr\u00e9f\u00e9r\u00e9e. Je pense que vous l\u2019avez devin\u00e9 si vous \u00eates d\u00e9j\u00e0 venu.e au Rire de l\u2019arc-en-ciel \u00e0 l\u2019\u00cele Grande. Il y a du bleu c\u00f4t\u00e9 atelier (un mur), c\u00f4t\u00e9 boutique (une porte) et aussi (surtout&nbsp;?) du bleu dans <a href=\"https:\/\/www.instagram.com\/leriredelarcenciel\" target=\"_blank\" rel=\"noreferrer noopener\"><em><strong>mes cr\u00e9ations<\/strong><\/em><\/a>&nbsp;!<\/p>\n\n\n\n<figure class=\"wp-block-image size-large\"><img loading=\"lazy\" decoding=\"async\" width=\"1024\" height=\"679\" data-attachment-id=\"6830\" data-permalink=\"https:\/\/www.leriredelarcenciel.fr\/Blog\/inspiration-ceanothe\/236-tableau-peinture-et-broderie-20cm-5\/\" data-orig-file=\"https:\/\/www.leriredelarcenciel.fr\/Blog\/wp-content\/uploads\/2025\/04\/236-Tableau-peinture-et-broderie-20cm-5.jpg\" data-orig-size=\"2448,1624\" data-comments-opened=\"1\" data-image-meta=\"{&quot;aperture&quot;:&quot;20&quot;,&quot;credit&quot;:&quot;&quot;,&quot;camera&quot;:&quot;NEX-F3&quot;,&quot;caption&quot;:&quot;&quot;,&quot;created_timestamp&quot;:&quot;1745862420&quot;,&quot;copyright&quot;:&quot;&quot;,&quot;focal_length&quot;:&quot;30&quot;,&quot;iso&quot;:&quot;3200&quot;,&quot;shutter_speed&quot;:&quot;0.025&quot;,&quot;title&quot;:&quot;&quot;,&quot;orientation&quot;:&quot;0&quot;}\" data-image-title=\"236 &amp;#8211; Tableau peinture et broderie 20cm 5\" data-image-description=\"\" data-image-caption=\"\" data-medium-file=\"https:\/\/www.leriredelarcenciel.fr\/Blog\/wp-content\/uploads\/2025\/04\/236-Tableau-peinture-et-broderie-20cm-5-300x199.jpg\" data-large-file=\"https:\/\/www.leriredelarcenciel.fr\/Blog\/wp-content\/uploads\/2025\/04\/236-Tableau-peinture-et-broderie-20cm-5-1024x679.jpg\" src=\"https:\/\/www.leriredelarcenciel.fr\/Blog\/wp-content\/uploads\/2025\/04\/236-Tableau-peinture-et-broderie-20cm-5-1024x679.jpg\" alt=\"\" class=\"wp-image-6830\" srcset=\"https:\/\/www.leriredelarcenciel.fr\/Blog\/wp-content\/uploads\/2025\/04\/236-Tableau-peinture-et-broderie-20cm-5-1024x679.jpg 1024w, https:\/\/www.leriredelarcenciel.fr\/Blog\/wp-content\/uploads\/2025\/04\/236-Tableau-peinture-et-broderie-20cm-5-300x199.jpg 300w, https:\/\/www.leriredelarcenciel.fr\/Blog\/wp-content\/uploads\/2025\/04\/236-Tableau-peinture-et-broderie-20cm-5-768x509.jpg 768w, https:\/\/www.leriredelarcenciel.fr\/Blog\/wp-content\/uploads\/2025\/04\/236-Tableau-peinture-et-broderie-20cm-5-1536x1019.jpg 1536w, https:\/\/www.leriredelarcenciel.fr\/Blog\/wp-content\/uploads\/2025\/04\/236-Tableau-peinture-et-broderie-20cm-5-2048x1359.jpg 2048w, https:\/\/www.leriredelarcenciel.fr\/Blog\/wp-content\/uploads\/2025\/04\/236-Tableau-peinture-et-broderie-20cm-5-216x143.jpg 216w\" sizes=\"auto, (max-width: 1024px) 100vw, 1024px\" \/><\/figure>\n\n\n\n<p>Dans la nature, le bleu m\u2019attire aussi\u2026 En ce moment, les fleurs de myosotis ressemblent \u00e0 des petites perles parsem\u00e9es dans l\u2019herbe verte. Les v\u00e9roniques sont plus discr\u00e8tes mais tout aussi charmantes. Elles profitent du soleil pour s\u2019\u00e9panouir tandis que les petites pervenches colonisent joyeusement les sols plus frais.<\/p>\n\n\n\n<figure class=\"wp-block-image size-full\"><img loading=\"lazy\" decoding=\"async\" width=\"368\" height=\"585\" data-attachment-id=\"6831\" data-permalink=\"https:\/\/www.leriredelarcenciel.fr\/Blog\/inspiration-ceanothe\/ceanothe-3\/\" data-orig-file=\"https:\/\/www.leriredelarcenciel.fr\/Blog\/wp-content\/uploads\/2025\/04\/Ceanothe-3.png\" data-orig-size=\"368,585\" data-comments-opened=\"1\" data-image-meta=\"{&quot;aperture&quot;:&quot;0&quot;,&quot;credit&quot;:&quot;&quot;,&quot;camera&quot;:&quot;&quot;,&quot;caption&quot;:&quot;&quot;,&quot;created_timestamp&quot;:&quot;0&quot;,&quot;copyright&quot;:&quot;&quot;,&quot;focal_length&quot;:&quot;0&quot;,&quot;iso&quot;:&quot;0&quot;,&quot;shutter_speed&quot;:&quot;0&quot;,&quot;title&quot;:&quot;&quot;,&quot;orientation&quot;:&quot;0&quot;}\" data-image-title=\"C\u00e9anothe 3\" data-image-description=\"\" data-image-caption=\"\" data-medium-file=\"https:\/\/www.leriredelarcenciel.fr\/Blog\/wp-content\/uploads\/2025\/04\/Ceanothe-3-189x300.png\" data-large-file=\"https:\/\/www.leriredelarcenciel.fr\/Blog\/wp-content\/uploads\/2025\/04\/Ceanothe-3.png\" src=\"https:\/\/www.leriredelarcenciel.fr\/Blog\/wp-content\/uploads\/2025\/04\/Ceanothe-3.png\" alt=\"\" class=\"wp-image-6831\" srcset=\"https:\/\/www.leriredelarcenciel.fr\/Blog\/wp-content\/uploads\/2025\/04\/Ceanothe-3.png 368w, https:\/\/www.leriredelarcenciel.fr\/Blog\/wp-content\/uploads\/2025\/04\/Ceanothe-3-189x300.png 189w, https:\/\/www.leriredelarcenciel.fr\/Blog\/wp-content\/uploads\/2025\/04\/Ceanothe-3-106x168.png 106w\" sizes=\"auto, (max-width: 368px) 100vw, 368px\" \/><\/figure>\n\n\n\n<p>Et puis il y a les c\u00e9anothes*. Ces arbustes ne sont pas sauvages. Ils sont plant\u00e9s dans les jardins et se couvrent \u00e0 cette saison de fleurs bleues parfum\u00e9es. A chaque fois que je les vois en fleur dans le voisinage, j\u2019en prends plein les yeux\u00a0!<\/p>\n\n\n\n<figure class=\"wp-block-image size-large\"><img loading=\"lazy\" decoding=\"async\" width=\"1024\" height=\"679\" data-attachment-id=\"6832\" data-permalink=\"https:\/\/www.leriredelarcenciel.fr\/Blog\/inspiration-ceanothe\/236-tableau-peinture-et-broderie-20cm-2\/\" data-orig-file=\"https:\/\/www.leriredelarcenciel.fr\/Blog\/wp-content\/uploads\/2025\/04\/236-Tableau-peinture-et-broderie-20cm-2.jpg\" data-orig-size=\"2448,1624\" data-comments-opened=\"1\" data-image-meta=\"{&quot;aperture&quot;:&quot;20&quot;,&quot;credit&quot;:&quot;&quot;,&quot;camera&quot;:&quot;NEX-F3&quot;,&quot;caption&quot;:&quot;&quot;,&quot;created_timestamp&quot;:&quot;1745862299&quot;,&quot;copyright&quot;:&quot;&quot;,&quot;focal_length&quot;:&quot;30&quot;,&quot;iso&quot;:&quot;3200&quot;,&quot;shutter_speed&quot;:&quot;0.025&quot;,&quot;title&quot;:&quot;&quot;,&quot;orientation&quot;:&quot;0&quot;}\" data-image-title=\"236 &amp;#8211; Tableau peinture et broderie 20cm 2\" data-image-description=\"\" data-image-caption=\"\" data-medium-file=\"https:\/\/www.leriredelarcenciel.fr\/Blog\/wp-content\/uploads\/2025\/04\/236-Tableau-peinture-et-broderie-20cm-2-300x199.jpg\" data-large-file=\"https:\/\/www.leriredelarcenciel.fr\/Blog\/wp-content\/uploads\/2025\/04\/236-Tableau-peinture-et-broderie-20cm-2-1024x679.jpg\" src=\"https:\/\/www.leriredelarcenciel.fr\/Blog\/wp-content\/uploads\/2025\/04\/236-Tableau-peinture-et-broderie-20cm-2-1024x679.jpg\" alt=\"\" class=\"wp-image-6832\" srcset=\"https:\/\/www.leriredelarcenciel.fr\/Blog\/wp-content\/uploads\/2025\/04\/236-Tableau-peinture-et-broderie-20cm-2-1024x679.jpg 1024w, https:\/\/www.leriredelarcenciel.fr\/Blog\/wp-content\/uploads\/2025\/04\/236-Tableau-peinture-et-broderie-20cm-2-300x199.jpg 300w, https:\/\/www.leriredelarcenciel.fr\/Blog\/wp-content\/uploads\/2025\/04\/236-Tableau-peinture-et-broderie-20cm-2-768x509.jpg 768w, https:\/\/www.leriredelarcenciel.fr\/Blog\/wp-content\/uploads\/2025\/04\/236-Tableau-peinture-et-broderie-20cm-2-1536x1019.jpg 1536w, https:\/\/www.leriredelarcenciel.fr\/Blog\/wp-content\/uploads\/2025\/04\/236-Tableau-peinture-et-broderie-20cm-2-2048x1359.jpg 2048w, https:\/\/www.leriredelarcenciel.fr\/Blog\/wp-content\/uploads\/2025\/04\/236-Tableau-peinture-et-broderie-20cm-2-216x143.jpg 216w\" sizes=\"auto, (max-width: 1024px) 100vw, 1024px\" \/><\/figure>\n\n\n\n<p>Derni\u00e8rement, j\u2019ai brod\u00e9 un tableau, un arbre\u2026 avec des fleurs bleues. Comme toujours, c\u2019est mon imagination qui m\u2019a guid\u00e9e. Quand il a \u00e9t\u00e9 termin\u00e9, je me suis rendu compte qu\u2019il avait un petit air de famille avec les c\u00e9anothes. Ce n\u2019est sans doute pas un hasard\u2026<\/p>\n\n\n\n<figure class=\"wp-block-image size-large\"><a href=\"https:\/\/leriredelarcenciel.com\/wordpress\/produit\/tableau-hublot-broderie-sur-peinture-arbre-bleu-20-cm\/\" target=\"_blank\" rel=\" noreferrer noopener\"><img loading=\"lazy\" decoding=\"async\" width=\"1024\" height=\"680\" data-attachment-id=\"6833\" data-permalink=\"https:\/\/www.leriredelarcenciel.fr\/Blog\/inspiration-ceanothe\/236-tableau-peinture-et-broderie-20cm-1\/\" data-orig-file=\"https:\/\/www.leriredelarcenciel.fr\/Blog\/wp-content\/uploads\/2025\/04\/236-Tableau-peinture-et-broderie-20cm-1.jpg\" data-orig-size=\"2456,1632\" data-comments-opened=\"1\" data-image-meta=\"{&quot;aperture&quot;:&quot;11&quot;,&quot;credit&quot;:&quot;&quot;,&quot;camera&quot;:&quot;NEX-F3&quot;,&quot;caption&quot;:&quot;&quot;,&quot;created_timestamp&quot;:&quot;1616519447&quot;,&quot;copyright&quot;:&quot;&quot;,&quot;focal_length&quot;:&quot;30&quot;,&quot;iso&quot;:&quot;200&quot;,&quot;shutter_speed&quot;:&quot;0.008&quot;,&quot;title&quot;:&quot;&quot;,&quot;orientation&quot;:&quot;0&quot;}\" data-image-title=\"236 &amp;#8211; Tableau peinture et broderie 20cm 1\" data-image-description=\"\" data-image-caption=\"\" data-medium-file=\"https:\/\/www.leriredelarcenciel.fr\/Blog\/wp-content\/uploads\/2025\/04\/236-Tableau-peinture-et-broderie-20cm-1-300x199.jpg\" data-large-file=\"https:\/\/www.leriredelarcenciel.fr\/Blog\/wp-content\/uploads\/2025\/04\/236-Tableau-peinture-et-broderie-20cm-1-1024x680.jpg\" src=\"https:\/\/www.leriredelarcenciel.fr\/Blog\/wp-content\/uploads\/2025\/04\/236-Tableau-peinture-et-broderie-20cm-1-1024x680.jpg\" alt=\"\" class=\"wp-image-6833\" srcset=\"https:\/\/www.leriredelarcenciel.fr\/Blog\/wp-content\/uploads\/2025\/04\/236-Tableau-peinture-et-broderie-20cm-1-1024x680.jpg 1024w, https:\/\/www.leriredelarcenciel.fr\/Blog\/wp-content\/uploads\/2025\/04\/236-Tableau-peinture-et-broderie-20cm-1-300x199.jpg 300w, https:\/\/www.leriredelarcenciel.fr\/Blog\/wp-content\/uploads\/2025\/04\/236-Tableau-peinture-et-broderie-20cm-1-768x510.jpg 768w, https:\/\/www.leriredelarcenciel.fr\/Blog\/wp-content\/uploads\/2025\/04\/236-Tableau-peinture-et-broderie-20cm-1-1536x1021.jpg 1536w, https:\/\/www.leriredelarcenciel.fr\/Blog\/wp-content\/uploads\/2025\/04\/236-Tableau-peinture-et-broderie-20cm-1-2048x1361.jpg 2048w, https:\/\/www.leriredelarcenciel.fr\/Blog\/wp-content\/uploads\/2025\/04\/236-Tableau-peinture-et-broderie-20cm-1-216x144.jpg 216w\" sizes=\"auto, (max-width: 1024px) 100vw, 1024px\" \/><\/a><\/figure>\n\n\n\n<p>*Les c\u00e9anothes sont aussi appel\u00e9s lilas de Californie<\/p>\n<a class=\"synved-social-button synved-social-button-share synved-social-size-24 synved-social-resolution-single synved-social-provider-facebook nolightbox\" data-provider=\"facebook\" target=\"_blank\" rel=\"nofollow\" title=\"Partager sur Facebook\" href=\"http:\/\/www.facebook.com\/sharer.php?u=https%3A%2F%2Fwww.leriredelarcenciel.fr%2FBlog%2Fwp-json%2Fwp%2Fv2%2Fposts%2F6829&#038;t=Inspiration%20c%C3%A9anothe&#038;s=100&#038;p&#091;url&#093;=https%3A%2F%2Fwww.leriredelarcenciel.fr%2FBlog%2Fwp-json%2Fwp%2Fv2%2Fposts%2F6829&#038;p&#091;images&#093;&#091;0&#093;=https%3A%2F%2Fwww.leriredelarcenciel.fr%2FBlog%2Fwp-content%2Fuploads%2F2025%2F04%2F236-Tableau-peinture-et-broderie-20cm-5-1024x679.jpg&#038;p&#091;title&#093;=Inspiration%20c%C3%A9anothe\" style=\"font-size: 0px;width:24px;height:24px;margin:0;margin-bottom:10px;margin-right:10px\"><img loading=\"lazy\" decoding=\"async\" alt=\"Facebook\" title=\"Partager sur Facebook\" class=\"synved-share-image synved-social-image synved-social-image-share\" width=\"24\" height=\"24\" style=\"display: inline;width:24px;height:24px;margin: 0;padding: 0;border: none;box-shadow: none\" src=\"https:\/\/www.leriredelarcenciel.fr\/Blog\/wp-content\/plugins\/social-media-feather\/synved-social\/image\/social\/regular\/48x48\/facebook.png\" \/><\/a><a class=\"synved-social-button synved-social-button-share synved-social-size-24 synved-social-resolution-single synved-social-provider-pinterest nolightbox\" data-provider=\"pinterest\" target=\"_blank\" rel=\"nofollow\" title=\"Epingler sur Pinterest\" href=\"https:\/\/pinterest.com\/pin\/create\/button\/?url=https%3A%2F%2Fwww.leriredelarcenciel.fr%2FBlog%2Fwp-json%2Fwp%2Fv2%2Fposts%2F6829&#038;media=https%3A%2F%2Fwww.leriredelarcenciel.fr%2FBlog%2Fwp-content%2Fuploads%2F2025%2F04%2F236-Tableau-peinture-et-broderie-20cm-5-1024x679.jpg&#038;description=Inspiration%20c%C3%A9anothe\" style=\"font-size: 0px;width:24px;height:24px;margin:0;margin-bottom:10px;margin-right:10px\"><img loading=\"lazy\" decoding=\"async\" alt=\"pinterest\" title=\"Epingler sur Pinterest\" class=\"synved-share-image synved-social-image synved-social-image-share\" width=\"24\" height=\"24\" style=\"display: inline;width:24px;height:24px;margin: 0;padding: 0;border: none;box-shadow: none\" src=\"https:\/\/www.leriredelarcenciel.fr\/Blog\/wp-content\/plugins\/social-media-feather\/synved-social\/image\/social\/regular\/48x48\/pinterest.png\" \/><\/a><a class=\"synved-social-button synved-social-button-share synved-social-size-24 synved-social-resolution-single synved-social-provider-mail nolightbox\" data-provider=\"mail\" rel=\"nofollow\" title=\"Partager par email\" href=\"mailto:?subject=Inspiration%20c%C3%A9anothe&#038;body=Le%20rire%20de%20l%27arc-en-ciel%20:%20https%3A%2F%2Fwww.leriredelarcenciel.fr%2FBlog%2Fwp-json%2Fwp%2Fv2%2Fposts%2F6829\" style=\"font-size: 0px;width:24px;height:24px;margin:0;margin-bottom:10px;margin-right:10px\"><img loading=\"lazy\" decoding=\"async\" alt=\"mail\" title=\"Partager par email\" class=\"synved-share-image synved-social-image synved-social-image-share\" width=\"24\" height=\"24\" style=\"display: inline;width:24px;height:24px;margin: 0;padding: 0;border: none;box-shadow: none\" src=\"https:\/\/www.leriredelarcenciel.fr\/Blog\/wp-content\/plugins\/social-media-feather\/synved-social\/image\/social\/regular\/48x48\/mail.png\" \/><\/a>","protected":false},"excerpt":{"rendered":"<p>J\u2019aime le bleu. C\u2019est ma couleur pr\u00e9f\u00e9r\u00e9e. Je pense que vous l\u2019avez devin\u00e9 si vous \u00eates d\u00e9j\u00e0 venu.e au Rire de l\u2019arc-en-ciel \u00e0 l\u2019\u00cele Grande. Il y a du bleu c\u00f4t\u00e9 atelier (un mur), c\u00f4t\u00e9 boutique (une porte) et aussi (surtout&nbsp;?) du bleu dans mes cr\u00e9ations&nbsp;! Dans la nature, le bleu m\u2019attire aussi\u2026 En ce [&hellip;]<\/p>\n","protected":false},"author":1,"featured_media":0,"comment_status":"open","ping_status":"open","sticky":false,"template":"","format":"standard","meta":{"jetpack_post_was_ever_published":false,"_jetpack_newsletter_access":"","_jetpack_dont_email_post_to_subs":true,"_jetpack_newsletter_tier_id":0,"_jetpack_memberships_contains_paywalled_content":false,"_jetpack_memberships_contains_paid_content":false,"footnotes":"","jetpack_publicize_message":"","jetpack_publicize_feature_enabled":true,"jetpack_social_post_already_shared":true,"jetpack_social_options":{"image_generator_settings":{"template":"highway","enabled":false},"version":2}},"categories":[4],"tags":[2069,1711,1521,1798,1274,30,26,15],"class_list":["post-6829","post","type-post","status-publish","format-standard","hentry","category-dans-un-coin-de-l-atelier","tag-arbre-bleu","tag-arbre-brode","tag-artisanat-dart","tag-broderie-a-laiguille","tag-broderie-a-la-main","tag-cotes-darmor","tag-ile-grande","tag-le-rire-de-larc-en-ciel"],"jetpack_publicize_connections":[],"jetpack_featured_media_url":"","jetpack_sharing_enabled":true,"jetpack_shortlink":"https:\/\/wp.me\/p4fKpm-1M9","_links":{"self":[{"href":"https:\/\/www.leriredelarcenciel.fr\/Blog\/wp-json\/wp\/v2\/posts\/6829","targetHints":{"allow":["GET"]}}],"collection":[{"href":"https:\/\/www.leriredelarcenciel.fr\/Blog\/wp-json\/wp\/v2\/posts"}],"about":[{"href":"https:\/\/www.leriredelarcenciel.fr\/Blog\/wp-json\/wp\/v2\/types\/post"}],"author":[{"embeddable":true,"href":"https:\/\/www.leriredelarcenciel.fr\/Blog\/wp-json\/wp\/v2\/users\/1"}],"replies":[{"embeddable":true,"href":"https:\/\/www.leriredelarcenciel.fr\/Blog\/wp-json\/wp\/v2\/comments?post=6829"}],"version-history":[{"count":3,"href":"https:\/\/www.leriredelarcenciel.fr\/Blog\/wp-json\/wp\/v2\/posts\/6829\/revisions"}],"predecessor-version":[{"id":6837,"href":"https:\/\/www.leriredelarcenciel.fr\/Blog\/wp-json\/wp\/v2\/posts\/6829\/revisions\/6837"}],"wp:attachment":[{"href":"https:\/\/www.leriredelarcenciel.fr\/Blog\/wp-json\/wp\/v2\/media?parent=6829"}],"wp:term":[{"taxonomy":"category","embeddable":true,"href":"https:\/\/www.leriredelarcenciel.fr\/Blog\/wp-json\/wp\/v2\/categories?post=6829"},{"taxonomy":"post_tag","embeddable":true,"href":"https:\/\/www.leriredelarcenciel.fr\/Blog\/wp-json\/wp\/v2\/tags?post=6829"}],"curies":[{"name":"wp","href":"https:\/\/api.w.org\/{rel}","templated":true}]}}