{"id":6819,"date":"2025-04-29T16:33:49","date_gmt":"2025-04-29T15:33:49","guid":{"rendered":"https:\/\/www.leriredelarcenciel.fr\/Blog\/?p=6819"},"modified":"2025-04-29T17:36:08","modified_gmt":"2025-04-29T16:36:08","slug":"une-excellente-nouvelle","status":"publish","type":"post","link":"https:\/\/www.leriredelarcenciel.fr\/Blog\/une-excellente-nouvelle\/","title":{"rendered":"Une excellente nouvelle"},"content":{"rendered":"\n<p>Aujourd\u2019hui, je vais vous annoncer une excellente nouvelle&nbsp;!<\/p>\n\n\n\n<p>Petite devinette\u2026 Avez-vous vu cette broche brod\u00e9e\u00a0? Elle est diff\u00e9rente des broches pr\u00e9c\u00e9dentes. Savez-vous pourquoi\u00a0?<\/p>\n\n\n\n<figure class=\"wp-block-image size-large\"><a href=\"https:\/\/leriredelarcenciel.com\/wordpress\/produit\/broche-nature-arbre-bois-et-textile-227\/\" target=\"_blank\" rel=\" noreferrer noopener\"><img loading=\"lazy\" decoding=\"async\" width=\"1024\" height=\"679\" data-attachment-id=\"6820\" data-permalink=\"https:\/\/www.leriredelarcenciel.fr\/Blog\/une-excellente-nouvelle\/227-broche-brodee-1\/\" data-orig-file=\"https:\/\/www.leriredelarcenciel.fr\/Blog\/wp-content\/uploads\/2025\/04\/227-Broche-brodee-1.jpg\" data-orig-size=\"2448,1624\" data-comments-opened=\"1\" data-image-meta=\"{&quot;aperture&quot;:&quot;18&quot;,&quot;credit&quot;:&quot;&quot;,&quot;camera&quot;:&quot;NEX-F3&quot;,&quot;caption&quot;:&quot;&quot;,&quot;created_timestamp&quot;:&quot;1744045912&quot;,&quot;copyright&quot;:&quot;&quot;,&quot;focal_length&quot;:&quot;30&quot;,&quot;iso&quot;:&quot;800&quot;,&quot;shutter_speed&quot;:&quot;0.016666666666667&quot;,&quot;title&quot;:&quot;&quot;,&quot;orientation&quot;:&quot;0&quot;}\" data-image-title=\"227 &amp;#8211; Broche brod\u00e9e 1\" data-image-description=\"\" data-image-caption=\"\" data-medium-file=\"https:\/\/www.leriredelarcenciel.fr\/Blog\/wp-content\/uploads\/2025\/04\/227-Broche-brodee-1-300x199.jpg\" data-large-file=\"https:\/\/www.leriredelarcenciel.fr\/Blog\/wp-content\/uploads\/2025\/04\/227-Broche-brodee-1-1024x679.jpg\" src=\"https:\/\/www.leriredelarcenciel.fr\/Blog\/wp-content\/uploads\/2025\/04\/227-Broche-brodee-1-1024x679.jpg\" alt=\"\" class=\"wp-image-6820\" srcset=\"https:\/\/www.leriredelarcenciel.fr\/Blog\/wp-content\/uploads\/2025\/04\/227-Broche-brodee-1-1024x679.jpg 1024w, https:\/\/www.leriredelarcenciel.fr\/Blog\/wp-content\/uploads\/2025\/04\/227-Broche-brodee-1-300x199.jpg 300w, https:\/\/www.leriredelarcenciel.fr\/Blog\/wp-content\/uploads\/2025\/04\/227-Broche-brodee-1-768x509.jpg 768w, https:\/\/www.leriredelarcenciel.fr\/Blog\/wp-content\/uploads\/2025\/04\/227-Broche-brodee-1-1536x1019.jpg 1536w, https:\/\/www.leriredelarcenciel.fr\/Blog\/wp-content\/uploads\/2025\/04\/227-Broche-brodee-1-2048x1359.jpg 2048w, https:\/\/www.leriredelarcenciel.fr\/Blog\/wp-content\/uploads\/2025\/04\/227-Broche-brodee-1-216x143.jpg 216w\" sizes=\"auto, (max-width: 1024px) 100vw, 1024px\" \/><\/a><figcaption class=\"wp-element-caption\"><em>Broche brod\u00e9e nouvelle version<\/em><\/figcaption><\/figure>\n\n\n\n<p>Certes, son motif est unique, mais ce n\u2019est pas vraiment nouveau puisque toutes les broches que je cr\u00e9e ont un motif unique. Il y a autre chose qui la distingue des broches que je faisais jusqu\u2019\u00e0 pr\u00e9sent. Vous avez devin\u00e9\u00a0?<\/p>\n\n\n\n<figure class=\"wp-block-image size-large\"><img loading=\"lazy\" decoding=\"async\" width=\"1024\" height=\"679\" data-attachment-id=\"6821\" data-permalink=\"https:\/\/www.leriredelarcenciel.fr\/Blog\/une-excellente-nouvelle\/227-broche-brodee-2\/\" data-orig-file=\"https:\/\/www.leriredelarcenciel.fr\/Blog\/wp-content\/uploads\/2025\/04\/227-Broche-brodee-2.jpg\" data-orig-size=\"2448,1624\" data-comments-opened=\"1\" data-image-meta=\"{&quot;aperture&quot;:&quot;18&quot;,&quot;credit&quot;:&quot;&quot;,&quot;camera&quot;:&quot;NEX-F3&quot;,&quot;caption&quot;:&quot;&quot;,&quot;created_timestamp&quot;:&quot;1744045939&quot;,&quot;copyright&quot;:&quot;&quot;,&quot;focal_length&quot;:&quot;30&quot;,&quot;iso&quot;:&quot;1000&quot;,&quot;shutter_speed&quot;:&quot;0.016666666666667&quot;,&quot;title&quot;:&quot;&quot;,&quot;orientation&quot;:&quot;0&quot;}\" data-image-title=\"227 &amp;#8211; Broche brod\u00e9e 2\" data-image-description=\"\" data-image-caption=\"\" data-medium-file=\"https:\/\/www.leriredelarcenciel.fr\/Blog\/wp-content\/uploads\/2025\/04\/227-Broche-brodee-2-300x199.jpg\" data-large-file=\"https:\/\/www.leriredelarcenciel.fr\/Blog\/wp-content\/uploads\/2025\/04\/227-Broche-brodee-2-1024x679.jpg\" src=\"https:\/\/www.leriredelarcenciel.fr\/Blog\/wp-content\/uploads\/2025\/04\/227-Broche-brodee-2-1024x679.jpg\" alt=\"\" class=\"wp-image-6821\" srcset=\"https:\/\/www.leriredelarcenciel.fr\/Blog\/wp-content\/uploads\/2025\/04\/227-Broche-brodee-2-1024x679.jpg 1024w, https:\/\/www.leriredelarcenciel.fr\/Blog\/wp-content\/uploads\/2025\/04\/227-Broche-brodee-2-300x199.jpg 300w, https:\/\/www.leriredelarcenciel.fr\/Blog\/wp-content\/uploads\/2025\/04\/227-Broche-brodee-2-768x509.jpg 768w, https:\/\/www.leriredelarcenciel.fr\/Blog\/wp-content\/uploads\/2025\/04\/227-Broche-brodee-2-1536x1019.jpg 1536w, https:\/\/www.leriredelarcenciel.fr\/Blog\/wp-content\/uploads\/2025\/04\/227-Broche-brodee-2-2048x1359.jpg 2048w, https:\/\/www.leriredelarcenciel.fr\/Blog\/wp-content\/uploads\/2025\/04\/227-Broche-brodee-2-216x143.jpg 216w\" sizes=\"auto, (max-width: 1024px) 100vw, 1024px\" \/><\/figure>\n\n\n\n<p>La r\u00e9ponse est dans le bois. Le bois est diff\u00e9rent\u00a0!<\/p>\n\n\n\n<figure class=\"wp-block-image size-large\"><img loading=\"lazy\" decoding=\"async\" width=\"1024\" height=\"679\" data-attachment-id=\"6822\" data-permalink=\"https:\/\/www.leriredelarcenciel.fr\/Blog\/une-excellente-nouvelle\/broche-brodee-chene-5\/\" data-orig-file=\"https:\/\/www.leriredelarcenciel.fr\/Blog\/wp-content\/uploads\/2025\/04\/Broche-brodee-chene-5.jpg\" data-orig-size=\"2448,1624\" data-comments-opened=\"1\" data-image-meta=\"{&quot;aperture&quot;:&quot;18&quot;,&quot;credit&quot;:&quot;&quot;,&quot;camera&quot;:&quot;NEX-F3&quot;,&quot;caption&quot;:&quot;&quot;,&quot;created_timestamp&quot;:&quot;1744046092&quot;,&quot;copyright&quot;:&quot;&quot;,&quot;focal_length&quot;:&quot;30&quot;,&quot;iso&quot;:&quot;1250&quot;,&quot;shutter_speed&quot;:&quot;0.016666666666667&quot;,&quot;title&quot;:&quot;&quot;,&quot;orientation&quot;:&quot;0&quot;}\" data-image-title=\"Broche brod\u00e9e  ch\u00eane 5\" data-image-description=\"\" data-image-caption=\"\" data-medium-file=\"https:\/\/www.leriredelarcenciel.fr\/Blog\/wp-content\/uploads\/2025\/04\/Broche-brodee-chene-5-300x199.jpg\" data-large-file=\"https:\/\/www.leriredelarcenciel.fr\/Blog\/wp-content\/uploads\/2025\/04\/Broche-brodee-chene-5-1024x679.jpg\" src=\"https:\/\/www.leriredelarcenciel.fr\/Blog\/wp-content\/uploads\/2025\/04\/Broche-brodee-chene-5-1024x679.jpg\" alt=\"\" class=\"wp-image-6822\" srcset=\"https:\/\/www.leriredelarcenciel.fr\/Blog\/wp-content\/uploads\/2025\/04\/Broche-brodee-chene-5-1024x679.jpg 1024w, https:\/\/www.leriredelarcenciel.fr\/Blog\/wp-content\/uploads\/2025\/04\/Broche-brodee-chene-5-300x199.jpg 300w, https:\/\/www.leriredelarcenciel.fr\/Blog\/wp-content\/uploads\/2025\/04\/Broche-brodee-chene-5-768x509.jpg 768w, https:\/\/www.leriredelarcenciel.fr\/Blog\/wp-content\/uploads\/2025\/04\/Broche-brodee-chene-5-1536x1019.jpg 1536w, https:\/\/www.leriredelarcenciel.fr\/Blog\/wp-content\/uploads\/2025\/04\/Broche-brodee-chene-5-2048x1359.jpg 2048w, https:\/\/www.leriredelarcenciel.fr\/Blog\/wp-content\/uploads\/2025\/04\/Broche-brodee-chene-5-216x143.jpg 216w\" sizes=\"auto, (max-width: 1024px) 100vw, 1024px\" \/><figcaption class=\"wp-element-caption\"><em>Le dos de la broche r\u00e9alis\u00e9 en ch\u00eane<\/em><\/figcaption><\/figure>\n\n\n\n<p>Depuis peu, j\u2019ai le plaisir de travailler en collaboration avec l\u2019<em><strong>Atelier du c\u0153ur au bois<\/strong><\/em>. C\u2019est ici qu\u2019a \u00e9t\u00e9 fa\u00e7onn\u00e9 le support en bois de cette broche. En plus de proposer un travail artisanal de qualit\u00e9, il se trouve que c\u2019est une entreprise locale utilisant du bois local. Et \u00e7a change tout !<\/p>\n\n\n\n<figure class=\"wp-block-image size-full\"><img loading=\"lazy\" decoding=\"async\" width=\"960\" height=\"720\" data-attachment-id=\"6823\" data-permalink=\"https:\/\/www.leriredelarcenciel.fr\/Blog\/une-excellente-nouvelle\/broche-bois\/\" data-orig-file=\"https:\/\/www.leriredelarcenciel.fr\/Blog\/wp-content\/uploads\/2025\/04\/Broche-bois.jpg\" data-orig-size=\"960,720\" data-comments-opened=\"1\" data-image-meta=\"{&quot;aperture&quot;:&quot;0&quot;,&quot;credit&quot;:&quot;&quot;,&quot;camera&quot;:&quot;&quot;,&quot;caption&quot;:&quot;&quot;,&quot;created_timestamp&quot;:&quot;0&quot;,&quot;copyright&quot;:&quot;&quot;,&quot;focal_length&quot;:&quot;0&quot;,&quot;iso&quot;:&quot;0&quot;,&quot;shutter_speed&quot;:&quot;0&quot;,&quot;title&quot;:&quot;&quot;,&quot;orientation&quot;:&quot;0&quot;}\" data-image-title=\"Broche bois\" data-image-description=\"\" data-image-caption=\"\" data-medium-file=\"https:\/\/www.leriredelarcenciel.fr\/Blog\/wp-content\/uploads\/2025\/04\/Broche-bois-300x225.jpg\" data-large-file=\"https:\/\/www.leriredelarcenciel.fr\/Blog\/wp-content\/uploads\/2025\/04\/Broche-bois.jpg\" src=\"https:\/\/www.leriredelarcenciel.fr\/Blog\/wp-content\/uploads\/2025\/04\/Broche-bois.jpg\" alt=\"\" class=\"wp-image-6823\" srcset=\"https:\/\/www.leriredelarcenciel.fr\/Blog\/wp-content\/uploads\/2025\/04\/Broche-bois.jpg 960w, https:\/\/www.leriredelarcenciel.fr\/Blog\/wp-content\/uploads\/2025\/04\/Broche-bois-300x225.jpg 300w, https:\/\/www.leriredelarcenciel.fr\/Blog\/wp-content\/uploads\/2025\/04\/Broche-bois-768x576.jpg 768w, https:\/\/www.leriredelarcenciel.fr\/Blog\/wp-content\/uploads\/2025\/04\/Broche-bois-216x162.jpg 216w\" sizes=\"auto, (max-width: 960px) 100vw, 960px\" \/><\/figure>\n\n\n\n<p>Je vous l\u2019avais bien dit, c\u2019est une excellente nouvelle&nbsp;!<\/p>\n\n\n\n<p>Pour l\u2019instant, une petite s\u00e9rie de broches a \u00e9t\u00e9 r\u00e9alis\u00e9e gr\u00e2ce au travail de l\u2019Atelier du c\u0153ur au bois. La suite viendra petit \u00e0 petit. Apr\u00e8s les broches viendront les colliers, et qui sait s\u2019il n\u2019y aura pas aussi quelques nouveaut\u00e9s\u00a0?<\/p>\n\n\n\n<p>En attendant, je vous invite \u00e0 cliquer sur le lien pour d\u00e9couvrir l\u2019<strong><em><a href=\"https:\/\/www.facebook.com\/profile.php?id=100069659896246\" target=\"_blank\" rel=\"noreferrer noopener\">Atelier du c\u0153ur au bois<\/a><\/em><\/strong>. \u00a0<\/p>\n\n\n\n<p><\/p>\n<a class=\"synved-social-button synved-social-button-share synved-social-size-24 synved-social-resolution-single synved-social-provider-facebook nolightbox\" data-provider=\"facebook\" target=\"_blank\" rel=\"nofollow\" title=\"Partager sur Facebook\" href=\"http:\/\/www.facebook.com\/sharer.php?u=https%3A%2F%2Fwww.leriredelarcenciel.fr%2FBlog%2Fwp-json%2Fwp%2Fv2%2Fposts%2F6819&#038;t=Une%20excellente%20nouvelle&#038;s=100&#038;p&#091;url&#093;=https%3A%2F%2Fwww.leriredelarcenciel.fr%2FBlog%2Fwp-json%2Fwp%2Fv2%2Fposts%2F6819&#038;p&#091;images&#093;&#091;0&#093;=https%3A%2F%2Fwww.leriredelarcenciel.fr%2FBlog%2Fwp-content%2Fuploads%2F2025%2F04%2F227-Broche-brodee-1-1024x679.jpg&#038;p&#091;title&#093;=Une%20excellente%20nouvelle\" style=\"font-size: 0px;width:24px;height:24px;margin:0;margin-bottom:10px;margin-right:10px\"><img loading=\"lazy\" decoding=\"async\" alt=\"Facebook\" title=\"Partager sur Facebook\" class=\"synved-share-image synved-social-image synved-social-image-share\" width=\"24\" height=\"24\" style=\"display: inline;width:24px;height:24px;margin: 0;padding: 0;border: none;box-shadow: none\" src=\"https:\/\/www.leriredelarcenciel.fr\/Blog\/wp-content\/plugins\/social-media-feather\/synved-social\/image\/social\/regular\/48x48\/facebook.png\" \/><\/a><a class=\"synved-social-button synved-social-button-share synved-social-size-24 synved-social-resolution-single synved-social-provider-pinterest nolightbox\" data-provider=\"pinterest\" target=\"_blank\" rel=\"nofollow\" title=\"Epingler sur Pinterest\" href=\"https:\/\/pinterest.com\/pin\/create\/button\/?url=https%3A%2F%2Fwww.leriredelarcenciel.fr%2FBlog%2Fwp-json%2Fwp%2Fv2%2Fposts%2F6819&#038;media=https%3A%2F%2Fwww.leriredelarcenciel.fr%2FBlog%2Fwp-content%2Fuploads%2F2025%2F04%2F227-Broche-brodee-1-1024x679.jpg&#038;description=Une%20excellente%20nouvelle\" style=\"font-size: 0px;width:24px;height:24px;margin:0;margin-bottom:10px;margin-right:10px\"><img loading=\"lazy\" decoding=\"async\" alt=\"pinterest\" title=\"Epingler sur Pinterest\" class=\"synved-share-image synved-social-image synved-social-image-share\" width=\"24\" height=\"24\" style=\"display: inline;width:24px;height:24px;margin: 0;padding: 0;border: none;box-shadow: none\" src=\"https:\/\/www.leriredelarcenciel.fr\/Blog\/wp-content\/plugins\/social-media-feather\/synved-social\/image\/social\/regular\/48x48\/pinterest.png\" \/><\/a><a class=\"synved-social-button synved-social-button-share synved-social-size-24 synved-social-resolution-single synved-social-provider-mail nolightbox\" data-provider=\"mail\" rel=\"nofollow\" title=\"Partager par email\" href=\"mailto:?subject=Une%20excellente%20nouvelle&#038;body=Le%20rire%20de%20l%27arc-en-ciel%20:%20https%3A%2F%2Fwww.leriredelarcenciel.fr%2FBlog%2Fwp-json%2Fwp%2Fv2%2Fposts%2F6819\" style=\"font-size: 0px;width:24px;height:24px;margin:0;margin-bottom:10px;margin-right:10px\"><img loading=\"lazy\" decoding=\"async\" alt=\"mail\" title=\"Partager par email\" class=\"synved-share-image synved-social-image synved-social-image-share\" width=\"24\" height=\"24\" style=\"display: inline;width:24px;height:24px;margin: 0;padding: 0;border: none;box-shadow: none\" src=\"https:\/\/www.leriredelarcenciel.fr\/Blog\/wp-content\/plugins\/social-media-feather\/synved-social\/image\/social\/regular\/48x48\/mail.png\" \/><\/a>","protected":false},"excerpt":{"rendered":"<p>Aujourd\u2019hui, je vais vous annoncer une excellente nouvelle&nbsp;! Petite devinette\u2026 Avez-vous vu cette broche brod\u00e9e\u00a0? Elle est diff\u00e9rente des broches pr\u00e9c\u00e9dentes. Savez-vous pourquoi\u00a0? Certes, son motif est unique, mais ce n\u2019est pas vraiment nouveau puisque toutes les broches que je cr\u00e9e ont un motif unique. Il y a autre chose qui la distingue des broches [&hellip;]<\/p>\n","protected":false},"author":1,"featured_media":0,"comment_status":"open","ping_status":"open","sticky":false,"template":"","format":"standard","meta":{"jetpack_post_was_ever_published":false,"_jetpack_newsletter_access":"","_jetpack_dont_email_post_to_subs":false,"_jetpack_newsletter_tier_id":0,"_jetpack_memberships_contains_paywalled_content":false,"_jetpack_memberships_contains_paid_content":false,"footnotes":"","jetpack_publicize_message":"","jetpack_publicize_feature_enabled":true,"jetpack_social_post_already_shared":true,"jetpack_social_options":{"image_generator_settings":{"template":"highway","default_image_id":0,"font":"","enabled":false},"version":2}},"categories":[4],"tags":[2066,2067,2068,1534,1798,26,15],"class_list":["post-6819","post","type-post","status-publish","format-standard","hentry","category-dans-un-coin-de-l-atelier","tag-artisanat-bois-local","tag-artisanat-francais","tag-atelier-du-coeur-au-bois","tag-broche-brodee","tag-broderie-a-laiguille","tag-ile-grande","tag-le-rire-de-larc-en-ciel"],"jetpack_publicize_connections":[],"jetpack_featured_media_url":"","jetpack_sharing_enabled":true,"jetpack_shortlink":"https:\/\/wp.me\/p4fKpm-1LZ","_links":{"self":[{"href":"https:\/\/www.leriredelarcenciel.fr\/Blog\/wp-json\/wp\/v2\/posts\/6819","targetHints":{"allow":["GET"]}}],"collection":[{"href":"https:\/\/www.leriredelarcenciel.fr\/Blog\/wp-json\/wp\/v2\/posts"}],"about":[{"href":"https:\/\/www.leriredelarcenciel.fr\/Blog\/wp-json\/wp\/v2\/types\/post"}],"author":[{"embeddable":true,"href":"https:\/\/www.leriredelarcenciel.fr\/Blog\/wp-json\/wp\/v2\/users\/1"}],"replies":[{"embeddable":true,"href":"https:\/\/www.leriredelarcenciel.fr\/Blog\/wp-json\/wp\/v2\/comments?post=6819"}],"version-history":[{"count":3,"href":"https:\/\/www.leriredelarcenciel.fr\/Blog\/wp-json\/wp\/v2\/posts\/6819\/revisions"}],"predecessor-version":[{"id":6828,"href":"https:\/\/www.leriredelarcenciel.fr\/Blog\/wp-json\/wp\/v2\/posts\/6819\/revisions\/6828"}],"wp:attachment":[{"href":"https:\/\/www.leriredelarcenciel.fr\/Blog\/wp-json\/wp\/v2\/media?parent=6819"}],"wp:term":[{"taxonomy":"category","embeddable":true,"href":"https:\/\/www.leriredelarcenciel.fr\/Blog\/wp-json\/wp\/v2\/categories?post=6819"},{"taxonomy":"post_tag","embeddable":true,"href":"https:\/\/www.leriredelarcenciel.fr\/Blog\/wp-json\/wp\/v2\/tags?post=6819"}],"curies":[{"name":"wp","href":"https:\/\/api.w.org\/{rel}","templated":true}]}}