{"id":6765,"date":"2025-01-29T10:36:22","date_gmt":"2025-01-29T09:36:22","guid":{"rendered":"https:\/\/www.leriredelarcenciel.fr\/Blog\/?p=6765"},"modified":"2025-01-29T10:43:37","modified_gmt":"2025-01-29T09:43:37","slug":"decouverte-des-ateliers-creatifs-2025","status":"publish","type":"post","link":"https:\/\/www.leriredelarcenciel.fr\/Blog\/decouverte-des-ateliers-creatifs-2025\/","title":{"rendered":"D\u00e9couverte des ateliers cr\u00e9atifs 2025"},"content":{"rendered":"\n<p>Je vous accueille comme chaque ann\u00e9e au Rire de l&rsquo;arc-en-ciel \u00e0 l&rsquo;\u00cele Grande pour des activit\u00e9s manuelles (voir infos pratiques en bas de l&rsquo;article). Roulements de tambour\u00a0! Voici les nouveaut\u00e9s\u00a0pour l\u2019ann\u00e9e 2025 :<\/p>\n\n\n\n<ul class=\"wp-block-list\">\n<li>Un <strong>torchon fleuri<\/strong> pour une d\u00e9co de cuisine\u2026 ou d\u2019ailleurs<\/li>\n<\/ul>\n\n\n\n<figure class=\"wp-block-image size-large\"><img loading=\"lazy\" decoding=\"async\" width=\"1024\" height=\"680\" data-attachment-id=\"6768\" data-permalink=\"https:\/\/www.leriredelarcenciel.fr\/Blog\/decouverte-des-ateliers-creatifs-2025\/le-torchon-fleuri-2\/\" data-orig-file=\"https:\/\/www.leriredelarcenciel.fr\/Blog\/wp-content\/uploads\/2025\/01\/Le-torchon-fleuri-1-scaled.jpg\" data-orig-size=\"2560,1701\" data-comments-opened=\"1\" data-image-meta=\"{&quot;aperture&quot;:&quot;18&quot;,&quot;credit&quot;:&quot;&quot;,&quot;camera&quot;:&quot;NEX-F3&quot;,&quot;caption&quot;:&quot;&quot;,&quot;created_timestamp&quot;:&quot;1737393755&quot;,&quot;copyright&quot;:&quot;&quot;,&quot;focal_length&quot;:&quot;30&quot;,&quot;iso&quot;:&quot;3200&quot;,&quot;shutter_speed&quot;:&quot;0.02&quot;,&quot;title&quot;:&quot;&quot;,&quot;orientation&quot;:&quot;0&quot;}\" data-image-title=\"Le torchon fleuri\" data-image-description=\"\" data-image-caption=\"\" data-medium-file=\"https:\/\/www.leriredelarcenciel.fr\/Blog\/wp-content\/uploads\/2025\/01\/Le-torchon-fleuri-1-300x199.jpg\" data-large-file=\"https:\/\/www.leriredelarcenciel.fr\/Blog\/wp-content\/uploads\/2025\/01\/Le-torchon-fleuri-1-1024x680.jpg\" src=\"https:\/\/www.leriredelarcenciel.fr\/Blog\/wp-content\/uploads\/2025\/01\/Le-torchon-fleuri-1-1024x680.jpg\" alt=\"\" class=\"wp-image-6768\" srcset=\"https:\/\/www.leriredelarcenciel.fr\/Blog\/wp-content\/uploads\/2025\/01\/Le-torchon-fleuri-1-1024x680.jpg 1024w, https:\/\/www.leriredelarcenciel.fr\/Blog\/wp-content\/uploads\/2025\/01\/Le-torchon-fleuri-1-300x199.jpg 300w, https:\/\/www.leriredelarcenciel.fr\/Blog\/wp-content\/uploads\/2025\/01\/Le-torchon-fleuri-1-768x510.jpg 768w, https:\/\/www.leriredelarcenciel.fr\/Blog\/wp-content\/uploads\/2025\/01\/Le-torchon-fleuri-1-1536x1021.jpg 1536w, https:\/\/www.leriredelarcenciel.fr\/Blog\/wp-content\/uploads\/2025\/01\/Le-torchon-fleuri-1-2048x1361.jpg 2048w, https:\/\/www.leriredelarcenciel.fr\/Blog\/wp-content\/uploads\/2025\/01\/Le-torchon-fleuri-1-216x144.jpg 216w\" sizes=\"auto, (max-width: 1024px) 100vw, 1024px\" \/><\/figure>\n\n\n\n<ul class=\"wp-block-list\">\n<li>Effet <strong>tissage<\/strong> sur un carr\u00e9 de canevas, \u00e0 transformer en pendentif, en carte, en tableau<\/li>\n<\/ul>\n\n\n\n<figure class=\"wp-block-image size-large\"><img loading=\"lazy\" decoding=\"async\" width=\"1024\" height=\"680\" data-attachment-id=\"6769\" data-permalink=\"https:\/\/www.leriredelarcenciel.fr\/Blog\/decouverte-des-ateliers-creatifs-2025\/tissage-sur-canevas-2\/\" data-orig-file=\"https:\/\/www.leriredelarcenciel.fr\/Blog\/wp-content\/uploads\/2025\/01\/Tissage-sur-canevas-1-scaled.jpg\" data-orig-size=\"2560,1701\" data-comments-opened=\"1\" data-image-meta=\"{&quot;aperture&quot;:&quot;18&quot;,&quot;credit&quot;:&quot;&quot;,&quot;camera&quot;:&quot;NEX-F3&quot;,&quot;caption&quot;:&quot;&quot;,&quot;created_timestamp&quot;:&quot;1737393792&quot;,&quot;copyright&quot;:&quot;&quot;,&quot;focal_length&quot;:&quot;30&quot;,&quot;iso&quot;:&quot;3200&quot;,&quot;shutter_speed&quot;:&quot;0.025&quot;,&quot;title&quot;:&quot;&quot;,&quot;orientation&quot;:&quot;0&quot;}\" data-image-title=\"Tissage sur canevas\" data-image-description=\"\" data-image-caption=\"\" data-medium-file=\"https:\/\/www.leriredelarcenciel.fr\/Blog\/wp-content\/uploads\/2025\/01\/Tissage-sur-canevas-1-300x199.jpg\" data-large-file=\"https:\/\/www.leriredelarcenciel.fr\/Blog\/wp-content\/uploads\/2025\/01\/Tissage-sur-canevas-1-1024x680.jpg\" src=\"https:\/\/www.leriredelarcenciel.fr\/Blog\/wp-content\/uploads\/2025\/01\/Tissage-sur-canevas-1-1024x680.jpg\" alt=\"\" class=\"wp-image-6769\" srcset=\"https:\/\/www.leriredelarcenciel.fr\/Blog\/wp-content\/uploads\/2025\/01\/Tissage-sur-canevas-1-1024x680.jpg 1024w, https:\/\/www.leriredelarcenciel.fr\/Blog\/wp-content\/uploads\/2025\/01\/Tissage-sur-canevas-1-300x199.jpg 300w, https:\/\/www.leriredelarcenciel.fr\/Blog\/wp-content\/uploads\/2025\/01\/Tissage-sur-canevas-1-768x510.jpg 768w, https:\/\/www.leriredelarcenciel.fr\/Blog\/wp-content\/uploads\/2025\/01\/Tissage-sur-canevas-1-1536x1021.jpg 1536w, https:\/\/www.leriredelarcenciel.fr\/Blog\/wp-content\/uploads\/2025\/01\/Tissage-sur-canevas-1-2048x1361.jpg 2048w, https:\/\/www.leriredelarcenciel.fr\/Blog\/wp-content\/uploads\/2025\/01\/Tissage-sur-canevas-1-216x144.jpg 216w\" sizes=\"auto, (max-width: 1024px) 100vw, 1024px\" \/><\/figure>\n\n\n\n<ul class=\"wp-block-list\">\n<li>Une s\u00e9rie de <strong>porte-cl\u00e9s<\/strong> pour (re)d\u00e9couvrir des points utilis\u00e9s dans les bracelets <strong>br\u00e9siliens<\/strong><\/li>\n<\/ul>\n\n\n\n<figure class=\"wp-block-image size-large\"><img loading=\"lazy\" decoding=\"async\" width=\"1024\" height=\"680\" data-attachment-id=\"6770\" data-permalink=\"https:\/\/www.leriredelarcenciel.fr\/Blog\/decouverte-des-ateliers-creatifs-2025\/porte-cle-noeuds-bresiliens\/\" data-orig-file=\"https:\/\/www.leriredelarcenciel.fr\/Blog\/wp-content\/uploads\/2025\/01\/Porte-cle-noeuds-bresiliens-scaled.jpg\" data-orig-size=\"2560,1701\" data-comments-opened=\"1\" data-image-meta=\"{&quot;aperture&quot;:&quot;18&quot;,&quot;credit&quot;:&quot;&quot;,&quot;camera&quot;:&quot;NEX-F3&quot;,&quot;caption&quot;:&quot;&quot;,&quot;created_timestamp&quot;:&quot;1737393866&quot;,&quot;copyright&quot;:&quot;&quot;,&quot;focal_length&quot;:&quot;30&quot;,&quot;iso&quot;:&quot;3200&quot;,&quot;shutter_speed&quot;:&quot;0.025&quot;,&quot;title&quot;:&quot;&quot;,&quot;orientation&quot;:&quot;0&quot;}\" data-image-title=\"Porte-cl\u00e9 noeuds br\u00e9siliens\" data-image-description=\"\" data-image-caption=\"\" data-medium-file=\"https:\/\/www.leriredelarcenciel.fr\/Blog\/wp-content\/uploads\/2025\/01\/Porte-cle-noeuds-bresiliens-300x199.jpg\" data-large-file=\"https:\/\/www.leriredelarcenciel.fr\/Blog\/wp-content\/uploads\/2025\/01\/Porte-cle-noeuds-bresiliens-1024x680.jpg\" src=\"https:\/\/www.leriredelarcenciel.fr\/Blog\/wp-content\/uploads\/2025\/01\/Porte-cle-noeuds-bresiliens-1024x680.jpg\" alt=\"\" class=\"wp-image-6770\" srcset=\"https:\/\/www.leriredelarcenciel.fr\/Blog\/wp-content\/uploads\/2025\/01\/Porte-cle-noeuds-bresiliens-1024x680.jpg 1024w, https:\/\/www.leriredelarcenciel.fr\/Blog\/wp-content\/uploads\/2025\/01\/Porte-cle-noeuds-bresiliens-300x199.jpg 300w, https:\/\/www.leriredelarcenciel.fr\/Blog\/wp-content\/uploads\/2025\/01\/Porte-cle-noeuds-bresiliens-768x510.jpg 768w, https:\/\/www.leriredelarcenciel.fr\/Blog\/wp-content\/uploads\/2025\/01\/Porte-cle-noeuds-bresiliens-1536x1021.jpg 1536w, https:\/\/www.leriredelarcenciel.fr\/Blog\/wp-content\/uploads\/2025\/01\/Porte-cle-noeuds-bresiliens-2048x1361.jpg 2048w, https:\/\/www.leriredelarcenciel.fr\/Blog\/wp-content\/uploads\/2025\/01\/Porte-cle-noeuds-bresiliens-216x144.jpg 216w\" sizes=\"auto, (max-width: 1024px) 100vw, 1024px\" \/><\/figure>\n\n\n\n<ul class=\"wp-block-list\">\n<li>Un <strong>chou-fleur fantaisie<\/strong> \u00e0 consommer sans mod\u00e9ration (avec les yeux seulement). M\u00eame les enfants en redemanderont\u00a0!<\/li>\n<\/ul>\n\n\n\n<figure class=\"wp-block-image size-large\"><img loading=\"lazy\" decoding=\"async\" width=\"1024\" height=\"680\" data-attachment-id=\"6771\" data-permalink=\"https:\/\/www.leriredelarcenciel.fr\/Blog\/decouverte-des-ateliers-creatifs-2025\/chou-fleur-fantaisie\/\" data-orig-file=\"https:\/\/www.leriredelarcenciel.fr\/Blog\/wp-content\/uploads\/2025\/01\/Chou-fleur-fantaisie-scaled.jpg\" data-orig-size=\"2560,1701\" data-comments-opened=\"1\" data-image-meta=\"{&quot;aperture&quot;:&quot;18&quot;,&quot;credit&quot;:&quot;&quot;,&quot;camera&quot;:&quot;NEX-F3&quot;,&quot;caption&quot;:&quot;&quot;,&quot;created_timestamp&quot;:&quot;1737393991&quot;,&quot;copyright&quot;:&quot;&quot;,&quot;focal_length&quot;:&quot;30&quot;,&quot;iso&quot;:&quot;3200&quot;,&quot;shutter_speed&quot;:&quot;0.025&quot;,&quot;title&quot;:&quot;&quot;,&quot;orientation&quot;:&quot;0&quot;}\" data-image-title=\"Chou-fleur fantaisie\" data-image-description=\"\" data-image-caption=\"\" data-medium-file=\"https:\/\/www.leriredelarcenciel.fr\/Blog\/wp-content\/uploads\/2025\/01\/Chou-fleur-fantaisie-300x199.jpg\" data-large-file=\"https:\/\/www.leriredelarcenciel.fr\/Blog\/wp-content\/uploads\/2025\/01\/Chou-fleur-fantaisie-1024x680.jpg\" src=\"https:\/\/www.leriredelarcenciel.fr\/Blog\/wp-content\/uploads\/2025\/01\/Chou-fleur-fantaisie-1024x680.jpg\" alt=\"\" class=\"wp-image-6771\" srcset=\"https:\/\/www.leriredelarcenciel.fr\/Blog\/wp-content\/uploads\/2025\/01\/Chou-fleur-fantaisie-1024x680.jpg 1024w, https:\/\/www.leriredelarcenciel.fr\/Blog\/wp-content\/uploads\/2025\/01\/Chou-fleur-fantaisie-300x199.jpg 300w, https:\/\/www.leriredelarcenciel.fr\/Blog\/wp-content\/uploads\/2025\/01\/Chou-fleur-fantaisie-768x510.jpg 768w, https:\/\/www.leriredelarcenciel.fr\/Blog\/wp-content\/uploads\/2025\/01\/Chou-fleur-fantaisie-1536x1021.jpg 1536w, https:\/\/www.leriredelarcenciel.fr\/Blog\/wp-content\/uploads\/2025\/01\/Chou-fleur-fantaisie-2048x1361.jpg 2048w, https:\/\/www.leriredelarcenciel.fr\/Blog\/wp-content\/uploads\/2025\/01\/Chou-fleur-fantaisie-216x144.jpg 216w\" sizes=\"auto, (max-width: 1024px) 100vw, 1024px\" \/><\/figure>\n\n\n\n<p>Comme tous les ans, vous pourrez \u00e9galement choisir de r\u00e9aliser 4 ateliers d\u00e9j\u00e0 propos\u00e9s l\u2019an pass\u00e9 (les plus appr\u00e9ci\u00e9s, bien s\u00fbr) :<\/p>\n\n\n\n<ul class=\"wp-block-list\">\n<li><strong>L\u2019at\u00e9bas ou le bracelet<\/strong>\u00a0: fid\u00e8les au poste depuis le d\u00e9but des ateliers cr\u00e9atifs\u00a0! Ils se r\u00e9alisent avec une technique de wrap. On peut y ajouter \u00e0 sa guise une perle ou un coquillage.<\/li>\n<\/ul>\n\n\n\n<figure class=\"wp-block-image size-large\"><img loading=\"lazy\" decoding=\"async\" width=\"1024\" height=\"680\" data-attachment-id=\"6772\" data-permalink=\"https:\/\/www.leriredelarcenciel.fr\/Blog\/decouverte-des-ateliers-creatifs-2025\/atelier-atebas-et-bracelet-4\/\" data-orig-file=\"https:\/\/www.leriredelarcenciel.fr\/Blog\/wp-content\/uploads\/2025\/01\/Atelier-atebas-et-bracelet-scaled.jpg\" data-orig-size=\"2560,1701\" data-comments-opened=\"1\" data-image-meta=\"{&quot;aperture&quot;:&quot;22&quot;,&quot;credit&quot;:&quot;&quot;,&quot;camera&quot;:&quot;NEX-F3&quot;,&quot;caption&quot;:&quot;&quot;,&quot;created_timestamp&quot;:&quot;1642090673&quot;,&quot;copyright&quot;:&quot;&quot;,&quot;focal_length&quot;:&quot;30&quot;,&quot;iso&quot;:&quot;2000&quot;,&quot;shutter_speed&quot;:&quot;0.016666666666667&quot;,&quot;title&quot;:&quot;&quot;,&quot;orientation&quot;:&quot;0&quot;}\" data-image-title=\"Atelier at\u00e9bas et bracelet\" data-image-description=\"\" data-image-caption=\"\" data-medium-file=\"https:\/\/www.leriredelarcenciel.fr\/Blog\/wp-content\/uploads\/2025\/01\/Atelier-atebas-et-bracelet-300x199.jpg\" data-large-file=\"https:\/\/www.leriredelarcenciel.fr\/Blog\/wp-content\/uploads\/2025\/01\/Atelier-atebas-et-bracelet-1024x680.jpg\" src=\"https:\/\/www.leriredelarcenciel.fr\/Blog\/wp-content\/uploads\/2025\/01\/Atelier-atebas-et-bracelet-1024x680.jpg\" alt=\"\" class=\"wp-image-6772\" srcset=\"https:\/\/www.leriredelarcenciel.fr\/Blog\/wp-content\/uploads\/2025\/01\/Atelier-atebas-et-bracelet-1024x680.jpg 1024w, https:\/\/www.leriredelarcenciel.fr\/Blog\/wp-content\/uploads\/2025\/01\/Atelier-atebas-et-bracelet-300x199.jpg 300w, https:\/\/www.leriredelarcenciel.fr\/Blog\/wp-content\/uploads\/2025\/01\/Atelier-atebas-et-bracelet-768x510.jpg 768w, https:\/\/www.leriredelarcenciel.fr\/Blog\/wp-content\/uploads\/2025\/01\/Atelier-atebas-et-bracelet-1536x1021.jpg 1536w, https:\/\/www.leriredelarcenciel.fr\/Blog\/wp-content\/uploads\/2025\/01\/Atelier-atebas-et-bracelet-2048x1361.jpg 2048w, https:\/\/www.leriredelarcenciel.fr\/Blog\/wp-content\/uploads\/2025\/01\/Atelier-atebas-et-bracelet-216x144.jpg 216w\" sizes=\"auto, (max-width: 1024px) 100vw, 1024px\" \/><\/figure>\n\n\n\n<ul class=\"wp-block-list\">\n<li><strong>Le mobile yoyos<\/strong>\u00a0: \u00e0 vous de choisir sa taille, sa couleur, sa composition\u2026 Un mobile tout en l\u00e9g\u00e8ret\u00e9 \u00e0 r\u00e9aliser avec un anneau, du tissu et des perles.<\/li>\n<\/ul>\n\n\n\n<figure class=\"wp-block-image size-large\"><img loading=\"lazy\" decoding=\"async\" width=\"1024\" height=\"680\" data-attachment-id=\"6774\" data-permalink=\"https:\/\/www.leriredelarcenciel.fr\/Blog\/decouverte-des-ateliers-creatifs-2025\/mobile-yoyos-3\/\" data-orig-file=\"https:\/\/www.leriredelarcenciel.fr\/Blog\/wp-content\/uploads\/2025\/01\/Mobile-yoyos-scaled.jpg\" data-orig-size=\"2560,1701\" data-comments-opened=\"1\" data-image-meta=\"{&quot;aperture&quot;:&quot;22&quot;,&quot;credit&quot;:&quot;&quot;,&quot;camera&quot;:&quot;NEX-F3&quot;,&quot;caption&quot;:&quot;&quot;,&quot;created_timestamp&quot;:&quot;1673887841&quot;,&quot;copyright&quot;:&quot;&quot;,&quot;focal_length&quot;:&quot;30&quot;,&quot;iso&quot;:&quot;1250&quot;,&quot;shutter_speed&quot;:&quot;0.016666666666667&quot;,&quot;title&quot;:&quot;&quot;,&quot;orientation&quot;:&quot;0&quot;}\" data-image-title=\"Mobile yoyos\" data-image-description=\"\" data-image-caption=\"\" data-medium-file=\"https:\/\/www.leriredelarcenciel.fr\/Blog\/wp-content\/uploads\/2025\/01\/Mobile-yoyos-300x199.jpg\" data-large-file=\"https:\/\/www.leriredelarcenciel.fr\/Blog\/wp-content\/uploads\/2025\/01\/Mobile-yoyos-1024x680.jpg\" src=\"https:\/\/www.leriredelarcenciel.fr\/Blog\/wp-content\/uploads\/2025\/01\/Mobile-yoyos-1024x680.jpg\" alt=\"\" class=\"wp-image-6774\" srcset=\"https:\/\/www.leriredelarcenciel.fr\/Blog\/wp-content\/uploads\/2025\/01\/Mobile-yoyos-1024x680.jpg 1024w, https:\/\/www.leriredelarcenciel.fr\/Blog\/wp-content\/uploads\/2025\/01\/Mobile-yoyos-300x199.jpg 300w, https:\/\/www.leriredelarcenciel.fr\/Blog\/wp-content\/uploads\/2025\/01\/Mobile-yoyos-768x510.jpg 768w, https:\/\/www.leriredelarcenciel.fr\/Blog\/wp-content\/uploads\/2025\/01\/Mobile-yoyos-1536x1021.jpg 1536w, https:\/\/www.leriredelarcenciel.fr\/Blog\/wp-content\/uploads\/2025\/01\/Mobile-yoyos-2048x1361.jpg 2048w, https:\/\/www.leriredelarcenciel.fr\/Blog\/wp-content\/uploads\/2025\/01\/Mobile-yoyos-216x144.jpg 216w\" sizes=\"auto, (max-width: 1024px) 100vw, 1024px\" \/><\/figure>\n\n\n\n<ul class=\"wp-block-list\">\n<li><strong>Le cadre fleuri<\/strong>\u00a0: pour mettre en valeur un portrait de famille ou une photo souvenir de vos vacances, rien de mieux que quelques fleurs. Et si vous pr\u00e9f\u00e9rez, vous pouvez fleurir une carte.<\/li>\n<\/ul>\n\n\n\n<figure class=\"wp-block-image size-large\"><img loading=\"lazy\" decoding=\"async\" width=\"1024\" height=\"680\" data-attachment-id=\"6775\" data-permalink=\"https:\/\/www.leriredelarcenciel.fr\/Blog\/decouverte-des-ateliers-creatifs-2025\/atelier-fleurs-sur-cadre-ou-carte-5\/\" data-orig-file=\"https:\/\/www.leriredelarcenciel.fr\/Blog\/wp-content\/uploads\/2025\/01\/Atelier-fleurs-sur-cadre-ou-carte-1-scaled.jpg\" data-orig-size=\"2560,1701\" data-comments-opened=\"1\" data-image-meta=\"{&quot;aperture&quot;:&quot;22&quot;,&quot;credit&quot;:&quot;&quot;,&quot;camera&quot;:&quot;NEX-F3&quot;,&quot;caption&quot;:&quot;&quot;,&quot;created_timestamp&quot;:&quot;1642090548&quot;,&quot;copyright&quot;:&quot;&quot;,&quot;focal_length&quot;:&quot;30&quot;,&quot;iso&quot;:&quot;2000&quot;,&quot;shutter_speed&quot;:&quot;0.016666666666667&quot;,&quot;title&quot;:&quot;&quot;,&quot;orientation&quot;:&quot;0&quot;}\" data-image-title=\"Atelier fleurs sur cadre ou carte\" data-image-description=\"\" data-image-caption=\"\" data-medium-file=\"https:\/\/www.leriredelarcenciel.fr\/Blog\/wp-content\/uploads\/2025\/01\/Atelier-fleurs-sur-cadre-ou-carte-1-300x199.jpg\" data-large-file=\"https:\/\/www.leriredelarcenciel.fr\/Blog\/wp-content\/uploads\/2025\/01\/Atelier-fleurs-sur-cadre-ou-carte-1-1024x680.jpg\" src=\"https:\/\/www.leriredelarcenciel.fr\/Blog\/wp-content\/uploads\/2025\/01\/Atelier-fleurs-sur-cadre-ou-carte-1-1024x680.jpg\" alt=\"\" class=\"wp-image-6775\" srcset=\"https:\/\/www.leriredelarcenciel.fr\/Blog\/wp-content\/uploads\/2025\/01\/Atelier-fleurs-sur-cadre-ou-carte-1-1024x680.jpg 1024w, https:\/\/www.leriredelarcenciel.fr\/Blog\/wp-content\/uploads\/2025\/01\/Atelier-fleurs-sur-cadre-ou-carte-1-300x199.jpg 300w, https:\/\/www.leriredelarcenciel.fr\/Blog\/wp-content\/uploads\/2025\/01\/Atelier-fleurs-sur-cadre-ou-carte-1-768x510.jpg 768w, https:\/\/www.leriredelarcenciel.fr\/Blog\/wp-content\/uploads\/2025\/01\/Atelier-fleurs-sur-cadre-ou-carte-1-1536x1021.jpg 1536w, https:\/\/www.leriredelarcenciel.fr\/Blog\/wp-content\/uploads\/2025\/01\/Atelier-fleurs-sur-cadre-ou-carte-1-2048x1361.jpg 2048w, https:\/\/www.leriredelarcenciel.fr\/Blog\/wp-content\/uploads\/2025\/01\/Atelier-fleurs-sur-cadre-ou-carte-1-216x144.jpg 216w\" sizes=\"auto, (max-width: 1024px) 100vw, 1024px\" \/><\/figure>\n\n\n\n<ul class=\"wp-block-list\">\n<li><strong>La photo brod\u00e9e<\/strong>\u00a0: serez-vous tent\u00e9.e de v\u00e9g\u00e9taliser cette fa\u00e7ade de pierre en brodant une liane de feuilles et de fleurs\u00a0?<\/li>\n<\/ul>\n\n\n\n<figure class=\"wp-block-image size-large\"><img loading=\"lazy\" decoding=\"async\" width=\"1024\" height=\"680\" data-attachment-id=\"6776\" data-permalink=\"https:\/\/www.leriredelarcenciel.fr\/Blog\/decouverte-des-ateliers-creatifs-2025\/photo-brodee-2\/\" data-orig-file=\"https:\/\/www.leriredelarcenciel.fr\/Blog\/wp-content\/uploads\/2025\/01\/Photo-brodee-scaled.jpg\" data-orig-size=\"2560,1701\" data-comments-opened=\"1\" data-image-meta=\"{&quot;aperture&quot;:&quot;22&quot;,&quot;credit&quot;:&quot;&quot;,&quot;camera&quot;:&quot;NEX-F3&quot;,&quot;caption&quot;:&quot;&quot;,&quot;created_timestamp&quot;:&quot;1705337383&quot;,&quot;copyright&quot;:&quot;&quot;,&quot;focal_length&quot;:&quot;30&quot;,&quot;iso&quot;:&quot;3200&quot;,&quot;shutter_speed&quot;:&quot;0.05&quot;,&quot;title&quot;:&quot;&quot;,&quot;orientation&quot;:&quot;0&quot;}\" data-image-title=\"Photo brod\u00e9e\" data-image-description=\"\" data-image-caption=\"\" data-medium-file=\"https:\/\/www.leriredelarcenciel.fr\/Blog\/wp-content\/uploads\/2025\/01\/Photo-brodee-300x199.jpg\" data-large-file=\"https:\/\/www.leriredelarcenciel.fr\/Blog\/wp-content\/uploads\/2025\/01\/Photo-brodee-1024x680.jpg\" src=\"https:\/\/www.leriredelarcenciel.fr\/Blog\/wp-content\/uploads\/2025\/01\/Photo-brodee-1024x680.jpg\" alt=\"\" class=\"wp-image-6776\" srcset=\"https:\/\/www.leriredelarcenciel.fr\/Blog\/wp-content\/uploads\/2025\/01\/Photo-brodee-1024x680.jpg 1024w, https:\/\/www.leriredelarcenciel.fr\/Blog\/wp-content\/uploads\/2025\/01\/Photo-brodee-300x199.jpg 300w, https:\/\/www.leriredelarcenciel.fr\/Blog\/wp-content\/uploads\/2025\/01\/Photo-brodee-768x510.jpg 768w, https:\/\/www.leriredelarcenciel.fr\/Blog\/wp-content\/uploads\/2025\/01\/Photo-brodee-1536x1021.jpg 1536w, https:\/\/www.leriredelarcenciel.fr\/Blog\/wp-content\/uploads\/2025\/01\/Photo-brodee-2048x1361.jpg 2048w, https:\/\/www.leriredelarcenciel.fr\/Blog\/wp-content\/uploads\/2025\/01\/Photo-brodee-216x144.jpg 216w\" sizes=\"auto, (max-width: 1024px) 100vw, 1024px\" \/><\/figure>\n\n\n\n<p>Pour terminer, il y a l\u2019<strong>initiation \u00e0 la broderie<\/strong>. Possible en une ou plusieurs s\u00e9ances, cette initiation vous permettra de d\u00e9couvrir les premiers gestes, les premiers points et de r\u00e9aliser si vous le souhaitez votre premier objet brod\u00e9 (marque-page, carte, mini tableau)\u2026<\/p>\n\n\n\n<figure class=\"wp-block-image size-large\"><img loading=\"lazy\" decoding=\"async\" width=\"1024\" height=\"680\" data-attachment-id=\"6777\" data-permalink=\"https:\/\/www.leriredelarcenciel.fr\/Blog\/decouverte-des-ateliers-creatifs-2025\/atelier-initiation-broderie-2\/\" data-orig-file=\"https:\/\/www.leriredelarcenciel.fr\/Blog\/wp-content\/uploads\/2025\/01\/Atelier-initiation-broderie-2-scaled.jpg\" data-orig-size=\"2560,1701\" data-comments-opened=\"1\" data-image-meta=\"{&quot;aperture&quot;:&quot;18&quot;,&quot;credit&quot;:&quot;&quot;,&quot;camera&quot;:&quot;NEX-F3&quot;,&quot;caption&quot;:&quot;&quot;,&quot;created_timestamp&quot;:&quot;1737393667&quot;,&quot;copyright&quot;:&quot;&quot;,&quot;focal_length&quot;:&quot;30&quot;,&quot;iso&quot;:&quot;3200&quot;,&quot;shutter_speed&quot;:&quot;0.02&quot;,&quot;title&quot;:&quot;&quot;,&quot;orientation&quot;:&quot;0&quot;}\" data-image-title=\"Atelier initiation broderie 2\" data-image-description=\"\" data-image-caption=\"\" data-medium-file=\"https:\/\/www.leriredelarcenciel.fr\/Blog\/wp-content\/uploads\/2025\/01\/Atelier-initiation-broderie-2-300x199.jpg\" data-large-file=\"https:\/\/www.leriredelarcenciel.fr\/Blog\/wp-content\/uploads\/2025\/01\/Atelier-initiation-broderie-2-1024x680.jpg\" src=\"https:\/\/www.leriredelarcenciel.fr\/Blog\/wp-content\/uploads\/2025\/01\/Atelier-initiation-broderie-2-1024x680.jpg\" alt=\"\" class=\"wp-image-6777\" srcset=\"https:\/\/www.leriredelarcenciel.fr\/Blog\/wp-content\/uploads\/2025\/01\/Atelier-initiation-broderie-2-1024x680.jpg 1024w, https:\/\/www.leriredelarcenciel.fr\/Blog\/wp-content\/uploads\/2025\/01\/Atelier-initiation-broderie-2-300x199.jpg 300w, https:\/\/www.leriredelarcenciel.fr\/Blog\/wp-content\/uploads\/2025\/01\/Atelier-initiation-broderie-2-768x510.jpg 768w, https:\/\/www.leriredelarcenciel.fr\/Blog\/wp-content\/uploads\/2025\/01\/Atelier-initiation-broderie-2-1536x1021.jpg 1536w, https:\/\/www.leriredelarcenciel.fr\/Blog\/wp-content\/uploads\/2025\/01\/Atelier-initiation-broderie-2-2048x1361.jpg 2048w, https:\/\/www.leriredelarcenciel.fr\/Blog\/wp-content\/uploads\/2025\/01\/Atelier-initiation-broderie-2-216x144.jpg 216w\" sizes=\"auto, (max-width: 1024px) 100vw, 1024px\" \/><\/figure>\n\n\n\n<p>\u2026 ou votre carnet de broderie.<\/p>\n\n\n\n<figure class=\"wp-block-image size-large\"><img loading=\"lazy\" decoding=\"async\" width=\"1024\" height=\"680\" data-attachment-id=\"6778\" data-permalink=\"https:\/\/www.leriredelarcenciel.fr\/Blog\/decouverte-des-ateliers-creatifs-2025\/carnet-initiation-a-la-broderie\/\" data-orig-file=\"https:\/\/www.leriredelarcenciel.fr\/Blog\/wp-content\/uploads\/2025\/01\/Carnet-initiation-a-la-broderie-scaled.jpg\" data-orig-size=\"2560,1701\" data-comments-opened=\"1\" data-image-meta=\"{&quot;aperture&quot;:&quot;20&quot;,&quot;credit&quot;:&quot;&quot;,&quot;camera&quot;:&quot;NEX-F3&quot;,&quot;caption&quot;:&quot;&quot;,&quot;created_timestamp&quot;:&quot;1721755447&quot;,&quot;copyright&quot;:&quot;&quot;,&quot;focal_length&quot;:&quot;30&quot;,&quot;iso&quot;:&quot;500&quot;,&quot;shutter_speed&quot;:&quot;0.016666666666667&quot;,&quot;title&quot;:&quot;&quot;,&quot;orientation&quot;:&quot;0&quot;}\" data-image-title=\"Carnet initiation \u00e0 la broderie\" data-image-description=\"\" data-image-caption=\"\" data-medium-file=\"https:\/\/www.leriredelarcenciel.fr\/Blog\/wp-content\/uploads\/2025\/01\/Carnet-initiation-a-la-broderie-300x199.jpg\" data-large-file=\"https:\/\/www.leriredelarcenciel.fr\/Blog\/wp-content\/uploads\/2025\/01\/Carnet-initiation-a-la-broderie-1024x680.jpg\" src=\"https:\/\/www.leriredelarcenciel.fr\/Blog\/wp-content\/uploads\/2025\/01\/Carnet-initiation-a-la-broderie-1024x680.jpg\" alt=\"\" class=\"wp-image-6778\" srcset=\"https:\/\/www.leriredelarcenciel.fr\/Blog\/wp-content\/uploads\/2025\/01\/Carnet-initiation-a-la-broderie-1024x680.jpg 1024w, https:\/\/www.leriredelarcenciel.fr\/Blog\/wp-content\/uploads\/2025\/01\/Carnet-initiation-a-la-broderie-300x199.jpg 300w, https:\/\/www.leriredelarcenciel.fr\/Blog\/wp-content\/uploads\/2025\/01\/Carnet-initiation-a-la-broderie-768x510.jpg 768w, https:\/\/www.leriredelarcenciel.fr\/Blog\/wp-content\/uploads\/2025\/01\/Carnet-initiation-a-la-broderie-1536x1021.jpg 1536w, https:\/\/www.leriredelarcenciel.fr\/Blog\/wp-content\/uploads\/2025\/01\/Carnet-initiation-a-la-broderie-2048x1361.jpg 2048w, https:\/\/www.leriredelarcenciel.fr\/Blog\/wp-content\/uploads\/2025\/01\/Carnet-initiation-a-la-broderie-216x144.jpg 216w\" sizes=\"auto, (max-width: 1024px) 100vw, 1024px\" \/><\/figure>\n\n\n\n<p><strong>Infos pratiques pour les ateliers<\/strong><\/p>\n\n\n\n<ul class=\"wp-block-list\">\n<li>Les ateliers que je propose sont accessibles \u00e0 tous (\u00e0 partir de 6 ans).<\/li>\n\n\n\n<li>Il y a entre 1 et 4 personnes \u00e0 chaque atelier. Pas plus\u00a0! Autant dire que je peux aider et conseiller chacun au cours de la s\u00e9ance.<\/li>\n\n\n\n<li>Chaque atelier dure 2h environ. Pour les plus rapides, vous avez la possibilit\u00e9 de refaire le m\u00eame atelier avec variante si vous le souhaitez (par exemple, une at\u00e9bas suivi d\u2019un bracelet, ou 2 at\u00e9bas de couleurs diff\u00e9rentes). Je vous propose \u00e9galement quelques activit\u00e9s rapides.<\/li>\n\n\n\n<li>Une s\u00e9ance co\u00fbte (toujours) 10\u20ac par personne. Vous pouvez venir avec seulement vos 10 doigts et votre bonne humeur. En r\u00e9sum\u00e9, le mat\u00e9riel est fourni.<\/li>\n\n\n\n<li>Vous \u00eates int\u00e9ress\u00e9-e\u00a0? Vous devez imp\u00e9rativement prendre rendez-vous pour que nous fixions ensemble le jour et l\u2019heure qui nous conviennent.<\/li>\n\n\n\n<li>Jours et horaires possibles\u00a0:<\/li>\n\n\n\n<li>En juillet et ao\u00fbt\u00a0: chaque mercredi et jeudi, entre 10h et 12h et entre 14h et 19h<\/li>\n\n\n\n<li>De septembre \u00e0 juin\u00a0: du lundi au vendredi, aux m\u00eames horaires<\/li>\n\n\n\n<li>L\u2019adresse\u00a0: atelier-boutique Le rire de l\u2019arc-en-ciel, 17 rue des Iles, Ile Grande, 22560 Pleumeur-Bodou.<\/li>\n\n\n\n<li>Pour toute information compl\u00e9mentaire et\/ou pour r\u00e9server, vous pouvez me contacter au 06 84 11 84 18 (laissez-moi un message si besoin, je vous rappellerai), m\u2019envoyer un sms (m\u00eame num\u00e9ro) ou passer me voir directement \u00e0 l&rsquo;atelier-boutique Le rire de l&rsquo;arc-en-ciel.<\/li>\n\n\n\n<li>Pour celles et ceux qui sont d\u00e9j\u00e0 venus, n\u2019oubliez pas votre carte de fid\u00e9lit\u00e9\u00a0!<\/li>\n<\/ul>\n<a class=\"synved-social-button synved-social-button-share synved-social-size-24 synved-social-resolution-single synved-social-provider-facebook nolightbox\" data-provider=\"facebook\" target=\"_blank\" rel=\"nofollow\" title=\"Partager sur Facebook\" href=\"http:\/\/www.facebook.com\/sharer.php?u=https%3A%2F%2Fwww.leriredelarcenciel.fr%2FBlog%2Fwp-json%2Fwp%2Fv2%2Fposts%2F6765&#038;t=D%C3%A9couverte%20des%20ateliers%20cr%C3%A9atifs%202025&#038;s=100&#038;p&#091;url&#093;=https%3A%2F%2Fwww.leriredelarcenciel.fr%2FBlog%2Fwp-json%2Fwp%2Fv2%2Fposts%2F6765&#038;p&#091;images&#093;&#091;0&#093;=https%3A%2F%2Fwww.leriredelarcenciel.fr%2FBlog%2Fwp-content%2Fuploads%2F2025%2F01%2FLe-torchon-fleuri-1-1024x680.jpg&#038;p&#091;title&#093;=D%C3%A9couverte%20des%20ateliers%20cr%C3%A9atifs%202025\" style=\"font-size: 0px;width:24px;height:24px;margin:0;margin-bottom:10px;margin-right:10px\"><img loading=\"lazy\" decoding=\"async\" alt=\"Facebook\" title=\"Partager sur Facebook\" class=\"synved-share-image synved-social-image synved-social-image-share\" width=\"24\" height=\"24\" style=\"display: inline;width:24px;height:24px;margin: 0;padding: 0;border: none;box-shadow: none\" src=\"https:\/\/www.leriredelarcenciel.fr\/Blog\/wp-content\/plugins\/social-media-feather\/synved-social\/image\/social\/regular\/48x48\/facebook.png\" \/><\/a><a class=\"synved-social-button synved-social-button-share synved-social-size-24 synved-social-resolution-single synved-social-provider-pinterest nolightbox\" data-provider=\"pinterest\" target=\"_blank\" rel=\"nofollow\" title=\"Epingler sur Pinterest\" href=\"https:\/\/pinterest.com\/pin\/create\/button\/?url=https%3A%2F%2Fwww.leriredelarcenciel.fr%2FBlog%2Fwp-json%2Fwp%2Fv2%2Fposts%2F6765&#038;media=https%3A%2F%2Fwww.leriredelarcenciel.fr%2FBlog%2Fwp-content%2Fuploads%2F2025%2F01%2FLe-torchon-fleuri-1-1024x680.jpg&#038;description=D%C3%A9couverte%20des%20ateliers%20cr%C3%A9atifs%202025\" style=\"font-size: 0px;width:24px;height:24px;margin:0;margin-bottom:10px;margin-right:10px\"><img loading=\"lazy\" decoding=\"async\" alt=\"pinterest\" title=\"Epingler sur Pinterest\" class=\"synved-share-image synved-social-image synved-social-image-share\" width=\"24\" height=\"24\" style=\"display: inline;width:24px;height:24px;margin: 0;padding: 0;border: none;box-shadow: none\" src=\"https:\/\/www.leriredelarcenciel.fr\/Blog\/wp-content\/plugins\/social-media-feather\/synved-social\/image\/social\/regular\/48x48\/pinterest.png\" \/><\/a><a class=\"synved-social-button synved-social-button-share synved-social-size-24 synved-social-resolution-single synved-social-provider-mail nolightbox\" data-provider=\"mail\" rel=\"nofollow\" title=\"Partager par email\" href=\"mailto:?subject=D%C3%A9couverte%20des%20ateliers%20cr%C3%A9atifs%202025&#038;body=Le%20rire%20de%20l%27arc-en-ciel%20:%20https%3A%2F%2Fwww.leriredelarcenciel.fr%2FBlog%2Fwp-json%2Fwp%2Fv2%2Fposts%2F6765\" style=\"font-size: 0px;width:24px;height:24px;margin:0;margin-bottom:10px;margin-right:10px\"><img loading=\"lazy\" decoding=\"async\" alt=\"mail\" title=\"Partager par email\" class=\"synved-share-image synved-social-image synved-social-image-share\" width=\"24\" height=\"24\" style=\"display: inline;width:24px;height:24px;margin: 0;padding: 0;border: none;box-shadow: none\" src=\"https:\/\/www.leriredelarcenciel.fr\/Blog\/wp-content\/plugins\/social-media-feather\/synved-social\/image\/social\/regular\/48x48\/mail.png\" \/><\/a>","protected":false},"excerpt":{"rendered":"<p>Je vous accueille comme chaque ann\u00e9e au Rire de l&rsquo;arc-en-ciel \u00e0 l&rsquo;\u00cele Grande pour des activit\u00e9s manuelles (voir infos pratiques en bas de l&rsquo;article). Roulements de tambour\u00a0! Voici les nouveaut\u00e9s\u00a0pour l\u2019ann\u00e9e 2025 : Comme tous les ans, vous pourrez \u00e9galement choisir de r\u00e9aliser 4 ateliers d\u00e9j\u00e0 propos\u00e9s l\u2019an pass\u00e9 (les plus appr\u00e9ci\u00e9s, bien s\u00fbr) : [&hellip;]<\/p>\n","protected":false},"author":1,"featured_media":0,"comment_status":"open","ping_status":"open","sticky":false,"template":"","format":"standard","meta":{"jetpack_post_was_ever_published":false,"_jetpack_newsletter_access":"","_jetpack_dont_email_post_to_subs":false,"_jetpack_newsletter_tier_id":0,"_jetpack_memberships_contains_paywalled_content":false,"_jetpack_memberships_contains_paid_content":false,"footnotes":"","jetpack_publicize_message":"","jetpack_publicize_feature_enabled":true,"jetpack_social_post_already_shared":true,"jetpack_social_options":{"image_generator_settings":{"template":"highway","default_image_id":0,"font":"","enabled":false},"version":2}},"categories":[13,4],"tags":[1063,60,382,417,26,15],"class_list":["post-6765","post","type-post","status-publish","format-standard","hentry","category-bons-baisers-de-l-ile-grande","category-dans-un-coin-de-l-atelier","tag-activites-manuelles-ile-grande","tag-ateliers-creatifs","tag-ateliers-creatifs-ile-grande","tag-ateliers-creatifs-pleumeur-bodou","tag-ile-grande","tag-le-rire-de-larc-en-ciel"],"jetpack_publicize_connections":[],"jetpack_featured_media_url":"","jetpack_sharing_enabled":true,"jetpack_shortlink":"https:\/\/wp.me\/p4fKpm-1L7","_links":{"self":[{"href":"https:\/\/www.leriredelarcenciel.fr\/Blog\/wp-json\/wp\/v2\/posts\/6765","targetHints":{"allow":["GET"]}}],"collection":[{"href":"https:\/\/www.leriredelarcenciel.fr\/Blog\/wp-json\/wp\/v2\/posts"}],"about":[{"href":"https:\/\/www.leriredelarcenciel.fr\/Blog\/wp-json\/wp\/v2\/types\/post"}],"author":[{"embeddable":true,"href":"https:\/\/www.leriredelarcenciel.fr\/Blog\/wp-json\/wp\/v2\/users\/1"}],"replies":[{"embeddable":true,"href":"https:\/\/www.leriredelarcenciel.fr\/Blog\/wp-json\/wp\/v2\/comments?post=6765"}],"version-history":[{"count":4,"href":"https:\/\/www.leriredelarcenciel.fr\/Blog\/wp-json\/wp\/v2\/posts\/6765\/revisions"}],"predecessor-version":[{"id":6783,"href":"https:\/\/www.leriredelarcenciel.fr\/Blog\/wp-json\/wp\/v2\/posts\/6765\/revisions\/6783"}],"wp:attachment":[{"href":"https:\/\/www.leriredelarcenciel.fr\/Blog\/wp-json\/wp\/v2\/media?parent=6765"}],"wp:term":[{"taxonomy":"category","embeddable":true,"href":"https:\/\/www.leriredelarcenciel.fr\/Blog\/wp-json\/wp\/v2\/categories?post=6765"},{"taxonomy":"post_tag","embeddable":true,"href":"https:\/\/www.leriredelarcenciel.fr\/Blog\/wp-json\/wp\/v2\/tags?post=6765"}],"curies":[{"name":"wp","href":"https:\/\/api.w.org\/{rel}","templated":true}]}}