{"id":6736,"date":"2024-10-29T10:51:00","date_gmt":"2024-10-29T09:51:00","guid":{"rendered":"https:\/\/www.leriredelarcenciel.fr\/Blog\/?p=6736"},"modified":"2024-10-29T10:57:54","modified_gmt":"2024-10-29T09:57:54","slug":"petits-plaisirs-du-bord-de-mer","status":"publish","type":"post","link":"https:\/\/www.leriredelarcenciel.fr\/Blog\/petits-plaisirs-du-bord-de-mer\/","title":{"rendered":"Petits plaisirs du bord de mer"},"content":{"rendered":"\n<figure class=\"wp-block-image size-large\"><img loading=\"lazy\" decoding=\"async\" width=\"1024\" height=\"576\" data-attachment-id=\"6737\" data-permalink=\"https:\/\/www.leriredelarcenciel.fr\/Blog\/petits-plaisirs-du-bord-de-mer\/20240812_211026-2\/\" data-orig-file=\"https:\/\/www.leriredelarcenciel.fr\/Blog\/wp-content\/uploads\/2024\/10\/20240812_211026-scaled.jpg\" data-orig-size=\"2560,1440\" data-comments-opened=\"1\" data-image-meta=\"{&quot;aperture&quot;:&quot;1.7&quot;,&quot;credit&quot;:&quot;&quot;,&quot;camera&quot;:&quot;SM-G935F&quot;,&quot;caption&quot;:&quot;&quot;,&quot;created_timestamp&quot;:&quot;1723497026&quot;,&quot;copyright&quot;:&quot;&quot;,&quot;focal_length&quot;:&quot;4.2&quot;,&quot;iso&quot;:&quot;40&quot;,&quot;shutter_speed&quot;:&quot;0.0027777777777778&quot;,&quot;title&quot;:&quot;&quot;,&quot;orientation&quot;:&quot;1&quot;}\" data-image-title=\"20240812_211026\" data-image-description=\"\" data-image-caption=\"\" data-medium-file=\"https:\/\/www.leriredelarcenciel.fr\/Blog\/wp-content\/uploads\/2024\/10\/20240812_211026-300x169.jpg\" data-large-file=\"https:\/\/www.leriredelarcenciel.fr\/Blog\/wp-content\/uploads\/2024\/10\/20240812_211026-1024x576.jpg\" src=\"https:\/\/www.leriredelarcenciel.fr\/Blog\/wp-content\/uploads\/2024\/10\/20240812_211026-1024x576.jpg\" alt=\"\" class=\"wp-image-6737\" srcset=\"https:\/\/www.leriredelarcenciel.fr\/Blog\/wp-content\/uploads\/2024\/10\/20240812_211026-1024x576.jpg 1024w, https:\/\/www.leriredelarcenciel.fr\/Blog\/wp-content\/uploads\/2024\/10\/20240812_211026-300x169.jpg 300w, https:\/\/www.leriredelarcenciel.fr\/Blog\/wp-content\/uploads\/2024\/10\/20240812_211026-768x432.jpg 768w, https:\/\/www.leriredelarcenciel.fr\/Blog\/wp-content\/uploads\/2024\/10\/20240812_211026-1536x864.jpg 1536w, https:\/\/www.leriredelarcenciel.fr\/Blog\/wp-content\/uploads\/2024\/10\/20240812_211026-2048x1152.jpg 2048w, https:\/\/www.leriredelarcenciel.fr\/Blog\/wp-content\/uploads\/2024\/10\/20240812_211026-216x122.jpg 216w\" sizes=\"auto, (max-width: 1024px) 100vw, 1024px\" \/><figcaption class=\"wp-element-caption\"><em>\u00cele Grande, lumi\u00e8re du soir<\/em><\/figcaption><\/figure>\n\n\n\n<p>Vous aussi, vous aimez le bord de mer\u00a0? Vous aimez vous promener sur les sentiers longeant la c\u00f4te, respirer l\u2019air iod\u00e9 \u00e0 pleins poumons, \u00e9couter les oiseaux marins, vous laisser bercer par le rythme des vagues\u2026\u00a0?<\/p>\n\n\n\n<figure class=\"wp-block-image size-large\"><a href=\"https:\/\/leriredelarcenciel.com\/wordpress\/categorie-produit\/broderie\/tableaux_brodes\/\" target=\"_blank\" rel=\"noreferrer noopener\"><img loading=\"lazy\" decoding=\"async\" width=\"1024\" height=\"663\" data-attachment-id=\"6738\" data-permalink=\"https:\/\/www.leriredelarcenciel.fr\/Blog\/petits-plaisirs-du-bord-de-mer\/208-tableau-peinture-et-broderie-30cm-1\/\" data-orig-file=\"https:\/\/www.leriredelarcenciel.fr\/Blog\/wp-content\/uploads\/2024\/10\/208-Tableau-peinture-et-broderie-30cm-1-scaled.jpg\" data-orig-size=\"2560,1657\" data-comments-opened=\"1\" data-image-meta=\"{&quot;aperture&quot;:&quot;0&quot;,&quot;credit&quot;:&quot;&quot;,&quot;camera&quot;:&quot;&quot;,&quot;caption&quot;:&quot;&quot;,&quot;created_timestamp&quot;:&quot;0&quot;,&quot;copyright&quot;:&quot;&quot;,&quot;focal_length&quot;:&quot;0&quot;,&quot;iso&quot;:&quot;0&quot;,&quot;shutter_speed&quot;:&quot;0&quot;,&quot;title&quot;:&quot;&quot;,&quot;orientation&quot;:&quot;0&quot;}\" data-image-title=\"208 &amp;#8211; Tableau peinture et broderie 30cm 1\" data-image-description=\"\" data-image-caption=\"\" data-medium-file=\"https:\/\/www.leriredelarcenciel.fr\/Blog\/wp-content\/uploads\/2024\/10\/208-Tableau-peinture-et-broderie-30cm-1-300x194.jpg\" data-large-file=\"https:\/\/www.leriredelarcenciel.fr\/Blog\/wp-content\/uploads\/2024\/10\/208-Tableau-peinture-et-broderie-30cm-1-1024x663.jpg\" src=\"https:\/\/www.leriredelarcenciel.fr\/Blog\/wp-content\/uploads\/2024\/10\/208-Tableau-peinture-et-broderie-30cm-1-1024x663.jpg\" alt=\"\" class=\"wp-image-6738\" srcset=\"https:\/\/www.leriredelarcenciel.fr\/Blog\/wp-content\/uploads\/2024\/10\/208-Tableau-peinture-et-broderie-30cm-1-1024x663.jpg 1024w, https:\/\/www.leriredelarcenciel.fr\/Blog\/wp-content\/uploads\/2024\/10\/208-Tableau-peinture-et-broderie-30cm-1-300x194.jpg 300w, https:\/\/www.leriredelarcenciel.fr\/Blog\/wp-content\/uploads\/2024\/10\/208-Tableau-peinture-et-broderie-30cm-1-768x497.jpg 768w, https:\/\/www.leriredelarcenciel.fr\/Blog\/wp-content\/uploads\/2024\/10\/208-Tableau-peinture-et-broderie-30cm-1-1536x994.jpg 1536w, https:\/\/www.leriredelarcenciel.fr\/Blog\/wp-content\/uploads\/2024\/10\/208-Tableau-peinture-et-broderie-30cm-1-2048x1325.jpg 2048w, https:\/\/www.leriredelarcenciel.fr\/Blog\/wp-content\/uploads\/2024\/10\/208-Tableau-peinture-et-broderie-30cm-1-216x140.jpg 216w\" sizes=\"auto, (max-width: 1024px) 100vw, 1024px\" \/><\/a><figcaption class=\"wp-element-caption\"><em><a href=\"https:\/\/leriredelarcenciel.com\/wordpress\/categorie-produit\/broderie\/tableaux_brodes\/\" target=\"_blank\" rel=\"noreferrer noopener\">Promenade en bord de mer, tableau hublot peint et brod\u00e9 \u00e0 la main<\/a><\/em><\/figcaption><\/figure>\n\n\n\n<p>J\u2019ai la chance de pouvoir profiter de tout cela puisque je vis au bord de la mer, en Bretagne. Et je savoure tous ces jours o\u00f9 je peux m\u2019\u00e9vader pour une marche bienfaitrice sur les chemins c\u00f4tiers. Je les connais par c\u0153ur. Pourtant, je prends toujours autant de plaisir \u00e0 d\u00e9ambuler en admirant la vue. Ou plut\u00f4t les vues\u2026 Mar\u00e9e haute ou mar\u00e9e basse, \u00e9t\u00e9 ou hiver, grand beau ou nuages, matin ou soir\u2026 A chacune de mes promenades, ce sont de nouvelles lumi\u00e8res, des couleurs changeantes, des paysages diff\u00e9rents.<\/p>\n\n\n\n<figure class=\"wp-block-image size-large\"><a href=\"https:\/\/leriredelarcenciel.com\/wordpress\/categorie-produit\/broderie\/broches_brodees\/\" target=\"_blank\" rel=\"noreferrer noopener\"><img loading=\"lazy\" decoding=\"async\" width=\"1024\" height=\"680\" data-attachment-id=\"6739\" data-permalink=\"https:\/\/www.leriredelarcenciel.fr\/Blog\/petits-plaisirs-du-bord-de-mer\/207-broche-brodee-1\/\" data-orig-file=\"https:\/\/www.leriredelarcenciel.fr\/Blog\/wp-content\/uploads\/2024\/10\/207-Broche-brodee-1-scaled.jpg\" data-orig-size=\"2560,1701\" data-comments-opened=\"1\" data-image-meta=\"{&quot;aperture&quot;:&quot;20&quot;,&quot;credit&quot;:&quot;&quot;,&quot;camera&quot;:&quot;NEX-F3&quot;,&quot;caption&quot;:&quot;&quot;,&quot;created_timestamp&quot;:&quot;1719603772&quot;,&quot;copyright&quot;:&quot;&quot;,&quot;focal_length&quot;:&quot;30&quot;,&quot;iso&quot;:&quot;250&quot;,&quot;shutter_speed&quot;:&quot;0.016666666666667&quot;,&quot;title&quot;:&quot;&quot;,&quot;orientation&quot;:&quot;0&quot;}\" data-image-title=\"207 &amp;#8211; Broche brod\u00e9e 1\" data-image-description=\"\" data-image-caption=\"\" data-medium-file=\"https:\/\/www.leriredelarcenciel.fr\/Blog\/wp-content\/uploads\/2024\/10\/207-Broche-brodee-1-300x199.jpg\" data-large-file=\"https:\/\/www.leriredelarcenciel.fr\/Blog\/wp-content\/uploads\/2024\/10\/207-Broche-brodee-1-1024x680.jpg\" src=\"https:\/\/www.leriredelarcenciel.fr\/Blog\/wp-content\/uploads\/2024\/10\/207-Broche-brodee-1-1024x680.jpg\" alt=\"\" class=\"wp-image-6739\" srcset=\"https:\/\/www.leriredelarcenciel.fr\/Blog\/wp-content\/uploads\/2024\/10\/207-Broche-brodee-1-1024x680.jpg 1024w, https:\/\/www.leriredelarcenciel.fr\/Blog\/wp-content\/uploads\/2024\/10\/207-Broche-brodee-1-300x199.jpg 300w, https:\/\/www.leriredelarcenciel.fr\/Blog\/wp-content\/uploads\/2024\/10\/207-Broche-brodee-1-768x510.jpg 768w, https:\/\/www.leriredelarcenciel.fr\/Blog\/wp-content\/uploads\/2024\/10\/207-Broche-brodee-1-1536x1021.jpg 1536w, https:\/\/www.leriredelarcenciel.fr\/Blog\/wp-content\/uploads\/2024\/10\/207-Broche-brodee-1-2048x1361.jpg 2048w, https:\/\/www.leriredelarcenciel.fr\/Blog\/wp-content\/uploads\/2024\/10\/207-Broche-brodee-1-216x144.jpg 216w\" sizes=\"auto, (max-width: 1024px) 100vw, 1024px\" \/><\/a><figcaption class=\"wp-element-caption\"><em><a href=\"https:\/\/leriredelarcenciel.com\/wordpress\/categorie-produit\/broderie\/broches_brodees\/\" target=\"_blank\" rel=\"noreferrer noopener\">Broche bord de mer, peinture et broderie<\/a><\/em><\/figcaption><\/figure>\n\n\n\n<p>C&rsquo;est en grande partie dans ces paysages que je puise mon inspiration. Je mets sur les tableaux et les bijoux que je vous propose un peu de la beaut\u00e9 sauvage de l&rsquo;\u00cele Grande o\u00f9 je vis.<\/p>\n\n\n\n<figure class=\"wp-block-image size-large\"><a href=\"https:\/\/leriredelarcenciel.com\/wordpress\/categorie-produit\/broderie\/boucles_d_oreilles_brodees\/\" target=\"_blank\" rel=\"noreferrer noopener\"><img loading=\"lazy\" decoding=\"async\" width=\"1024\" height=\"680\" data-attachment-id=\"6740\" data-permalink=\"https:\/\/www.leriredelarcenciel.fr\/Blog\/petits-plaisirs-du-bord-de-mer\/433-boucles-doreilles-argent-brodees-support-bois-1\/\" data-orig-file=\"https:\/\/www.leriredelarcenciel.fr\/Blog\/wp-content\/uploads\/2024\/10\/433-Boucles-doreilles-argent-brodees-support-bois-1-scaled.jpg\" data-orig-size=\"2560,1701\" data-comments-opened=\"1\" data-image-meta=\"{&quot;aperture&quot;:&quot;18&quot;,&quot;credit&quot;:&quot;&quot;,&quot;camera&quot;:&quot;NEX-F3&quot;,&quot;caption&quot;:&quot;&quot;,&quot;created_timestamp&quot;:&quot;1669906707&quot;,&quot;copyright&quot;:&quot;&quot;,&quot;focal_length&quot;:&quot;30&quot;,&quot;iso&quot;:&quot;200&quot;,&quot;shutter_speed&quot;:&quot;0.016666666666667&quot;,&quot;title&quot;:&quot;&quot;,&quot;orientation&quot;:&quot;0&quot;}\" data-image-title=\"433 &amp;#8211; Boucles d&amp;rsquo;oreilles argent brod\u00e9es support bois 1\" data-image-description=\"\" data-image-caption=\"\" data-medium-file=\"https:\/\/www.leriredelarcenciel.fr\/Blog\/wp-content\/uploads\/2024\/10\/433-Boucles-doreilles-argent-brodees-support-bois-1-300x199.jpg\" data-large-file=\"https:\/\/www.leriredelarcenciel.fr\/Blog\/wp-content\/uploads\/2024\/10\/433-Boucles-doreilles-argent-brodees-support-bois-1-1024x680.jpg\" src=\"https:\/\/www.leriredelarcenciel.fr\/Blog\/wp-content\/uploads\/2024\/10\/433-Boucles-doreilles-argent-brodees-support-bois-1-1024x680.jpg\" alt=\"\" class=\"wp-image-6740\" srcset=\"https:\/\/www.leriredelarcenciel.fr\/Blog\/wp-content\/uploads\/2024\/10\/433-Boucles-doreilles-argent-brodees-support-bois-1-1024x680.jpg 1024w, https:\/\/www.leriredelarcenciel.fr\/Blog\/wp-content\/uploads\/2024\/10\/433-Boucles-doreilles-argent-brodees-support-bois-1-300x199.jpg 300w, https:\/\/www.leriredelarcenciel.fr\/Blog\/wp-content\/uploads\/2024\/10\/433-Boucles-doreilles-argent-brodees-support-bois-1-768x510.jpg 768w, https:\/\/www.leriredelarcenciel.fr\/Blog\/wp-content\/uploads\/2024\/10\/433-Boucles-doreilles-argent-brodees-support-bois-1-1536x1021.jpg 1536w, https:\/\/www.leriredelarcenciel.fr\/Blog\/wp-content\/uploads\/2024\/10\/433-Boucles-doreilles-argent-brodees-support-bois-1-2048x1361.jpg 2048w, https:\/\/www.leriredelarcenciel.fr\/Blog\/wp-content\/uploads\/2024\/10\/433-Boucles-doreilles-argent-brodees-support-bois-1-216x144.jpg 216w\" sizes=\"auto, (max-width: 1024px) 100vw, 1024px\" \/><\/a><figcaption class=\"wp-element-caption\"><em><a href=\"https:\/\/leriredelarcenciel.com\/wordpress\/categorie-produit\/broderie\/boucles_d_oreilles_brodees\/\" target=\"_blank\" rel=\"noreferrer noopener\">Boucles d&rsquo;oreilles bord de mer, broderie sur lin peint<\/a><\/em><\/figcaption><\/figure>\n\n\n\n<p>Et vous, vivez-vous au bord de la mer\u00a0? Ou profitez-vous de vos vacances pour vous \u00e9chapper jusqu\u2019\u00e0 la c\u00f4te\u00a0? Prenez-vous autant de plaisir \u00e0 vous balader au bord de l\u2019eau\u00a0? Je me ferai un plaisir de lire vos commentaires et de d\u00e9couvrir ce que vous appr\u00e9ciez tout particuli\u00e8rement lors de vos promenades \u00e0 la mer.<\/p>\n<a class=\"synved-social-button synved-social-button-share synved-social-size-24 synved-social-resolution-single synved-social-provider-facebook nolightbox\" data-provider=\"facebook\" target=\"_blank\" rel=\"nofollow\" title=\"Partager sur Facebook\" href=\"http:\/\/www.facebook.com\/sharer.php?u=https%3A%2F%2Fwww.leriredelarcenciel.fr%2FBlog%2Fwp-json%2Fwp%2Fv2%2Fposts%2F6736&#038;t=Petits%20plaisirs%20du%20bord%20de%20mer&#038;s=100&#038;p&#091;url&#093;=https%3A%2F%2Fwww.leriredelarcenciel.fr%2FBlog%2Fwp-json%2Fwp%2Fv2%2Fposts%2F6736&#038;p&#091;images&#093;&#091;0&#093;=https%3A%2F%2Fwww.leriredelarcenciel.fr%2FBlog%2Fwp-content%2Fuploads%2F2024%2F10%2F20240812_211026-1024x576.jpg&#038;p&#091;title&#093;=Petits%20plaisirs%20du%20bord%20de%20mer\" style=\"font-size: 0px;width:24px;height:24px;margin:0;margin-bottom:10px;margin-right:10px\"><img loading=\"lazy\" decoding=\"async\" alt=\"Facebook\" title=\"Partager sur Facebook\" class=\"synved-share-image synved-social-image synved-social-image-share\" width=\"24\" height=\"24\" style=\"display: inline;width:24px;height:24px;margin: 0;padding: 0;border: none;box-shadow: none\" src=\"https:\/\/www.leriredelarcenciel.fr\/Blog\/wp-content\/plugins\/social-media-feather\/synved-social\/image\/social\/regular\/48x48\/facebook.png\" \/><\/a><a class=\"synved-social-button synved-social-button-share synved-social-size-24 synved-social-resolution-single synved-social-provider-pinterest nolightbox\" data-provider=\"pinterest\" target=\"_blank\" rel=\"nofollow\" title=\"Epingler sur Pinterest\" href=\"https:\/\/pinterest.com\/pin\/create\/button\/?url=https%3A%2F%2Fwww.leriredelarcenciel.fr%2FBlog%2Fwp-json%2Fwp%2Fv2%2Fposts%2F6736&#038;media=https%3A%2F%2Fwww.leriredelarcenciel.fr%2FBlog%2Fwp-content%2Fuploads%2F2024%2F10%2F20240812_211026-1024x576.jpg&#038;description=Petits%20plaisirs%20du%20bord%20de%20mer\" style=\"font-size: 0px;width:24px;height:24px;margin:0;margin-bottom:10px;margin-right:10px\"><img loading=\"lazy\" decoding=\"async\" alt=\"pinterest\" title=\"Epingler sur Pinterest\" class=\"synved-share-image synved-social-image synved-social-image-share\" width=\"24\" height=\"24\" style=\"display: inline;width:24px;height:24px;margin: 0;padding: 0;border: none;box-shadow: none\" src=\"https:\/\/www.leriredelarcenciel.fr\/Blog\/wp-content\/plugins\/social-media-feather\/synved-social\/image\/social\/regular\/48x48\/pinterest.png\" \/><\/a><a class=\"synved-social-button synved-social-button-share synved-social-size-24 synved-social-resolution-single synved-social-provider-mail nolightbox\" data-provider=\"mail\" rel=\"nofollow\" title=\"Partager par email\" href=\"mailto:?subject=Petits%20plaisirs%20du%20bord%20de%20mer&#038;body=Le%20rire%20de%20l%27arc-en-ciel%20:%20https%3A%2F%2Fwww.leriredelarcenciel.fr%2FBlog%2Fwp-json%2Fwp%2Fv2%2Fposts%2F6736\" style=\"font-size: 0px;width:24px;height:24px;margin:0;margin-bottom:10px;margin-right:10px\"><img loading=\"lazy\" decoding=\"async\" alt=\"mail\" title=\"Partager par email\" class=\"synved-share-image synved-social-image synved-social-image-share\" width=\"24\" height=\"24\" style=\"display: inline;width:24px;height:24px;margin: 0;padding: 0;border: none;box-shadow: none\" src=\"https:\/\/www.leriredelarcenciel.fr\/Blog\/wp-content\/plugins\/social-media-feather\/synved-social\/image\/social\/regular\/48x48\/mail.png\" \/><\/a>","protected":false},"excerpt":{"rendered":"<p>Vous aussi, vous aimez le bord de mer\u00a0? Vous aimez vous promener sur les sentiers longeant la c\u00f4te, respirer l\u2019air iod\u00e9 \u00e0 pleins poumons, \u00e9couter les oiseaux marins, vous laisser bercer par le rythme des vagues\u2026\u00a0? J\u2019ai la chance de pouvoir profiter de tout cela puisque je vis au bord de la mer, en Bretagne. [&hellip;]<\/p>\n","protected":false},"author":1,"featured_media":0,"comment_status":"open","ping_status":"open","sticky":false,"template":"","format":"standard","meta":{"jetpack_post_was_ever_published":false,"_jetpack_newsletter_access":"","_jetpack_dont_email_post_to_subs":false,"_jetpack_newsletter_tier_id":0,"_jetpack_memberships_contains_paywalled_content":false,"_jetpack_memberships_contains_paid_content":false,"footnotes":"","jetpack_publicize_message":"","jetpack_publicize_feature_enabled":true,"jetpack_social_post_already_shared":true,"jetpack_social_options":{"image_generator_settings":{"template":"highway","default_image_id":0,"font":"","enabled":false},"version":2}},"categories":[13,4],"tags":[1798,1274,2059,1976,1516],"class_list":["post-6736","post","type-post","status-publish","format-standard","hentry","category-bons-baisers-de-l-ile-grande","category-dans-un-coin-de-l-atelier","tag-broderie-a-laiguille","tag-broderie-a-la-main","tag-inspiration-bord-de-mer","tag-paysage-bord-de-mer","tag-paysage-ile-grande-2"],"jetpack_publicize_connections":[],"jetpack_featured_media_url":"","jetpack_sharing_enabled":true,"jetpack_shortlink":"https:\/\/wp.me\/p4fKpm-1KE","_links":{"self":[{"href":"https:\/\/www.leriredelarcenciel.fr\/Blog\/wp-json\/wp\/v2\/posts\/6736","targetHints":{"allow":["GET"]}}],"collection":[{"href":"https:\/\/www.leriredelarcenciel.fr\/Blog\/wp-json\/wp\/v2\/posts"}],"about":[{"href":"https:\/\/www.leriredelarcenciel.fr\/Blog\/wp-json\/wp\/v2\/types\/post"}],"author":[{"embeddable":true,"href":"https:\/\/www.leriredelarcenciel.fr\/Blog\/wp-json\/wp\/v2\/users\/1"}],"replies":[{"embeddable":true,"href":"https:\/\/www.leriredelarcenciel.fr\/Blog\/wp-json\/wp\/v2\/comments?post=6736"}],"version-history":[{"count":2,"href":"https:\/\/www.leriredelarcenciel.fr\/Blog\/wp-json\/wp\/v2\/posts\/6736\/revisions"}],"predecessor-version":[{"id":6743,"href":"https:\/\/www.leriredelarcenciel.fr\/Blog\/wp-json\/wp\/v2\/posts\/6736\/revisions\/6743"}],"wp:attachment":[{"href":"https:\/\/www.leriredelarcenciel.fr\/Blog\/wp-json\/wp\/v2\/media?parent=6736"}],"wp:term":[{"taxonomy":"category","embeddable":true,"href":"https:\/\/www.leriredelarcenciel.fr\/Blog\/wp-json\/wp\/v2\/categories?post=6736"},{"taxonomy":"post_tag","embeddable":true,"href":"https:\/\/www.leriredelarcenciel.fr\/Blog\/wp-json\/wp\/v2\/tags?post=6736"}],"curies":[{"name":"wp","href":"https:\/\/api.w.org\/{rel}","templated":true}]}}