{"id":6596,"date":"2024-04-23T10:03:08","date_gmt":"2024-04-23T09:03:08","guid":{"rendered":"https:\/\/www.leriredelarcenciel.fr\/Blog\/?p=6596"},"modified":"2025-07-28T13:16:46","modified_gmt":"2025-07-28T12:16:46","slug":"la-campagne","status":"publish","type":"post","link":"https:\/\/www.leriredelarcenciel.fr\/Blog\/la-campagne\/","title":{"rendered":"La campagne en vid\u00e9o"},"content":{"rendered":"\n<figure class=\"wp-block-image size-large\"><img loading=\"lazy\" decoding=\"async\" width=\"1024\" height=\"776\" data-attachment-id=\"6598\" data-permalink=\"https:\/\/www.leriredelarcenciel.fr\/Blog\/la-campagne\/fleurs-de-campagne-details\/\" data-orig-file=\"https:\/\/www.leriredelarcenciel.fr\/Blog\/wp-content\/uploads\/2024\/04\/Fleurs-de-campagne-details-scaled.jpg\" data-orig-size=\"2560,1940\" data-comments-opened=\"1\" data-image-meta=\"{&quot;aperture&quot;:&quot;0&quot;,&quot;credit&quot;:&quot;&quot;,&quot;camera&quot;:&quot;&quot;,&quot;caption&quot;:&quot;&quot;,&quot;created_timestamp&quot;:&quot;0&quot;,&quot;copyright&quot;:&quot;&quot;,&quot;focal_length&quot;:&quot;0&quot;,&quot;iso&quot;:&quot;0&quot;,&quot;shutter_speed&quot;:&quot;0&quot;,&quot;title&quot;:&quot;&quot;,&quot;orientation&quot;:&quot;0&quot;}\" data-image-title=\"Fleurs-de-campagne-details\" data-image-description=\"\" data-image-caption=\"\" data-medium-file=\"https:\/\/www.leriredelarcenciel.fr\/Blog\/wp-content\/uploads\/2024\/04\/Fleurs-de-campagne-details-300x227.jpg\" data-large-file=\"https:\/\/www.leriredelarcenciel.fr\/Blog\/wp-content\/uploads\/2024\/04\/Fleurs-de-campagne-details-1024x776.jpg\" src=\"https:\/\/www.leriredelarcenciel.fr\/Blog\/wp-content\/uploads\/2024\/04\/Fleurs-de-campagne-details-1024x776.jpg\" alt=\"\" class=\"wp-image-6598\" srcset=\"https:\/\/www.leriredelarcenciel.fr\/Blog\/wp-content\/uploads\/2024\/04\/Fleurs-de-campagne-details-1024x776.jpg 1024w, https:\/\/www.leriredelarcenciel.fr\/Blog\/wp-content\/uploads\/2024\/04\/Fleurs-de-campagne-details-300x227.jpg 300w, https:\/\/www.leriredelarcenciel.fr\/Blog\/wp-content\/uploads\/2024\/04\/Fleurs-de-campagne-details-768x582.jpg 768w, https:\/\/www.leriredelarcenciel.fr\/Blog\/wp-content\/uploads\/2024\/04\/Fleurs-de-campagne-details-1536x1164.jpg 1536w, https:\/\/www.leriredelarcenciel.fr\/Blog\/wp-content\/uploads\/2024\/04\/Fleurs-de-campagne-details-2048x1552.jpg 2048w, https:\/\/www.leriredelarcenciel.fr\/Blog\/wp-content\/uploads\/2024\/04\/Fleurs-de-campagne-details-216x164.jpg 216w\" sizes=\"auto, (max-width: 1024px) 100vw, 1024px\" \/><\/figure>\n\n\n\n<p>Une fois n\u2019est pas coutume, j\u2019ai le plaisir de vous partager ici une vid\u00e9o r\u00e9alis\u00e9e avec brio par deux personnes de talent (voir ci-dessous). Cette vid\u00e9o vous pr\u00e9sente mes broderies sur le th\u00e8me de la campagne. Une campagne bretonne jamais tr\u00e8s \u00e9loign\u00e9e de la mer d\u2019ailleurs\u2026<\/p>\n\n\n\n<p>Je vous invite donc \u00e0 une promenade color\u00e9e et fleurie. Installez-vous confortablement, mettez le son (indispensable&nbsp;!) et \u00e9vadez-vous en vous laissant bercer par le chant des oiseaux&#8230;<\/p>\n\n\n\n<p><strong><em><a href=\"https:\/\/vimeo.com\/937716907?share=copy\" target=\"_blank\" rel=\"noreferrer noopener\">La campagne \u2013 Broderie Le rire de l\u2019arc-en-ciel<\/a> <\/em><\/strong>(cliquez sur ce lien pour lancer la vid\u00e9o)<\/p>\n\n\n\n<p>Merci \u00e0 Alice et \u00e0 Florent pour leur \u00e9coute et leur professionnalisme. A travers cette vid\u00e9o, ils ont parfaitement su mettre en valeur l&rsquo;univers du Rire de l&rsquo;arc-en-ciel.<\/p>\n\n\n\n<div class=\"wp-block-group is-vertical is-layout-flex wp-container-core-group-is-layout-8cf370e7 wp-block-group-is-layout-flex\">\n<div class=\"wp-block-group is-vertical is-layout-flex wp-container-core-group-is-layout-8cf370e7 wp-block-group-is-layout-flex\">\n<ul class=\"wp-block-list\">\n<li>Photographie : <a href=\"https:\/\/linktr.ee\/almesnil\" target=\"_blank\" rel=\"noreferrer noopener\">AlMesnil Photographie<\/a> <\/li>\n\n\n\n<li>Prise de son et mixage : <a href=\"https:\/\/annuaire.filmsenbretagne.org\/fiche\/florent-gaillard\/\" target=\"_blank\" rel=\"noreferrer noopener\">Florent Gaillard<\/a> <\/li>\n<\/ul>\n<\/div>\n<\/div>\n<a class=\"synved-social-button synved-social-button-share synved-social-size-24 synved-social-resolution-single synved-social-provider-facebook nolightbox\" data-provider=\"facebook\" target=\"_blank\" rel=\"nofollow\" title=\"Partager sur Facebook\" href=\"http:\/\/www.facebook.com\/sharer.php?u=https%3A%2F%2Fwww.leriredelarcenciel.fr%2FBlog%2Fwp-json%2Fwp%2Fv2%2Fposts%2F6596&#038;t=La%20campagne%20en%20vid%C3%A9o&#038;s=100&#038;p&#091;url&#093;=https%3A%2F%2Fwww.leriredelarcenciel.fr%2FBlog%2Fwp-json%2Fwp%2Fv2%2Fposts%2F6596&#038;p&#091;images&#093;&#091;0&#093;=https%3A%2F%2Fwww.leriredelarcenciel.fr%2FBlog%2Fwp-content%2Fuploads%2F2024%2F04%2FFleurs-de-campagne-details-1024x776.jpg&#038;p&#091;title&#093;=La%20campagne%20en%20vid%C3%A9o\" style=\"font-size: 0px;width:24px;height:24px;margin:0;margin-bottom:10px;margin-right:10px\"><img loading=\"lazy\" decoding=\"async\" alt=\"Facebook\" title=\"Partager sur Facebook\" class=\"synved-share-image synved-social-image synved-social-image-share\" width=\"24\" height=\"24\" style=\"display: inline;width:24px;height:24px;margin: 0;padding: 0;border: none;box-shadow: none\" src=\"https:\/\/www.leriredelarcenciel.fr\/Blog\/wp-content\/plugins\/social-media-feather\/synved-social\/image\/social\/regular\/48x48\/facebook.png\" \/><\/a><a class=\"synved-social-button synved-social-button-share synved-social-size-24 synved-social-resolution-single synved-social-provider-pinterest nolightbox\" data-provider=\"pinterest\" target=\"_blank\" rel=\"nofollow\" title=\"Epingler sur Pinterest\" href=\"https:\/\/pinterest.com\/pin\/create\/button\/?url=https%3A%2F%2Fwww.leriredelarcenciel.fr%2FBlog%2Fwp-json%2Fwp%2Fv2%2Fposts%2F6596&#038;media=https%3A%2F%2Fwww.leriredelarcenciel.fr%2FBlog%2Fwp-content%2Fuploads%2F2024%2F04%2FFleurs-de-campagne-details-1024x776.jpg&#038;description=La%20campagne%20en%20vid%C3%A9o\" style=\"font-size: 0px;width:24px;height:24px;margin:0;margin-bottom:10px;margin-right:10px\"><img loading=\"lazy\" decoding=\"async\" alt=\"pinterest\" title=\"Epingler sur Pinterest\" class=\"synved-share-image synved-social-image synved-social-image-share\" width=\"24\" height=\"24\" style=\"display: inline;width:24px;height:24px;margin: 0;padding: 0;border: none;box-shadow: none\" src=\"https:\/\/www.leriredelarcenciel.fr\/Blog\/wp-content\/plugins\/social-media-feather\/synved-social\/image\/social\/regular\/48x48\/pinterest.png\" \/><\/a><a class=\"synved-social-button synved-social-button-share synved-social-size-24 synved-social-resolution-single synved-social-provider-mail nolightbox\" data-provider=\"mail\" rel=\"nofollow\" title=\"Partager par email\" href=\"mailto:?subject=La%20campagne%20en%20vid%C3%A9o&#038;body=Le%20rire%20de%20l%27arc-en-ciel%20:%20https%3A%2F%2Fwww.leriredelarcenciel.fr%2FBlog%2Fwp-json%2Fwp%2Fv2%2Fposts%2F6596\" style=\"font-size: 0px;width:24px;height:24px;margin:0;margin-bottom:10px;margin-right:10px\"><img loading=\"lazy\" decoding=\"async\" alt=\"mail\" title=\"Partager par email\" class=\"synved-share-image synved-social-image synved-social-image-share\" width=\"24\" height=\"24\" style=\"display: inline;width:24px;height:24px;margin: 0;padding: 0;border: none;box-shadow: none\" src=\"https:\/\/www.leriredelarcenciel.fr\/Blog\/wp-content\/plugins\/social-media-feather\/synved-social\/image\/social\/regular\/48x48\/mail.png\" \/><\/a>","protected":false},"excerpt":{"rendered":"<p>Une fois n\u2019est pas coutume, j\u2019ai le plaisir de vous partager ici une vid\u00e9o r\u00e9alis\u00e9e avec brio par deux personnes de talent (voir ci-dessous). Cette vid\u00e9o vous pr\u00e9sente mes broderies sur le th\u00e8me de la campagne. Une campagne bretonne jamais tr\u00e8s \u00e9loign\u00e9e de la mer d\u2019ailleurs\u2026 Je vous invite donc \u00e0 une promenade color\u00e9e et [&hellip;]<\/p>\n","protected":false},"author":1,"featured_media":0,"comment_status":"open","ping_status":"open","sticky":false,"template":"","format":"standard","meta":{"jetpack_post_was_ever_published":false,"_jetpack_newsletter_access":"","_jetpack_dont_email_post_to_subs":false,"_jetpack_newsletter_tier_id":0,"_jetpack_memberships_contains_paywalled_content":false,"_jetpack_memberships_contains_paid_content":false,"footnotes":"","jetpack_publicize_message":"","jetpack_publicize_feature_enabled":true,"jetpack_social_post_already_shared":true,"jetpack_social_options":{"image_generator_settings":{"template":"highway","default_image_id":0,"font":"","enabled":false},"version":2}},"categories":[13,4,12],"tags":[1521,1274,15],"class_list":["post-6596","post","type-post","status-publish","format-standard","hentry","category-bons-baisers-de-l-ile-grande","category-dans-un-coin-de-l-atelier","category-et-ailleurs-quoi-de-beau","tag-artisanat-dart","tag-broderie-a-la-main","tag-le-rire-de-larc-en-ciel"],"jetpack_publicize_connections":[],"jetpack_featured_media_url":"","jetpack_sharing_enabled":true,"jetpack_shortlink":"https:\/\/wp.me\/p4fKpm-1Io","_links":{"self":[{"href":"https:\/\/www.leriredelarcenciel.fr\/Blog\/wp-json\/wp\/v2\/posts\/6596","targetHints":{"allow":["GET"]}}],"collection":[{"href":"https:\/\/www.leriredelarcenciel.fr\/Blog\/wp-json\/wp\/v2\/posts"}],"about":[{"href":"https:\/\/www.leriredelarcenciel.fr\/Blog\/wp-json\/wp\/v2\/types\/post"}],"author":[{"embeddable":true,"href":"https:\/\/www.leriredelarcenciel.fr\/Blog\/wp-json\/wp\/v2\/users\/1"}],"replies":[{"embeddable":true,"href":"https:\/\/www.leriredelarcenciel.fr\/Blog\/wp-json\/wp\/v2\/comments?post=6596"}],"version-history":[{"count":6,"href":"https:\/\/www.leriredelarcenciel.fr\/Blog\/wp-json\/wp\/v2\/posts\/6596\/revisions"}],"predecessor-version":[{"id":6644,"href":"https:\/\/www.leriredelarcenciel.fr\/Blog\/wp-json\/wp\/v2\/posts\/6596\/revisions\/6644"}],"wp:attachment":[{"href":"https:\/\/www.leriredelarcenciel.fr\/Blog\/wp-json\/wp\/v2\/media?parent=6596"}],"wp:term":[{"taxonomy":"category","embeddable":true,"href":"https:\/\/www.leriredelarcenciel.fr\/Blog\/wp-json\/wp\/v2\/categories?post=6596"},{"taxonomy":"post_tag","embeddable":true,"href":"https:\/\/www.leriredelarcenciel.fr\/Blog\/wp-json\/wp\/v2\/tags?post=6596"}],"curies":[{"name":"wp","href":"https:\/\/api.w.org\/{rel}","templated":true}]}}