{"id":6481,"date":"2023-09-01T13:17:30","date_gmt":"2023-09-01T12:17:30","guid":{"rendered":"https:\/\/www.leriredelarcenciel.fr\/Blog\/?p=6481"},"modified":"2023-09-04T17:47:48","modified_gmt":"2023-09-04T16:47:48","slug":"les-artistes-du-mois-daout","status":"publish","type":"post","link":"https:\/\/www.leriredelarcenciel.fr\/Blog\/les-artistes-du-mois-daout\/","title":{"rendered":"Les artistes du mois d&rsquo;ao\u00fbt"},"content":{"rendered":"\n<p>Comme au <strong><em><a href=\"https:\/\/www.leriredelarcenciel.fr\/Blog\/les-artistes-de-juillet\/\" target=\"_blank\" rel=\"noreferrer noopener\">mois de juillet<\/a><\/em><\/strong>, vous avez \u00e9t\u00e9 nombreux \u00e0 venir faire un ou plusieurs ateliers cr\u00e9atifs au Rire de l\u2019arc-en-ciel durant tout le mois d\u2019ao\u00fbt. La preuve avec toutes les photos que voici\u2026<\/p>\n\n\n\n<figure class=\"wp-block-image size-large\"><img loading=\"lazy\" decoding=\"async\" width=\"1024\" height=\"454\" data-attachment-id=\"6482\" data-permalink=\"https:\/\/www.leriredelarcenciel.fr\/Blog\/les-artistes-du-mois-daout\/ateliers-creatifs-aout-1\/\" data-orig-file=\"https:\/\/www.leriredelarcenciel.fr\/Blog\/wp-content\/uploads\/2023\/09\/Ateliers-creatifs-aout-1.jpg\" data-orig-size=\"2257,1000\" data-comments-opened=\"1\" data-image-meta=\"{&quot;aperture&quot;:&quot;0&quot;,&quot;credit&quot;:&quot;&quot;,&quot;camera&quot;:&quot;&quot;,&quot;caption&quot;:&quot;&quot;,&quot;created_timestamp&quot;:&quot;0&quot;,&quot;copyright&quot;:&quot;&quot;,&quot;focal_length&quot;:&quot;0&quot;,&quot;iso&quot;:&quot;0&quot;,&quot;shutter_speed&quot;:&quot;0&quot;,&quot;title&quot;:&quot;&quot;,&quot;orientation&quot;:&quot;0&quot;}\" data-image-title=\"Ateliers-creatifs-aout-1\" data-image-description=\"\" data-image-caption=\"\" data-medium-file=\"https:\/\/www.leriredelarcenciel.fr\/Blog\/wp-content\/uploads\/2023\/09\/Ateliers-creatifs-aout-1-300x133.jpg\" data-large-file=\"https:\/\/www.leriredelarcenciel.fr\/Blog\/wp-content\/uploads\/2023\/09\/Ateliers-creatifs-aout-1-1024x454.jpg\" src=\"https:\/\/www.leriredelarcenciel.fr\/Blog\/wp-content\/uploads\/2023\/09\/Ateliers-creatifs-aout-1-1024x454.jpg\" alt=\"\" class=\"wp-image-6482\" srcset=\"https:\/\/www.leriredelarcenciel.fr\/Blog\/wp-content\/uploads\/2023\/09\/Ateliers-creatifs-aout-1-1024x454.jpg 1024w, https:\/\/www.leriredelarcenciel.fr\/Blog\/wp-content\/uploads\/2023\/09\/Ateliers-creatifs-aout-1-300x133.jpg 300w, https:\/\/www.leriredelarcenciel.fr\/Blog\/wp-content\/uploads\/2023\/09\/Ateliers-creatifs-aout-1-768x340.jpg 768w, https:\/\/www.leriredelarcenciel.fr\/Blog\/wp-content\/uploads\/2023\/09\/Ateliers-creatifs-aout-1-1536x681.jpg 1536w, https:\/\/www.leriredelarcenciel.fr\/Blog\/wp-content\/uploads\/2023\/09\/Ateliers-creatifs-aout-1-2048x907.jpg 2048w, https:\/\/www.leriredelarcenciel.fr\/Blog\/wp-content\/uploads\/2023\/09\/Ateliers-creatifs-aout-1-216x96.jpg 216w\" sizes=\"auto, (max-width: 1024px) 100vw, 1024px\" \/><\/figure>\n\n\n\n<figure class=\"wp-block-image size-large\"><img loading=\"lazy\" decoding=\"async\" width=\"1024\" height=\"454\" data-attachment-id=\"6483\" data-permalink=\"https:\/\/www.leriredelarcenciel.fr\/Blog\/les-artistes-du-mois-daout\/ateliers-creatifs-aout-2\/\" data-orig-file=\"https:\/\/www.leriredelarcenciel.fr\/Blog\/wp-content\/uploads\/2023\/09\/Ateliers-creatifs-aout-2.jpg\" data-orig-size=\"2257,1000\" data-comments-opened=\"1\" data-image-meta=\"{&quot;aperture&quot;:&quot;0&quot;,&quot;credit&quot;:&quot;&quot;,&quot;camera&quot;:&quot;&quot;,&quot;caption&quot;:&quot;&quot;,&quot;created_timestamp&quot;:&quot;0&quot;,&quot;copyright&quot;:&quot;&quot;,&quot;focal_length&quot;:&quot;0&quot;,&quot;iso&quot;:&quot;0&quot;,&quot;shutter_speed&quot;:&quot;0&quot;,&quot;title&quot;:&quot;&quot;,&quot;orientation&quot;:&quot;0&quot;}\" data-image-title=\"Ateliers-creatifs-aout-2\" data-image-description=\"\" data-image-caption=\"\" data-medium-file=\"https:\/\/www.leriredelarcenciel.fr\/Blog\/wp-content\/uploads\/2023\/09\/Ateliers-creatifs-aout-2-300x133.jpg\" data-large-file=\"https:\/\/www.leriredelarcenciel.fr\/Blog\/wp-content\/uploads\/2023\/09\/Ateliers-creatifs-aout-2-1024x454.jpg\" src=\"https:\/\/www.leriredelarcenciel.fr\/Blog\/wp-content\/uploads\/2023\/09\/Ateliers-creatifs-aout-2-1024x454.jpg\" alt=\"\" class=\"wp-image-6483\" srcset=\"https:\/\/www.leriredelarcenciel.fr\/Blog\/wp-content\/uploads\/2023\/09\/Ateliers-creatifs-aout-2-1024x454.jpg 1024w, https:\/\/www.leriredelarcenciel.fr\/Blog\/wp-content\/uploads\/2023\/09\/Ateliers-creatifs-aout-2-300x133.jpg 300w, https:\/\/www.leriredelarcenciel.fr\/Blog\/wp-content\/uploads\/2023\/09\/Ateliers-creatifs-aout-2-768x340.jpg 768w, https:\/\/www.leriredelarcenciel.fr\/Blog\/wp-content\/uploads\/2023\/09\/Ateliers-creatifs-aout-2-1536x681.jpg 1536w, https:\/\/www.leriredelarcenciel.fr\/Blog\/wp-content\/uploads\/2023\/09\/Ateliers-creatifs-aout-2-2048x907.jpg 2048w, https:\/\/www.leriredelarcenciel.fr\/Blog\/wp-content\/uploads\/2023\/09\/Ateliers-creatifs-aout-2-216x96.jpg 216w\" sizes=\"auto, (max-width: 1024px) 100vw, 1024px\" \/><\/figure>\n\n\n\n<figure class=\"wp-block-image size-large\"><img loading=\"lazy\" decoding=\"async\" width=\"1024\" height=\"454\" data-attachment-id=\"6484\" data-permalink=\"https:\/\/www.leriredelarcenciel.fr\/Blog\/les-artistes-du-mois-daout\/ateliers-creatifs-aout-3\/\" data-orig-file=\"https:\/\/www.leriredelarcenciel.fr\/Blog\/wp-content\/uploads\/2023\/09\/Ateliers-creatifs-aout-3.jpg\" data-orig-size=\"2257,1000\" data-comments-opened=\"1\" data-image-meta=\"{&quot;aperture&quot;:&quot;0&quot;,&quot;credit&quot;:&quot;&quot;,&quot;camera&quot;:&quot;&quot;,&quot;caption&quot;:&quot;&quot;,&quot;created_timestamp&quot;:&quot;0&quot;,&quot;copyright&quot;:&quot;&quot;,&quot;focal_length&quot;:&quot;0&quot;,&quot;iso&quot;:&quot;0&quot;,&quot;shutter_speed&quot;:&quot;0&quot;,&quot;title&quot;:&quot;&quot;,&quot;orientation&quot;:&quot;0&quot;}\" data-image-title=\"Ateliers-creatifs-aout-3\" data-image-description=\"\" data-image-caption=\"\" data-medium-file=\"https:\/\/www.leriredelarcenciel.fr\/Blog\/wp-content\/uploads\/2023\/09\/Ateliers-creatifs-aout-3-300x133.jpg\" data-large-file=\"https:\/\/www.leriredelarcenciel.fr\/Blog\/wp-content\/uploads\/2023\/09\/Ateliers-creatifs-aout-3-1024x454.jpg\" src=\"https:\/\/www.leriredelarcenciel.fr\/Blog\/wp-content\/uploads\/2023\/09\/Ateliers-creatifs-aout-3-1024x454.jpg\" alt=\"\" class=\"wp-image-6484\" srcset=\"https:\/\/www.leriredelarcenciel.fr\/Blog\/wp-content\/uploads\/2023\/09\/Ateliers-creatifs-aout-3-1024x454.jpg 1024w, https:\/\/www.leriredelarcenciel.fr\/Blog\/wp-content\/uploads\/2023\/09\/Ateliers-creatifs-aout-3-300x133.jpg 300w, https:\/\/www.leriredelarcenciel.fr\/Blog\/wp-content\/uploads\/2023\/09\/Ateliers-creatifs-aout-3-768x340.jpg 768w, https:\/\/www.leriredelarcenciel.fr\/Blog\/wp-content\/uploads\/2023\/09\/Ateliers-creatifs-aout-3-1536x681.jpg 1536w, https:\/\/www.leriredelarcenciel.fr\/Blog\/wp-content\/uploads\/2023\/09\/Ateliers-creatifs-aout-3-2048x907.jpg 2048w, https:\/\/www.leriredelarcenciel.fr\/Blog\/wp-content\/uploads\/2023\/09\/Ateliers-creatifs-aout-3-216x96.jpg 216w\" sizes=\"auto, (max-width: 1024px) 100vw, 1024px\" \/><\/figure>\n\n\n\n<figure class=\"wp-block-image size-large\"><img loading=\"lazy\" decoding=\"async\" width=\"1024\" height=\"454\" data-attachment-id=\"6485\" data-permalink=\"https:\/\/www.leriredelarcenciel.fr\/Blog\/les-artistes-du-mois-daout\/ateliers-creatifs-aout-4\/\" data-orig-file=\"https:\/\/www.leriredelarcenciel.fr\/Blog\/wp-content\/uploads\/2023\/09\/Ateliers-creatifs-aout-4.jpg\" data-orig-size=\"2257,1000\" data-comments-opened=\"1\" data-image-meta=\"{&quot;aperture&quot;:&quot;0&quot;,&quot;credit&quot;:&quot;&quot;,&quot;camera&quot;:&quot;&quot;,&quot;caption&quot;:&quot;&quot;,&quot;created_timestamp&quot;:&quot;0&quot;,&quot;copyright&quot;:&quot;&quot;,&quot;focal_length&quot;:&quot;0&quot;,&quot;iso&quot;:&quot;0&quot;,&quot;shutter_speed&quot;:&quot;0&quot;,&quot;title&quot;:&quot;&quot;,&quot;orientation&quot;:&quot;0&quot;}\" data-image-title=\"Ateliers-creatifs-aout-4\" data-image-description=\"\" data-image-caption=\"\" data-medium-file=\"https:\/\/www.leriredelarcenciel.fr\/Blog\/wp-content\/uploads\/2023\/09\/Ateliers-creatifs-aout-4-300x133.jpg\" data-large-file=\"https:\/\/www.leriredelarcenciel.fr\/Blog\/wp-content\/uploads\/2023\/09\/Ateliers-creatifs-aout-4-1024x454.jpg\" src=\"https:\/\/www.leriredelarcenciel.fr\/Blog\/wp-content\/uploads\/2023\/09\/Ateliers-creatifs-aout-4-1024x454.jpg\" alt=\"\" class=\"wp-image-6485\" srcset=\"https:\/\/www.leriredelarcenciel.fr\/Blog\/wp-content\/uploads\/2023\/09\/Ateliers-creatifs-aout-4-1024x454.jpg 1024w, https:\/\/www.leriredelarcenciel.fr\/Blog\/wp-content\/uploads\/2023\/09\/Ateliers-creatifs-aout-4-300x133.jpg 300w, https:\/\/www.leriredelarcenciel.fr\/Blog\/wp-content\/uploads\/2023\/09\/Ateliers-creatifs-aout-4-768x340.jpg 768w, https:\/\/www.leriredelarcenciel.fr\/Blog\/wp-content\/uploads\/2023\/09\/Ateliers-creatifs-aout-4-1536x681.jpg 1536w, https:\/\/www.leriredelarcenciel.fr\/Blog\/wp-content\/uploads\/2023\/09\/Ateliers-creatifs-aout-4-2048x907.jpg 2048w, https:\/\/www.leriredelarcenciel.fr\/Blog\/wp-content\/uploads\/2023\/09\/Ateliers-creatifs-aout-4-216x96.jpg 216w\" sizes=\"auto, (max-width: 1024px) 100vw, 1024px\" \/><\/figure>\n\n\n\n<figure class=\"wp-block-image size-large\"><img loading=\"lazy\" decoding=\"async\" width=\"1024\" height=\"454\" data-attachment-id=\"6486\" data-permalink=\"https:\/\/www.leriredelarcenciel.fr\/Blog\/les-artistes-du-mois-daout\/ateliers-creatifs-aout-5\/\" data-orig-file=\"https:\/\/www.leriredelarcenciel.fr\/Blog\/wp-content\/uploads\/2023\/09\/Ateliers-creatifs-aout-5.jpg\" data-orig-size=\"2257,1000\" data-comments-opened=\"1\" data-image-meta=\"{&quot;aperture&quot;:&quot;0&quot;,&quot;credit&quot;:&quot;&quot;,&quot;camera&quot;:&quot;&quot;,&quot;caption&quot;:&quot;&quot;,&quot;created_timestamp&quot;:&quot;0&quot;,&quot;copyright&quot;:&quot;&quot;,&quot;focal_length&quot;:&quot;0&quot;,&quot;iso&quot;:&quot;0&quot;,&quot;shutter_speed&quot;:&quot;0&quot;,&quot;title&quot;:&quot;&quot;,&quot;orientation&quot;:&quot;0&quot;}\" data-image-title=\"Ateliers-creatifs-aout-5\" data-image-description=\"\" data-image-caption=\"\" data-medium-file=\"https:\/\/www.leriredelarcenciel.fr\/Blog\/wp-content\/uploads\/2023\/09\/Ateliers-creatifs-aout-5-300x133.jpg\" data-large-file=\"https:\/\/www.leriredelarcenciel.fr\/Blog\/wp-content\/uploads\/2023\/09\/Ateliers-creatifs-aout-5-1024x454.jpg\" src=\"https:\/\/www.leriredelarcenciel.fr\/Blog\/wp-content\/uploads\/2023\/09\/Ateliers-creatifs-aout-5-1024x454.jpg\" alt=\"\" class=\"wp-image-6486\" srcset=\"https:\/\/www.leriredelarcenciel.fr\/Blog\/wp-content\/uploads\/2023\/09\/Ateliers-creatifs-aout-5-1024x454.jpg 1024w, https:\/\/www.leriredelarcenciel.fr\/Blog\/wp-content\/uploads\/2023\/09\/Ateliers-creatifs-aout-5-300x133.jpg 300w, https:\/\/www.leriredelarcenciel.fr\/Blog\/wp-content\/uploads\/2023\/09\/Ateliers-creatifs-aout-5-768x340.jpg 768w, https:\/\/www.leriredelarcenciel.fr\/Blog\/wp-content\/uploads\/2023\/09\/Ateliers-creatifs-aout-5-1536x681.jpg 1536w, https:\/\/www.leriredelarcenciel.fr\/Blog\/wp-content\/uploads\/2023\/09\/Ateliers-creatifs-aout-5-2048x907.jpg 2048w, https:\/\/www.leriredelarcenciel.fr\/Blog\/wp-content\/uploads\/2023\/09\/Ateliers-creatifs-aout-5-216x96.jpg 216w\" sizes=\"auto, (max-width: 1024px) 100vw, 1024px\" \/><\/figure>\n\n\n\n<figure class=\"wp-block-image size-large\"><img loading=\"lazy\" decoding=\"async\" width=\"1024\" height=\"454\" data-attachment-id=\"6487\" data-permalink=\"https:\/\/www.leriredelarcenciel.fr\/Blog\/les-artistes-du-mois-daout\/ateliers-creatifs-aout-6\/\" data-orig-file=\"https:\/\/www.leriredelarcenciel.fr\/Blog\/wp-content\/uploads\/2023\/09\/Ateliers-creatifs-aout-6.jpg\" data-orig-size=\"2257,1000\" data-comments-opened=\"1\" data-image-meta=\"{&quot;aperture&quot;:&quot;0&quot;,&quot;credit&quot;:&quot;&quot;,&quot;camera&quot;:&quot;&quot;,&quot;caption&quot;:&quot;&quot;,&quot;created_timestamp&quot;:&quot;0&quot;,&quot;copyright&quot;:&quot;&quot;,&quot;focal_length&quot;:&quot;0&quot;,&quot;iso&quot;:&quot;0&quot;,&quot;shutter_speed&quot;:&quot;0&quot;,&quot;title&quot;:&quot;&quot;,&quot;orientation&quot;:&quot;0&quot;}\" data-image-title=\"Ateliers-creatifs-aout-6\" data-image-description=\"\" data-image-caption=\"\" data-medium-file=\"https:\/\/www.leriredelarcenciel.fr\/Blog\/wp-content\/uploads\/2023\/09\/Ateliers-creatifs-aout-6-300x133.jpg\" data-large-file=\"https:\/\/www.leriredelarcenciel.fr\/Blog\/wp-content\/uploads\/2023\/09\/Ateliers-creatifs-aout-6-1024x454.jpg\" src=\"https:\/\/www.leriredelarcenciel.fr\/Blog\/wp-content\/uploads\/2023\/09\/Ateliers-creatifs-aout-6-1024x454.jpg\" alt=\"\" class=\"wp-image-6487\" srcset=\"https:\/\/www.leriredelarcenciel.fr\/Blog\/wp-content\/uploads\/2023\/09\/Ateliers-creatifs-aout-6-1024x454.jpg 1024w, https:\/\/www.leriredelarcenciel.fr\/Blog\/wp-content\/uploads\/2023\/09\/Ateliers-creatifs-aout-6-300x133.jpg 300w, https:\/\/www.leriredelarcenciel.fr\/Blog\/wp-content\/uploads\/2023\/09\/Ateliers-creatifs-aout-6-768x340.jpg 768w, https:\/\/www.leriredelarcenciel.fr\/Blog\/wp-content\/uploads\/2023\/09\/Ateliers-creatifs-aout-6-1536x681.jpg 1536w, https:\/\/www.leriredelarcenciel.fr\/Blog\/wp-content\/uploads\/2023\/09\/Ateliers-creatifs-aout-6-2048x907.jpg 2048w, https:\/\/www.leriredelarcenciel.fr\/Blog\/wp-content\/uploads\/2023\/09\/Ateliers-creatifs-aout-6-216x96.jpg 216w\" sizes=\"auto, (max-width: 1024px) 100vw, 1024px\" \/><\/figure>\n\n\n\n<figure class=\"wp-block-image size-large\"><img loading=\"lazy\" decoding=\"async\" width=\"1024\" height=\"454\" data-attachment-id=\"6489\" data-permalink=\"https:\/\/www.leriredelarcenciel.fr\/Blog\/les-artistes-du-mois-daout\/ateliers-creatifs-aout-7-1\/\" data-orig-file=\"https:\/\/www.leriredelarcenciel.fr\/Blog\/wp-content\/uploads\/2023\/09\/Ateliers-creatifs-aout-7-1.jpg\" data-orig-size=\"2257,1000\" data-comments-opened=\"1\" data-image-meta=\"{&quot;aperture&quot;:&quot;0&quot;,&quot;credit&quot;:&quot;&quot;,&quot;camera&quot;:&quot;&quot;,&quot;caption&quot;:&quot;&quot;,&quot;created_timestamp&quot;:&quot;0&quot;,&quot;copyright&quot;:&quot;&quot;,&quot;focal_length&quot;:&quot;0&quot;,&quot;iso&quot;:&quot;0&quot;,&quot;shutter_speed&quot;:&quot;0&quot;,&quot;title&quot;:&quot;&quot;,&quot;orientation&quot;:&quot;0&quot;}\" data-image-title=\"Ateliers-creatifs-aout-7-1\" data-image-description=\"\" data-image-caption=\"\" data-medium-file=\"https:\/\/www.leriredelarcenciel.fr\/Blog\/wp-content\/uploads\/2023\/09\/Ateliers-creatifs-aout-7-1-300x133.jpg\" data-large-file=\"https:\/\/www.leriredelarcenciel.fr\/Blog\/wp-content\/uploads\/2023\/09\/Ateliers-creatifs-aout-7-1-1024x454.jpg\" src=\"https:\/\/www.leriredelarcenciel.fr\/Blog\/wp-content\/uploads\/2023\/09\/Ateliers-creatifs-aout-7-1-1024x454.jpg\" alt=\"\" class=\"wp-image-6489\" srcset=\"https:\/\/www.leriredelarcenciel.fr\/Blog\/wp-content\/uploads\/2023\/09\/Ateliers-creatifs-aout-7-1-1024x454.jpg 1024w, https:\/\/www.leriredelarcenciel.fr\/Blog\/wp-content\/uploads\/2023\/09\/Ateliers-creatifs-aout-7-1-300x133.jpg 300w, https:\/\/www.leriredelarcenciel.fr\/Blog\/wp-content\/uploads\/2023\/09\/Ateliers-creatifs-aout-7-1-768x340.jpg 768w, https:\/\/www.leriredelarcenciel.fr\/Blog\/wp-content\/uploads\/2023\/09\/Ateliers-creatifs-aout-7-1-1536x681.jpg 1536w, https:\/\/www.leriredelarcenciel.fr\/Blog\/wp-content\/uploads\/2023\/09\/Ateliers-creatifs-aout-7-1-2048x907.jpg 2048w, https:\/\/www.leriredelarcenciel.fr\/Blog\/wp-content\/uploads\/2023\/09\/Ateliers-creatifs-aout-7-1-216x96.jpg 216w\" sizes=\"auto, (max-width: 1024px) 100vw, 1024px\" \/><\/figure>\n\n\n\n<figure class=\"wp-block-image size-large\"><img loading=\"lazy\" decoding=\"async\" width=\"1024\" height=\"454\" data-attachment-id=\"6492\" data-permalink=\"https:\/\/www.leriredelarcenciel.fr\/Blog\/les-artistes-du-mois-daout\/ateliers-creatifs-aout-8-1\/\" data-orig-file=\"https:\/\/www.leriredelarcenciel.fr\/Blog\/wp-content\/uploads\/2023\/09\/Ateliers-creatifs-aout-8-1.jpg\" data-orig-size=\"2257,1000\" data-comments-opened=\"1\" data-image-meta=\"{&quot;aperture&quot;:&quot;0&quot;,&quot;credit&quot;:&quot;&quot;,&quot;camera&quot;:&quot;&quot;,&quot;caption&quot;:&quot;&quot;,&quot;created_timestamp&quot;:&quot;0&quot;,&quot;copyright&quot;:&quot;&quot;,&quot;focal_length&quot;:&quot;0&quot;,&quot;iso&quot;:&quot;0&quot;,&quot;shutter_speed&quot;:&quot;0&quot;,&quot;title&quot;:&quot;&quot;,&quot;orientation&quot;:&quot;0&quot;}\" data-image-title=\"Ateliers-creatifs-aout-8-1\" data-image-description=\"\" data-image-caption=\"\" data-medium-file=\"https:\/\/www.leriredelarcenciel.fr\/Blog\/wp-content\/uploads\/2023\/09\/Ateliers-creatifs-aout-8-1-300x133.jpg\" data-large-file=\"https:\/\/www.leriredelarcenciel.fr\/Blog\/wp-content\/uploads\/2023\/09\/Ateliers-creatifs-aout-8-1-1024x454.jpg\" src=\"https:\/\/www.leriredelarcenciel.fr\/Blog\/wp-content\/uploads\/2023\/09\/Ateliers-creatifs-aout-8-1-1024x454.jpg\" alt=\"\" class=\"wp-image-6492\" srcset=\"https:\/\/www.leriredelarcenciel.fr\/Blog\/wp-content\/uploads\/2023\/09\/Ateliers-creatifs-aout-8-1-1024x454.jpg 1024w, https:\/\/www.leriredelarcenciel.fr\/Blog\/wp-content\/uploads\/2023\/09\/Ateliers-creatifs-aout-8-1-300x133.jpg 300w, https:\/\/www.leriredelarcenciel.fr\/Blog\/wp-content\/uploads\/2023\/09\/Ateliers-creatifs-aout-8-1-768x340.jpg 768w, https:\/\/www.leriredelarcenciel.fr\/Blog\/wp-content\/uploads\/2023\/09\/Ateliers-creatifs-aout-8-1-1536x681.jpg 1536w, https:\/\/www.leriredelarcenciel.fr\/Blog\/wp-content\/uploads\/2023\/09\/Ateliers-creatifs-aout-8-1-2048x907.jpg 2048w, https:\/\/www.leriredelarcenciel.fr\/Blog\/wp-content\/uploads\/2023\/09\/Ateliers-creatifs-aout-8-1-216x96.jpg 216w\" sizes=\"auto, (max-width: 1024px) 100vw, 1024px\" \/><\/figure>\n\n\n\n<p>Bravo \u00e0 tous et merci pour votre enthousiasme, votre bonne humeur et votre fid\u00e9lit\u00e9. Ces moments de partage sont toujours un plaisir.<\/p>\n\n\n\n<p>Les vacances se terminent pour la plupart d\u2019entre vous mais les ateliers cr\u00e9atifs sont possibles toute l\u2019ann\u00e9e sur rendez-vous. Vous trouverez les renseignements n\u00e9cessaires <strong><em><a href=\"https:\/\/www.leriredelarcenciel.fr\/Blog\/ateliers-creatifs-2023\/\" target=\"_blank\" rel=\"noreferrer noopener\">ici<\/a><\/em><\/strong>. A bient\u00f4t&nbsp;!<\/p>\n<a class=\"synved-social-button synved-social-button-share synved-social-size-24 synved-social-resolution-single synved-social-provider-facebook nolightbox\" data-provider=\"facebook\" target=\"_blank\" rel=\"nofollow\" title=\"Partager sur Facebook\" href=\"http:\/\/www.facebook.com\/sharer.php?u=https%3A%2F%2Fwww.leriredelarcenciel.fr%2FBlog%2Fwp-json%2Fwp%2Fv2%2Fposts%2F6481&#038;t=Les%20artistes%20du%20mois%20d%E2%80%99ao%C3%BBt&#038;s=100&#038;p&#091;url&#093;=https%3A%2F%2Fwww.leriredelarcenciel.fr%2FBlog%2Fwp-json%2Fwp%2Fv2%2Fposts%2F6481&#038;p&#091;images&#093;&#091;0&#093;=https%3A%2F%2Fwww.leriredelarcenciel.fr%2FBlog%2Fwp-content%2Fuploads%2F2023%2F09%2FAteliers-creatifs-aout-1-1024x454.jpg&#038;p&#091;title&#093;=Les%20artistes%20du%20mois%20d%E2%80%99ao%C3%BBt\" style=\"font-size: 0px;width:24px;height:24px;margin:0;margin-bottom:10px;margin-right:10px\"><img loading=\"lazy\" decoding=\"async\" alt=\"Facebook\" title=\"Partager sur Facebook\" class=\"synved-share-image synved-social-image synved-social-image-share\" width=\"24\" height=\"24\" style=\"display: inline;width:24px;height:24px;margin: 0;padding: 0;border: none;box-shadow: none\" src=\"https:\/\/www.leriredelarcenciel.fr\/Blog\/wp-content\/plugins\/social-media-feather\/synved-social\/image\/social\/regular\/48x48\/facebook.png\" \/><\/a><a class=\"synved-social-button synved-social-button-share synved-social-size-24 synved-social-resolution-single synved-social-provider-pinterest nolightbox\" data-provider=\"pinterest\" target=\"_blank\" rel=\"nofollow\" title=\"Epingler sur Pinterest\" href=\"https:\/\/pinterest.com\/pin\/create\/button\/?url=https%3A%2F%2Fwww.leriredelarcenciel.fr%2FBlog%2Fwp-json%2Fwp%2Fv2%2Fposts%2F6481&#038;media=https%3A%2F%2Fwww.leriredelarcenciel.fr%2FBlog%2Fwp-content%2Fuploads%2F2023%2F09%2FAteliers-creatifs-aout-1-1024x454.jpg&#038;description=Les%20artistes%20du%20mois%20d%E2%80%99ao%C3%BBt\" style=\"font-size: 0px;width:24px;height:24px;margin:0;margin-bottom:10px;margin-right:10px\"><img loading=\"lazy\" decoding=\"async\" alt=\"pinterest\" title=\"Epingler sur Pinterest\" class=\"synved-share-image synved-social-image synved-social-image-share\" width=\"24\" height=\"24\" style=\"display: inline;width:24px;height:24px;margin: 0;padding: 0;border: none;box-shadow: none\" src=\"https:\/\/www.leriredelarcenciel.fr\/Blog\/wp-content\/plugins\/social-media-feather\/synved-social\/image\/social\/regular\/48x48\/pinterest.png\" \/><\/a><a class=\"synved-social-button synved-social-button-share synved-social-size-24 synved-social-resolution-single synved-social-provider-mail nolightbox\" data-provider=\"mail\" rel=\"nofollow\" title=\"Partager par email\" href=\"mailto:?subject=Les%20artistes%20du%20mois%20d%E2%80%99ao%C3%BBt&#038;body=Le%20rire%20de%20l%27arc-en-ciel%20:%20https%3A%2F%2Fwww.leriredelarcenciel.fr%2FBlog%2Fwp-json%2Fwp%2Fv2%2Fposts%2F6481\" style=\"font-size: 0px;width:24px;height:24px;margin:0;margin-bottom:10px;margin-right:10px\"><img loading=\"lazy\" decoding=\"async\" alt=\"mail\" title=\"Partager par email\" class=\"synved-share-image synved-social-image synved-social-image-share\" width=\"24\" height=\"24\" style=\"display: inline;width:24px;height:24px;margin: 0;padding: 0;border: none;box-shadow: none\" src=\"https:\/\/www.leriredelarcenciel.fr\/Blog\/wp-content\/plugins\/social-media-feather\/synved-social\/image\/social\/regular\/48x48\/mail.png\" \/><\/a>","protected":false},"excerpt":{"rendered":"<p>Comme au mois de juillet, vous avez \u00e9t\u00e9 nombreux \u00e0 venir faire un ou plusieurs ateliers cr\u00e9atifs au Rire de l\u2019arc-en-ciel durant tout le mois d\u2019ao\u00fbt. La preuve avec toutes les photos que voici\u2026 Bravo \u00e0 tous et merci pour votre enthousiasme, votre bonne humeur et votre fid\u00e9lit\u00e9. Ces moments de partage sont toujours un [&hellip;]<\/p>\n","protected":false},"author":1,"featured_media":0,"comment_status":"open","ping_status":"open","sticky":false,"template":"","format":"standard","meta":{"jetpack_post_was_ever_published":false,"_jetpack_newsletter_access":"","_jetpack_dont_email_post_to_subs":false,"_jetpack_newsletter_tier_id":0,"_jetpack_memberships_contains_paywalled_content":false,"_jetpack_memberships_contains_paid_content":false,"footnotes":"","jetpack_publicize_message":"","jetpack_publicize_feature_enabled":true,"jetpack_social_post_already_shared":true,"jetpack_social_options":{"image_generator_settings":{"template":"highway","default_image_id":0,"font":"","enabled":false},"version":2}},"categories":[13,4],"tags":[382,417,26,15],"class_list":["post-6481","post","type-post","status-publish","format-standard","hentry","category-bons-baisers-de-l-ile-grande","category-dans-un-coin-de-l-atelier","tag-ateliers-creatifs-ile-grande","tag-ateliers-creatifs-pleumeur-bodou","tag-ile-grande","tag-le-rire-de-larc-en-ciel"],"jetpack_publicize_connections":[],"jetpack_featured_media_url":"","jetpack_sharing_enabled":true,"jetpack_shortlink":"https:\/\/wp.me\/p4fKpm-1Gx","_links":{"self":[{"href":"https:\/\/www.leriredelarcenciel.fr\/Blog\/wp-json\/wp\/v2\/posts\/6481","targetHints":{"allow":["GET"]}}],"collection":[{"href":"https:\/\/www.leriredelarcenciel.fr\/Blog\/wp-json\/wp\/v2\/posts"}],"about":[{"href":"https:\/\/www.leriredelarcenciel.fr\/Blog\/wp-json\/wp\/v2\/types\/post"}],"author":[{"embeddable":true,"href":"https:\/\/www.leriredelarcenciel.fr\/Blog\/wp-json\/wp\/v2\/users\/1"}],"replies":[{"embeddable":true,"href":"https:\/\/www.leriredelarcenciel.fr\/Blog\/wp-json\/wp\/v2\/comments?post=6481"}],"version-history":[{"count":2,"href":"https:\/\/www.leriredelarcenciel.fr\/Blog\/wp-json\/wp\/v2\/posts\/6481\/revisions"}],"predecessor-version":[{"id":6493,"href":"https:\/\/www.leriredelarcenciel.fr\/Blog\/wp-json\/wp\/v2\/posts\/6481\/revisions\/6493"}],"wp:attachment":[{"href":"https:\/\/www.leriredelarcenciel.fr\/Blog\/wp-json\/wp\/v2\/media?parent=6481"}],"wp:term":[{"taxonomy":"category","embeddable":true,"href":"https:\/\/www.leriredelarcenciel.fr\/Blog\/wp-json\/wp\/v2\/categories?post=6481"},{"taxonomy":"post_tag","embeddable":true,"href":"https:\/\/www.leriredelarcenciel.fr\/Blog\/wp-json\/wp\/v2\/tags?post=6481"}],"curies":[{"name":"wp","href":"https:\/\/api.w.org\/{rel}","templated":true}]}}