{"id":6198,"date":"2022-05-13T09:28:29","date_gmt":"2022-05-13T08:28:29","guid":{"rendered":"https:\/\/www.leriredelarcenciel.fr\/Blog\/?p=6198"},"modified":"2022-05-13T09:31:16","modified_gmt":"2022-05-13T08:31:16","slug":"latelier-boutik-joooa-de-concarneau","status":"publish","type":"post","link":"https:\/\/www.leriredelarcenciel.fr\/Blog\/latelier-boutik-joooa-de-concarneau\/","title":{"rendered":"L\u2019Atelier Boutik Joooa de Concarneau"},"content":{"rendered":"\n<p>Quel rapport y a-t-il entre l\u2019Atelier Boutik Joooa de Concarneau et Le rire de l\u2019arc-en-ciel\u00a0?<\/p>\n\n\n\n<figure class=\"wp-block-image size-full\"><img loading=\"lazy\" decoding=\"async\" width=\"577\" height=\"576\" data-attachment-id=\"6199\" data-permalink=\"https:\/\/www.leriredelarcenciel.fr\/Blog\/latelier-boutik-joooa-de-concarneau\/atelier-boutik-joooa\/\" data-orig-file=\"https:\/\/www.leriredelarcenciel.fr\/Blog\/wp-content\/uploads\/2022\/05\/Atelier-Boutik-Joooa.jpg\" data-orig-size=\"577,576\" data-comments-opened=\"1\" data-image-meta=\"{&quot;aperture&quot;:&quot;0&quot;,&quot;credit&quot;:&quot;&quot;,&quot;camera&quot;:&quot;&quot;,&quot;caption&quot;:&quot;&quot;,&quot;created_timestamp&quot;:&quot;0&quot;,&quot;copyright&quot;:&quot;&quot;,&quot;focal_length&quot;:&quot;0&quot;,&quot;iso&quot;:&quot;0&quot;,&quot;shutter_speed&quot;:&quot;0&quot;,&quot;title&quot;:&quot;&quot;,&quot;orientation&quot;:&quot;0&quot;}\" data-image-title=\"Atelier-Boutik-Joooa\" data-image-description=\"\" data-image-caption=\"\" data-medium-file=\"https:\/\/www.leriredelarcenciel.fr\/Blog\/wp-content\/uploads\/2022\/05\/Atelier-Boutik-Joooa-300x300.jpg\" data-large-file=\"https:\/\/www.leriredelarcenciel.fr\/Blog\/wp-content\/uploads\/2022\/05\/Atelier-Boutik-Joooa.jpg\" src=\"https:\/\/www.leriredelarcenciel.fr\/Blog\/wp-content\/uploads\/2022\/05\/Atelier-Boutik-Joooa.jpg\" alt=\"\" class=\"wp-image-6199\" srcset=\"https:\/\/www.leriredelarcenciel.fr\/Blog\/wp-content\/uploads\/2022\/05\/Atelier-Boutik-Joooa.jpg 577w, https:\/\/www.leriredelarcenciel.fr\/Blog\/wp-content\/uploads\/2022\/05\/Atelier-Boutik-Joooa-300x300.jpg 300w, https:\/\/www.leriredelarcenciel.fr\/Blog\/wp-content\/uploads\/2022\/05\/Atelier-Boutik-Joooa-168x168.jpg 168w\" sizes=\"auto, (max-width: 577px) 100vw, 577px\" \/><figcaption><em>Logo Atelier Boutik Joooa fait par Johanne Gicquel<\/em><\/figcaption><\/figure>\n\n\n\n<p>Figurez-vous que durant tout le mois de mai, mes tableaux y sont expos\u00e9s. Je suis ravie et touch\u00e9e que Johanne Gicquel ait accept\u00e9 de proposer mes paysages peints et brod\u00e9s dans son espace boutique. Un grand merci \u00e0 elle\u00a0! Campagnes bucoliques et fleuries, bords de mer et fonds marins se sont donc offerts un joli voyage \u00e0 Concarneau&#8230;<\/p>\n\n\n\n<figure class=\"wp-block-image size-large\"><img loading=\"lazy\" decoding=\"async\" width=\"1024\" height=\"680\" data-attachment-id=\"6203\" data-permalink=\"https:\/\/www.leriredelarcenciel.fr\/Blog\/latelier-boutik-joooa-de-concarneau\/109-tableau-peinture-et-broderie-115cm-1-2\/\" data-orig-file=\"https:\/\/www.leriredelarcenciel.fr\/Blog\/wp-content\/uploads\/2022\/05\/109-Tableau-peinture-et-broderie-115cm-1-2-scaled.jpg\" data-orig-size=\"2560,1701\" data-comments-opened=\"1\" data-image-meta=\"{&quot;aperture&quot;:&quot;11&quot;,&quot;credit&quot;:&quot;&quot;,&quot;camera&quot;:&quot;NEX-F3&quot;,&quot;caption&quot;:&quot;&quot;,&quot;created_timestamp&quot;:&quot;1630428228&quot;,&quot;copyright&quot;:&quot;&quot;,&quot;focal_length&quot;:&quot;30&quot;,&quot;iso&quot;:&quot;800&quot;,&quot;shutter_speed&quot;:&quot;0.016666666666667&quot;,&quot;title&quot;:&quot;&quot;,&quot;orientation&quot;:&quot;0&quot;}\" data-image-title=\"109-Tableau-peinture-et-broderie-115cm-1-2\" data-image-description=\"\" data-image-caption=\"\" data-medium-file=\"https:\/\/www.leriredelarcenciel.fr\/Blog\/wp-content\/uploads\/2022\/05\/109-Tableau-peinture-et-broderie-115cm-1-2-300x199.jpg\" data-large-file=\"https:\/\/www.leriredelarcenciel.fr\/Blog\/wp-content\/uploads\/2022\/05\/109-Tableau-peinture-et-broderie-115cm-1-2-1024x680.jpg\" src=\"https:\/\/www.leriredelarcenciel.fr\/Blog\/wp-content\/uploads\/2022\/05\/109-Tableau-peinture-et-broderie-115cm-1-2-1024x680.jpg\" alt=\"\" class=\"wp-image-6203\" srcset=\"https:\/\/www.leriredelarcenciel.fr\/Blog\/wp-content\/uploads\/2022\/05\/109-Tableau-peinture-et-broderie-115cm-1-2-1024x680.jpg 1024w, https:\/\/www.leriredelarcenciel.fr\/Blog\/wp-content\/uploads\/2022\/05\/109-Tableau-peinture-et-broderie-115cm-1-2-300x199.jpg 300w, https:\/\/www.leriredelarcenciel.fr\/Blog\/wp-content\/uploads\/2022\/05\/109-Tableau-peinture-et-broderie-115cm-1-2-768x510.jpg 768w, https:\/\/www.leriredelarcenciel.fr\/Blog\/wp-content\/uploads\/2022\/05\/109-Tableau-peinture-et-broderie-115cm-1-2-1536x1021.jpg 1536w, https:\/\/www.leriredelarcenciel.fr\/Blog\/wp-content\/uploads\/2022\/05\/109-Tableau-peinture-et-broderie-115cm-1-2-2048x1361.jpg 2048w, https:\/\/www.leriredelarcenciel.fr\/Blog\/wp-content\/uploads\/2022\/05\/109-Tableau-peinture-et-broderie-115cm-1-2-216x144.jpg 216w\" sizes=\"auto, (max-width: 1024px) 100vw, 1024px\" \/><figcaption><em><\/em><em><\/em><em>Tableau que vous pouvez retrouver \u00e0 l&rsquo;Atelier Boutik Joooa de Concarneau<\/em><\/figcaption><\/figure>\n\n\n\n<p>Je vous conseille vivement de d\u00e9couvrir ce lieu qui accueille \u00e9galement d\u2019autres cr\u00e9atrices, artistes et auteurs sur le th\u00e8me du printemps et de la po\u00e9sie. Joli programme, non\u00a0? On y propose aussi des stages, des ateliers et des causeries diverses. Un lieu atypique qui m\u00e9rite qu&rsquo;on s&rsquo;y attarde&#8230;<\/p>\n\n\n\n<figure class=\"wp-block-image size-large\"><img loading=\"lazy\" decoding=\"async\" width=\"1024\" height=\"680\" data-attachment-id=\"6201\" data-permalink=\"https:\/\/www.leriredelarcenciel.fr\/Blog\/latelier-boutik-joooa-de-concarneau\/68-tableau-peinture-et-broderie-16cm-2\/\" data-orig-file=\"https:\/\/www.leriredelarcenciel.fr\/Blog\/wp-content\/uploads\/2022\/05\/68-Tableau-peinture-et-broderie-16cm-2-scaled.jpg\" data-orig-size=\"2560,1701\" data-comments-opened=\"1\" data-image-meta=\"{&quot;aperture&quot;:&quot;13&quot;,&quot;credit&quot;:&quot;&quot;,&quot;camera&quot;:&quot;NEX-F3&quot;,&quot;caption&quot;:&quot;&quot;,&quot;created_timestamp&quot;:&quot;1626115179&quot;,&quot;copyright&quot;:&quot;&quot;,&quot;focal_length&quot;:&quot;30&quot;,&quot;iso&quot;:&quot;1250&quot;,&quot;shutter_speed&quot;:&quot;0.016666666666667&quot;,&quot;title&quot;:&quot;&quot;,&quot;orientation&quot;:&quot;0&quot;}\" data-image-title=\"68-Tableau-peinture-et-broderie-16cm-2\" data-image-description=\"\" data-image-caption=\"\" data-medium-file=\"https:\/\/www.leriredelarcenciel.fr\/Blog\/wp-content\/uploads\/2022\/05\/68-Tableau-peinture-et-broderie-16cm-2-300x199.jpg\" data-large-file=\"https:\/\/www.leriredelarcenciel.fr\/Blog\/wp-content\/uploads\/2022\/05\/68-Tableau-peinture-et-broderie-16cm-2-1024x680.jpg\" src=\"https:\/\/www.leriredelarcenciel.fr\/Blog\/wp-content\/uploads\/2022\/05\/68-Tableau-peinture-et-broderie-16cm-2-1024x680.jpg\" alt=\"\" class=\"wp-image-6201\" srcset=\"https:\/\/www.leriredelarcenciel.fr\/Blog\/wp-content\/uploads\/2022\/05\/68-Tableau-peinture-et-broderie-16cm-2-1024x680.jpg 1024w, https:\/\/www.leriredelarcenciel.fr\/Blog\/wp-content\/uploads\/2022\/05\/68-Tableau-peinture-et-broderie-16cm-2-300x199.jpg 300w, https:\/\/www.leriredelarcenciel.fr\/Blog\/wp-content\/uploads\/2022\/05\/68-Tableau-peinture-et-broderie-16cm-2-768x510.jpg 768w, https:\/\/www.leriredelarcenciel.fr\/Blog\/wp-content\/uploads\/2022\/05\/68-Tableau-peinture-et-broderie-16cm-2-1536x1021.jpg 1536w, https:\/\/www.leriredelarcenciel.fr\/Blog\/wp-content\/uploads\/2022\/05\/68-Tableau-peinture-et-broderie-16cm-2-2048x1361.jpg 2048w, https:\/\/www.leriredelarcenciel.fr\/Blog\/wp-content\/uploads\/2022\/05\/68-Tableau-peinture-et-broderie-16cm-2-216x144.jpg 216w\" sizes=\"auto, (max-width: 1024px) 100vw, 1024px\" \/><figcaption><em><\/em><em>D\u00e9tail d&rsquo;un tableau expos\u00e9 \u00e0 l&rsquo;Atelier Boutik Joooa de Concarneau<\/em><\/figcaption><\/figure>\n\n\n\n<p><strong>Les informations \u00e0 propos de l\u2019Atelier Boutik Joooa&nbsp;:<\/strong><\/p>\n\n\n\n<ul class=\"wp-block-list\"><li>Adresse\u00a0: 25 avenue Alain Le Lay \u2013 29900 Concarneau<\/li><li>Ouvert<strong> <\/strong>les mercredis, vendredis et samedis de 10h \u00e0 13h et de 15h \u00e0 19h<\/li><li>D\u00e9couvrez<strong><em> <a href=\"https:\/\/www.johannegicquel.com\/atelierboutik\/\" target=\"_blank\" rel=\"noreferrer noopener\">les cr\u00e9atrices, les causeurs, les ateliers, les auteurs (cliquez ici)<\/a> <\/em><\/strong>sur le site de Johanne Gicquel<\/li><li>Et pour finir, vous pouvez suivre l\u2019actualit\u00e9 sur <strong><em><a href=\"https:\/\/www.instagram.com\/atelierjoooa\" target=\"_blank\" rel=\"noreferrer noopener\">Instagram<\/a><\/em><\/strong><\/li><\/ul>\n<a class=\"synved-social-button synved-social-button-share synved-social-size-24 synved-social-resolution-single synved-social-provider-facebook nolightbox\" data-provider=\"facebook\" target=\"_blank\" rel=\"nofollow\" title=\"Partager sur Facebook\" href=\"http:\/\/www.facebook.com\/sharer.php?u=https%3A%2F%2Fwww.leriredelarcenciel.fr%2FBlog%2Fwp-json%2Fwp%2Fv2%2Fposts%2F6198&#038;t=L%E2%80%99Atelier%20Boutik%20Joooa%20de%20Concarneau&#038;s=100&#038;p&#091;url&#093;=https%3A%2F%2Fwww.leriredelarcenciel.fr%2FBlog%2Fwp-json%2Fwp%2Fv2%2Fposts%2F6198&#038;p&#091;images&#093;&#091;0&#093;=https%3A%2F%2Fwww.leriredelarcenciel.fr%2FBlog%2Fwp-content%2Fuploads%2F2022%2F05%2FAtelier-Boutik-Joooa.jpg&#038;p&#091;title&#093;=L%E2%80%99Atelier%20Boutik%20Joooa%20de%20Concarneau\" style=\"font-size: 0px;width:24px;height:24px;margin:0;margin-bottom:10px;margin-right:10px\"><img loading=\"lazy\" decoding=\"async\" alt=\"Facebook\" title=\"Partager sur Facebook\" class=\"synved-share-image synved-social-image synved-social-image-share\" width=\"24\" height=\"24\" style=\"display: inline;width:24px;height:24px;margin: 0;padding: 0;border: none;box-shadow: none\" src=\"https:\/\/www.leriredelarcenciel.fr\/Blog\/wp-content\/plugins\/social-media-feather\/synved-social\/image\/social\/regular\/48x48\/facebook.png\" \/><\/a><a class=\"synved-social-button synved-social-button-share synved-social-size-24 synved-social-resolution-single synved-social-provider-pinterest nolightbox\" data-provider=\"pinterest\" target=\"_blank\" rel=\"nofollow\" title=\"Epingler sur Pinterest\" href=\"https:\/\/pinterest.com\/pin\/create\/button\/?url=https%3A%2F%2Fwww.leriredelarcenciel.fr%2FBlog%2Fwp-json%2Fwp%2Fv2%2Fposts%2F6198&#038;media=https%3A%2F%2Fwww.leriredelarcenciel.fr%2FBlog%2Fwp-content%2Fuploads%2F2022%2F05%2FAtelier-Boutik-Joooa.jpg&#038;description=L%E2%80%99Atelier%20Boutik%20Joooa%20de%20Concarneau\" style=\"font-size: 0px;width:24px;height:24px;margin:0;margin-bottom:10px;margin-right:10px\"><img loading=\"lazy\" decoding=\"async\" alt=\"pinterest\" title=\"Epingler sur Pinterest\" class=\"synved-share-image synved-social-image synved-social-image-share\" width=\"24\" height=\"24\" style=\"display: inline;width:24px;height:24px;margin: 0;padding: 0;border: none;box-shadow: none\" src=\"https:\/\/www.leriredelarcenciel.fr\/Blog\/wp-content\/plugins\/social-media-feather\/synved-social\/image\/social\/regular\/48x48\/pinterest.png\" \/><\/a><a class=\"synved-social-button synved-social-button-share synved-social-size-24 synved-social-resolution-single synved-social-provider-mail nolightbox\" data-provider=\"mail\" rel=\"nofollow\" title=\"Partager par email\" href=\"mailto:?subject=L%E2%80%99Atelier%20Boutik%20Joooa%20de%20Concarneau&#038;body=Le%20rire%20de%20l%27arc-en-ciel%20:%20https%3A%2F%2Fwww.leriredelarcenciel.fr%2FBlog%2Fwp-json%2Fwp%2Fv2%2Fposts%2F6198\" style=\"font-size: 0px;width:24px;height:24px;margin:0;margin-bottom:10px;margin-right:10px\"><img loading=\"lazy\" decoding=\"async\" alt=\"mail\" title=\"Partager par email\" class=\"synved-share-image synved-social-image synved-social-image-share\" width=\"24\" height=\"24\" style=\"display: inline;width:24px;height:24px;margin: 0;padding: 0;border: none;box-shadow: none\" src=\"https:\/\/www.leriredelarcenciel.fr\/Blog\/wp-content\/plugins\/social-media-feather\/synved-social\/image\/social\/regular\/48x48\/mail.png\" \/><\/a>","protected":false},"excerpt":{"rendered":"<p>Quel rapport y a-t-il entre l\u2019Atelier Boutik Joooa de Concarneau et Le rire de l\u2019arc-en-ciel\u00a0? Figurez-vous que durant tout le mois de mai, mes tableaux y sont expos\u00e9s. Je suis ravie et touch\u00e9e que Johanne Gicquel ait accept\u00e9 de proposer mes paysages peints et brod\u00e9s dans son espace boutique. Un grand merci \u00e0 elle\u00a0! Campagnes [&hellip;]<\/p>\n","protected":false},"author":1,"featured_media":0,"comment_status":"open","ping_status":"open","sticky":false,"template":"","format":"standard","meta":{"jetpack_post_was_ever_published":false,"_jetpack_newsletter_access":"","_jetpack_dont_email_post_to_subs":false,"_jetpack_newsletter_tier_id":0,"_jetpack_memberships_contains_paywalled_content":false,"_jetpack_memberships_contains_paid_content":false,"footnotes":"","jetpack_publicize_message":"","jetpack_publicize_feature_enabled":true,"jetpack_social_post_already_shared":true,"jetpack_social_options":{"image_generator_settings":{"template":"highway","default_image_id":0,"font":"","enabled":false},"version":2}},"categories":[12],"tags":[1972,1970,158,1973,19,1975,1449,1974,1976,1409,1971],"class_list":["post-6198","post","type-post","status-publish","format-standard","hentry","category-et-ailleurs-quoi-de-beau","tag-artisans-dart","tag-atelier-boutique-artisanal","tag-broderie","tag-concarneau","tag-creations-artisanales","tag-decoration-artisanale","tag-exposition-artistes","tag-magasin-artisanat-local","tag-paysage-bord-de-mer","tag-tableau-brode","tag-ventes-artisanat-local"],"jetpack_publicize_connections":[],"jetpack_featured_media_url":"","jetpack_sharing_enabled":true,"jetpack_shortlink":"https:\/\/wp.me\/p4fKpm-1BY","_links":{"self":[{"href":"https:\/\/www.leriredelarcenciel.fr\/Blog\/wp-json\/wp\/v2\/posts\/6198","targetHints":{"allow":["GET"]}}],"collection":[{"href":"https:\/\/www.leriredelarcenciel.fr\/Blog\/wp-json\/wp\/v2\/posts"}],"about":[{"href":"https:\/\/www.leriredelarcenciel.fr\/Blog\/wp-json\/wp\/v2\/types\/post"}],"author":[{"embeddable":true,"href":"https:\/\/www.leriredelarcenciel.fr\/Blog\/wp-json\/wp\/v2\/users\/1"}],"replies":[{"embeddable":true,"href":"https:\/\/www.leriredelarcenciel.fr\/Blog\/wp-json\/wp\/v2\/comments?post=6198"}],"version-history":[{"count":3,"href":"https:\/\/www.leriredelarcenciel.fr\/Blog\/wp-json\/wp\/v2\/posts\/6198\/revisions"}],"predecessor-version":[{"id":6207,"href":"https:\/\/www.leriredelarcenciel.fr\/Blog\/wp-json\/wp\/v2\/posts\/6198\/revisions\/6207"}],"wp:attachment":[{"href":"https:\/\/www.leriredelarcenciel.fr\/Blog\/wp-json\/wp\/v2\/media?parent=6198"}],"wp:term":[{"taxonomy":"category","embeddable":true,"href":"https:\/\/www.leriredelarcenciel.fr\/Blog\/wp-json\/wp\/v2\/categories?post=6198"},{"taxonomy":"post_tag","embeddable":true,"href":"https:\/\/www.leriredelarcenciel.fr\/Blog\/wp-json\/wp\/v2\/tags?post=6198"}],"curies":[{"name":"wp","href":"https:\/\/api.w.org\/{rel}","templated":true}]}}