{"id":5973,"date":"2021-11-04T17:17:17","date_gmt":"2021-11-04T16:17:17","guid":{"rendered":"https:\/\/www.leriredelarcenciel.fr\/Blog\/?p=5973"},"modified":"2021-11-04T17:17:22","modified_gmt":"2021-11-04T16:17:22","slug":"les-ateliers-creatifs-de-cet-automne","status":"publish","type":"post","link":"https:\/\/www.leriredelarcenciel.fr\/Blog\/les-ateliers-creatifs-de-cet-automne\/","title":{"rendered":"Les ateliers cr\u00e9atifs de cet automne"},"content":{"rendered":"\n<p>Pendant les vacances de la Toussaint, les ateliers ont permis \u00e0 quelques personnes de venir faire une pause cr\u00e9ative au Rire de l\u2019arc-en-ciel. Des s\u00e9ances agr\u00e9ables, bien \u00e0 l\u2019abri du temps frais et parfois pluvieux (si, si, \u00e7a arrive en Bretagne)&nbsp;de ces derniers jours&nbsp;!<\/p>\n\n\n\n<p>Qu\u2019y avait-il au programme\u00a0? Eh bien pour commencer, il y avait les ateliers qui \u00e9taient d\u00e9j\u00e0 propos\u00e9s depuis le d\u00e9but de cette ann\u00e9e. Voici quelques exemples des derni\u00e8res r\u00e9alisations\u00a0:<\/p>\n\n\n\n<figure class=\"wp-block-image size-large\"><img loading=\"lazy\" decoding=\"async\" width=\"1024\" height=\"680\" data-attachment-id=\"5974\" data-permalink=\"https:\/\/www.leriredelarcenciel.fr\/Blog\/les-ateliers-creatifs-de-cet-automne\/atelier-arbre-alice\/\" data-orig-file=\"https:\/\/www.leriredelarcenciel.fr\/Blog\/wp-content\/uploads\/2021\/11\/Atelier-arbre-Alice-scaled.jpg\" data-orig-size=\"2560,1701\" data-comments-opened=\"1\" data-image-meta=\"{&quot;aperture&quot;:&quot;13&quot;,&quot;credit&quot;:&quot;&quot;,&quot;camera&quot;:&quot;NEX-F3&quot;,&quot;caption&quot;:&quot;&quot;,&quot;created_timestamp&quot;:&quot;1635965543&quot;,&quot;copyright&quot;:&quot;&quot;,&quot;focal_length&quot;:&quot;30&quot;,&quot;iso&quot;:&quot;3200&quot;,&quot;shutter_speed&quot;:&quot;0.1&quot;,&quot;title&quot;:&quot;&quot;,&quot;orientation&quot;:&quot;0&quot;}\" data-image-title=\"Atelier-arbre-Alice\" data-image-description=\"\" data-image-caption=\"\" data-medium-file=\"https:\/\/www.leriredelarcenciel.fr\/Blog\/wp-content\/uploads\/2021\/11\/Atelier-arbre-Alice-300x199.jpg\" data-large-file=\"https:\/\/www.leriredelarcenciel.fr\/Blog\/wp-content\/uploads\/2021\/11\/Atelier-arbre-Alice-1024x680.jpg\" src=\"https:\/\/www.leriredelarcenciel.fr\/Blog\/wp-content\/uploads\/2021\/11\/Atelier-arbre-Alice-1024x680.jpg\" alt=\"\" class=\"wp-image-5974\" srcset=\"https:\/\/www.leriredelarcenciel.fr\/Blog\/wp-content\/uploads\/2021\/11\/Atelier-arbre-Alice-1024x680.jpg 1024w, https:\/\/www.leriredelarcenciel.fr\/Blog\/wp-content\/uploads\/2021\/11\/Atelier-arbre-Alice-300x199.jpg 300w, https:\/\/www.leriredelarcenciel.fr\/Blog\/wp-content\/uploads\/2021\/11\/Atelier-arbre-Alice-768x510.jpg 768w, https:\/\/www.leriredelarcenciel.fr\/Blog\/wp-content\/uploads\/2021\/11\/Atelier-arbre-Alice-1536x1021.jpg 1536w, https:\/\/www.leriredelarcenciel.fr\/Blog\/wp-content\/uploads\/2021\/11\/Atelier-arbre-Alice-2048x1361.jpg 2048w, https:\/\/www.leriredelarcenciel.fr\/Blog\/wp-content\/uploads\/2021\/11\/Atelier-arbre-Alice-216x144.jpg 216w\" sizes=\"auto, (max-width: 1024px) 100vw, 1024px\" \/><figcaption><em>L&rsquo;arbre de vie d&rsquo;Alice<\/em><\/figcaption><\/figure>\n\n\n\n<figure class=\"wp-block-image size-large\"><img loading=\"lazy\" decoding=\"async\" width=\"680\" height=\"1024\" data-attachment-id=\"5975\" data-permalink=\"https:\/\/www.leriredelarcenciel.fr\/Blog\/les-ateliers-creatifs-de-cet-automne\/atelier-mobile-olivia\/\" data-orig-file=\"https:\/\/www.leriredelarcenciel.fr\/Blog\/wp-content\/uploads\/2021\/11\/Atelier-mobile-Olivia-scaled.jpg\" data-orig-size=\"1701,2560\" data-comments-opened=\"1\" data-image-meta=\"{&quot;aperture&quot;:&quot;14&quot;,&quot;credit&quot;:&quot;&quot;,&quot;camera&quot;:&quot;NEX-F3&quot;,&quot;caption&quot;:&quot;&quot;,&quot;created_timestamp&quot;:&quot;1635965450&quot;,&quot;copyright&quot;:&quot;&quot;,&quot;focal_length&quot;:&quot;30&quot;,&quot;iso&quot;:&quot;3200&quot;,&quot;shutter_speed&quot;:&quot;0.076923076923077&quot;,&quot;title&quot;:&quot;&quot;,&quot;orientation&quot;:&quot;0&quot;}\" data-image-title=\"Atelier-mobile-Olivia\" data-image-description=\"\" data-image-caption=\"\" data-medium-file=\"https:\/\/www.leriredelarcenciel.fr\/Blog\/wp-content\/uploads\/2021\/11\/Atelier-mobile-Olivia-199x300.jpg\" data-large-file=\"https:\/\/www.leriredelarcenciel.fr\/Blog\/wp-content\/uploads\/2021\/11\/Atelier-mobile-Olivia-680x1024.jpg\" src=\"https:\/\/www.leriredelarcenciel.fr\/Blog\/wp-content\/uploads\/2021\/11\/Atelier-mobile-Olivia-680x1024.jpg\" alt=\"\" class=\"wp-image-5975\" srcset=\"https:\/\/www.leriredelarcenciel.fr\/Blog\/wp-content\/uploads\/2021\/11\/Atelier-mobile-Olivia-680x1024.jpg 680w, https:\/\/www.leriredelarcenciel.fr\/Blog\/wp-content\/uploads\/2021\/11\/Atelier-mobile-Olivia-199x300.jpg 199w, https:\/\/www.leriredelarcenciel.fr\/Blog\/wp-content\/uploads\/2021\/11\/Atelier-mobile-Olivia-768x1156.jpg 768w, https:\/\/www.leriredelarcenciel.fr\/Blog\/wp-content\/uploads\/2021\/11\/Atelier-mobile-Olivia-1021x1536.jpg 1021w, https:\/\/www.leriredelarcenciel.fr\/Blog\/wp-content\/uploads\/2021\/11\/Atelier-mobile-Olivia-1361x2048.jpg 1361w, https:\/\/www.leriredelarcenciel.fr\/Blog\/wp-content\/uploads\/2021\/11\/Atelier-mobile-Olivia-112x168.jpg 112w, https:\/\/www.leriredelarcenciel.fr\/Blog\/wp-content\/uploads\/2021\/11\/Atelier-mobile-Olivia-scaled.jpg 1701w\" sizes=\"auto, (max-width: 680px) 100vw, 680px\" \/><figcaption><em>Le mobile d&rsquo;Olivia<\/em><\/figcaption><\/figure>\n\n\n\n<p>Il y a eu aussi quelques propositions nouvelles. Parce qu\u2019on approche doucement mais s\u00fbrement de No\u00ebl, un petit sapin tout chouette \u00e0 accrocher dans le grand sapin\u2026<\/p>\n\n\n\n<figure class=\"wp-block-image size-large\"><img loading=\"lazy\" decoding=\"async\" width=\"680\" height=\"1024\" data-attachment-id=\"5976\" data-permalink=\"https:\/\/www.leriredelarcenciel.fr\/Blog\/les-ateliers-creatifs-de-cet-automne\/atelier-sapn-de-noel-daphne\/\" data-orig-file=\"https:\/\/www.leriredelarcenciel.fr\/Blog\/wp-content\/uploads\/2021\/11\/Atelier-sapn-de-Noel-Daphne-scaled.jpg\" data-orig-size=\"1701,2560\" data-comments-opened=\"1\" data-image-meta=\"{&quot;aperture&quot;:&quot;14&quot;,&quot;credit&quot;:&quot;&quot;,&quot;camera&quot;:&quot;NEX-F3&quot;,&quot;caption&quot;:&quot;&quot;,&quot;created_timestamp&quot;:&quot;1635336026&quot;,&quot;copyright&quot;:&quot;&quot;,&quot;focal_length&quot;:&quot;30&quot;,&quot;iso&quot;:&quot;3200&quot;,&quot;shutter_speed&quot;:&quot;0.05&quot;,&quot;title&quot;:&quot;&quot;,&quot;orientation&quot;:&quot;0&quot;}\" data-image-title=\"Atelier-sapn-de-Noel-Daphne\" data-image-description=\"\" data-image-caption=\"\" data-medium-file=\"https:\/\/www.leriredelarcenciel.fr\/Blog\/wp-content\/uploads\/2021\/11\/Atelier-sapn-de-Noel-Daphne-199x300.jpg\" data-large-file=\"https:\/\/www.leriredelarcenciel.fr\/Blog\/wp-content\/uploads\/2021\/11\/Atelier-sapn-de-Noel-Daphne-680x1024.jpg\" src=\"https:\/\/www.leriredelarcenciel.fr\/Blog\/wp-content\/uploads\/2021\/11\/Atelier-sapn-de-Noel-Daphne-680x1024.jpg\" alt=\"\" class=\"wp-image-5976\" srcset=\"https:\/\/www.leriredelarcenciel.fr\/Blog\/wp-content\/uploads\/2021\/11\/Atelier-sapn-de-Noel-Daphne-680x1024.jpg 680w, https:\/\/www.leriredelarcenciel.fr\/Blog\/wp-content\/uploads\/2021\/11\/Atelier-sapn-de-Noel-Daphne-199x300.jpg 199w, https:\/\/www.leriredelarcenciel.fr\/Blog\/wp-content\/uploads\/2021\/11\/Atelier-sapn-de-Noel-Daphne-768x1156.jpg 768w, https:\/\/www.leriredelarcenciel.fr\/Blog\/wp-content\/uploads\/2021\/11\/Atelier-sapn-de-Noel-Daphne-1021x1536.jpg 1021w, https:\/\/www.leriredelarcenciel.fr\/Blog\/wp-content\/uploads\/2021\/11\/Atelier-sapn-de-Noel-Daphne-1361x2048.jpg 1361w, https:\/\/www.leriredelarcenciel.fr\/Blog\/wp-content\/uploads\/2021\/11\/Atelier-sapn-de-Noel-Daphne-112x168.jpg 112w, https:\/\/www.leriredelarcenciel.fr\/Blog\/wp-content\/uploads\/2021\/11\/Atelier-sapn-de-Noel-Daphne-scaled.jpg 1701w\" sizes=\"auto, (max-width: 680px) 100vw, 680px\" \/><figcaption><em>Le sapin de Daphn\u00e9<\/em><\/figcaption><\/figure>\n\n\n\n<p>Ici, en avant-premi\u00e8re en quelque sorte, un atelier dont les abonn\u00e9-e-s \u00e0 ma newsletter ont maintenant re\u00e7u le tutoriel\u00a0: de la broderie sur papier avec petits miroirs.<\/p>\n\n\n\n<figure class=\"wp-block-image size-large\"><img loading=\"lazy\" decoding=\"async\" width=\"680\" height=\"1024\" data-attachment-id=\"5977\" data-permalink=\"https:\/\/www.leriredelarcenciel.fr\/Blog\/les-ateliers-creatifs-de-cet-automne\/atelier-broderie-papier-marie\/\" data-orig-file=\"https:\/\/www.leriredelarcenciel.fr\/Blog\/wp-content\/uploads\/2021\/11\/Atelier-broderie-papier-Marie-scaled.jpg\" data-orig-size=\"1701,2560\" data-comments-opened=\"1\" data-image-meta=\"{&quot;aperture&quot;:&quot;13&quot;,&quot;credit&quot;:&quot;&quot;,&quot;camera&quot;:&quot;NEX-F3&quot;,&quot;caption&quot;:&quot;&quot;,&quot;created_timestamp&quot;:&quot;1635336280&quot;,&quot;copyright&quot;:&quot;&quot;,&quot;focal_length&quot;:&quot;30&quot;,&quot;iso&quot;:&quot;2000&quot;,&quot;shutter_speed&quot;:&quot;0.016666666666667&quot;,&quot;title&quot;:&quot;&quot;,&quot;orientation&quot;:&quot;0&quot;}\" data-image-title=\"Atelier-broderie-papier-Marie\" data-image-description=\"\" data-image-caption=\"\" data-medium-file=\"https:\/\/www.leriredelarcenciel.fr\/Blog\/wp-content\/uploads\/2021\/11\/Atelier-broderie-papier-Marie-199x300.jpg\" data-large-file=\"https:\/\/www.leriredelarcenciel.fr\/Blog\/wp-content\/uploads\/2021\/11\/Atelier-broderie-papier-Marie-680x1024.jpg\" src=\"https:\/\/www.leriredelarcenciel.fr\/Blog\/wp-content\/uploads\/2021\/11\/Atelier-broderie-papier-Marie-680x1024.jpg\" alt=\"\" class=\"wp-image-5977\" srcset=\"https:\/\/www.leriredelarcenciel.fr\/Blog\/wp-content\/uploads\/2021\/11\/Atelier-broderie-papier-Marie-680x1024.jpg 680w, https:\/\/www.leriredelarcenciel.fr\/Blog\/wp-content\/uploads\/2021\/11\/Atelier-broderie-papier-Marie-199x300.jpg 199w, https:\/\/www.leriredelarcenciel.fr\/Blog\/wp-content\/uploads\/2021\/11\/Atelier-broderie-papier-Marie-768x1156.jpg 768w, https:\/\/www.leriredelarcenciel.fr\/Blog\/wp-content\/uploads\/2021\/11\/Atelier-broderie-papier-Marie-1021x1536.jpg 1021w, https:\/\/www.leriredelarcenciel.fr\/Blog\/wp-content\/uploads\/2021\/11\/Atelier-broderie-papier-Marie-1361x2048.jpg 1361w, https:\/\/www.leriredelarcenciel.fr\/Blog\/wp-content\/uploads\/2021\/11\/Atelier-broderie-papier-Marie-112x168.jpg 112w, https:\/\/www.leriredelarcenciel.fr\/Blog\/wp-content\/uploads\/2021\/11\/Atelier-broderie-papier-Marie-scaled.jpg 1701w\" sizes=\"auto, (max-width: 680px) 100vw, 680px\" \/><figcaption><em>Le marque-page de Marie<\/em><\/figcaption><\/figure>\n\n\n\n<p>Et pour finir, de l\u2019initiation \u00e0 la broderie\u2026<\/p>\n\n\n\n<figure class=\"wp-block-image size-large\"><img loading=\"lazy\" decoding=\"async\" width=\"1024\" height=\"680\" data-attachment-id=\"5978\" data-permalink=\"https:\/\/www.leriredelarcenciel.fr\/Blog\/les-ateliers-creatifs-de-cet-automne\/atelier-initiation-broderie\/\" data-orig-file=\"https:\/\/www.leriredelarcenciel.fr\/Blog\/wp-content\/uploads\/2021\/11\/Atelier-initiation-broderie.jpg\" data-orig-size=\"1029,683\" data-comments-opened=\"1\" data-image-meta=\"{&quot;aperture&quot;:&quot;0&quot;,&quot;credit&quot;:&quot;&quot;,&quot;camera&quot;:&quot;&quot;,&quot;caption&quot;:&quot;&quot;,&quot;created_timestamp&quot;:&quot;0&quot;,&quot;copyright&quot;:&quot;&quot;,&quot;focal_length&quot;:&quot;0&quot;,&quot;iso&quot;:&quot;0&quot;,&quot;shutter_speed&quot;:&quot;0&quot;,&quot;title&quot;:&quot;&quot;,&quot;orientation&quot;:&quot;0&quot;}\" data-image-title=\"Atelier-initiation-broderie\" data-image-description=\"\" data-image-caption=\"\" data-medium-file=\"https:\/\/www.leriredelarcenciel.fr\/Blog\/wp-content\/uploads\/2021\/11\/Atelier-initiation-broderie-300x199.jpg\" data-large-file=\"https:\/\/www.leriredelarcenciel.fr\/Blog\/wp-content\/uploads\/2021\/11\/Atelier-initiation-broderie-1024x680.jpg\" src=\"https:\/\/www.leriredelarcenciel.fr\/Blog\/wp-content\/uploads\/2021\/11\/Atelier-initiation-broderie-1024x680.jpg\" alt=\"\" class=\"wp-image-5978\" srcset=\"https:\/\/www.leriredelarcenciel.fr\/Blog\/wp-content\/uploads\/2021\/11\/Atelier-initiation-broderie-1024x680.jpg 1024w, https:\/\/www.leriredelarcenciel.fr\/Blog\/wp-content\/uploads\/2021\/11\/Atelier-initiation-broderie-300x199.jpg 300w, https:\/\/www.leriredelarcenciel.fr\/Blog\/wp-content\/uploads\/2021\/11\/Atelier-initiation-broderie-768x510.jpg 768w, https:\/\/www.leriredelarcenciel.fr\/Blog\/wp-content\/uploads\/2021\/11\/Atelier-initiation-broderie-216x143.jpg 216w, https:\/\/www.leriredelarcenciel.fr\/Blog\/wp-content\/uploads\/2021\/11\/Atelier-initiation-broderie.jpg 1029w\" sizes=\"auto, (max-width: 1024px) 100vw, 1024px\" \/><figcaption><em>Les broderies de Minna, Anouk, Manon et Sarah<\/em><\/figcaption><\/figure>\n\n\n\n<p>Pour rappel, les ateliers cr\u00e9atifs sont possibles toute l\u2019ann\u00e9e sur rendez-vous (et pas seulement pendant les vacances scolaires). Vous trouverez plus de renseignements en lisant cet <strong><em><a rel=\"noreferrer noopener\" href=\"https:\/\/www.leriredelarcenciel.fr\/Blog\/les-ateliers-creatifs-2021\/\" target=\"_blank\">article (cliquez)<\/a><\/em><\/strong>, en me <strong><em><a rel=\"noreferrer noopener\" href=\"https:\/\/www.leriredelarcenciel.fr\/Blog\/contact\/\" target=\"_blank\">contactant ici<\/a><\/em><\/strong> ou au 06 84 11 84 18 (n\u2019h\u00e9sitez pas \u00e0 laisser un message, je vous rappellerai).<\/p>\n<a class=\"synved-social-button synved-social-button-share synved-social-size-24 synved-social-resolution-single synved-social-provider-facebook nolightbox\" data-provider=\"facebook\" target=\"_blank\" rel=\"nofollow\" title=\"Partager sur Facebook\" href=\"http:\/\/www.facebook.com\/sharer.php?u=https%3A%2F%2Fwww.leriredelarcenciel.fr%2FBlog%2Fwp-json%2Fwp%2Fv2%2Fposts%2F5973&#038;t=Les%20ateliers%20cr%C3%A9atifs%20de%20cet%20automne&#038;s=100&#038;p&#091;url&#093;=https%3A%2F%2Fwww.leriredelarcenciel.fr%2FBlog%2Fwp-json%2Fwp%2Fv2%2Fposts%2F5973&#038;p&#091;images&#093;&#091;0&#093;=https%3A%2F%2Fwww.leriredelarcenciel.fr%2FBlog%2Fwp-content%2Fuploads%2F2021%2F11%2FAtelier-arbre-Alice-1024x680.jpg&#038;p&#091;title&#093;=Les%20ateliers%20cr%C3%A9atifs%20de%20cet%20automne\" style=\"font-size: 0px;width:24px;height:24px;margin:0;margin-bottom:10px;margin-right:10px\"><img loading=\"lazy\" decoding=\"async\" alt=\"Facebook\" title=\"Partager sur Facebook\" class=\"synved-share-image synved-social-image synved-social-image-share\" width=\"24\" height=\"24\" style=\"display: inline;width:24px;height:24px;margin: 0;padding: 0;border: none;box-shadow: none\" src=\"https:\/\/www.leriredelarcenciel.fr\/Blog\/wp-content\/plugins\/social-media-feather\/synved-social\/image\/social\/regular\/48x48\/facebook.png\" \/><\/a><a class=\"synved-social-button synved-social-button-share synved-social-size-24 synved-social-resolution-single synved-social-provider-pinterest nolightbox\" data-provider=\"pinterest\" target=\"_blank\" rel=\"nofollow\" title=\"Epingler sur Pinterest\" href=\"https:\/\/pinterest.com\/pin\/create\/button\/?url=https%3A%2F%2Fwww.leriredelarcenciel.fr%2FBlog%2Fwp-json%2Fwp%2Fv2%2Fposts%2F5973&#038;media=https%3A%2F%2Fwww.leriredelarcenciel.fr%2FBlog%2Fwp-content%2Fuploads%2F2021%2F11%2FAtelier-arbre-Alice-1024x680.jpg&#038;description=Les%20ateliers%20cr%C3%A9atifs%20de%20cet%20automne\" style=\"font-size: 0px;width:24px;height:24px;margin:0;margin-bottom:10px;margin-right:10px\"><img loading=\"lazy\" decoding=\"async\" alt=\"pinterest\" title=\"Epingler sur Pinterest\" class=\"synved-share-image synved-social-image synved-social-image-share\" width=\"24\" height=\"24\" style=\"display: inline;width:24px;height:24px;margin: 0;padding: 0;border: none;box-shadow: none\" src=\"https:\/\/www.leriredelarcenciel.fr\/Blog\/wp-content\/plugins\/social-media-feather\/synved-social\/image\/social\/regular\/48x48\/pinterest.png\" \/><\/a><a class=\"synved-social-button synved-social-button-share synved-social-size-24 synved-social-resolution-single synved-social-provider-mail nolightbox\" data-provider=\"mail\" rel=\"nofollow\" title=\"Partager par email\" href=\"mailto:?subject=Les%20ateliers%20cr%C3%A9atifs%20de%20cet%20automne&#038;body=Le%20rire%20de%20l%27arc-en-ciel%20:%20https%3A%2F%2Fwww.leriredelarcenciel.fr%2FBlog%2Fwp-json%2Fwp%2Fv2%2Fposts%2F5973\" style=\"font-size: 0px;width:24px;height:24px;margin:0;margin-bottom:10px;margin-right:10px\"><img loading=\"lazy\" decoding=\"async\" alt=\"mail\" title=\"Partager par email\" class=\"synved-share-image synved-social-image synved-social-image-share\" width=\"24\" height=\"24\" style=\"display: inline;width:24px;height:24px;margin: 0;padding: 0;border: none;box-shadow: none\" src=\"https:\/\/www.leriredelarcenciel.fr\/Blog\/wp-content\/plugins\/social-media-feather\/synved-social\/image\/social\/regular\/48x48\/mail.png\" \/><\/a>","protected":false},"excerpt":{"rendered":"<p>Pendant les vacances de la Toussaint, les ateliers ont permis \u00e0 quelques personnes de venir faire une pause cr\u00e9ative au Rire de l\u2019arc-en-ciel. Des s\u00e9ances agr\u00e9ables, bien \u00e0 l\u2019abri du temps frais et parfois pluvieux (si, si, \u00e7a arrive en Bretagne)&nbsp;de ces derniers jours&nbsp;! Qu\u2019y avait-il au programme\u00a0? Eh bien pour commencer, il y avait [&hellip;]<\/p>\n","protected":false},"author":1,"featured_media":0,"comment_status":"open","ping_status":"open","sticky":false,"template":"","format":"standard","meta":{"jetpack_post_was_ever_published":false,"_jetpack_newsletter_access":"","_jetpack_dont_email_post_to_subs":false,"_jetpack_newsletter_tier_id":0,"_jetpack_memberships_contains_paywalled_content":false,"_jetpack_memberships_contains_paid_content":false,"footnotes":"","jetpack_publicize_message":"","jetpack_publicize_feature_enabled":true,"jetpack_social_post_already_shared":true,"jetpack_social_options":{"image_generator_settings":{"template":"highway","default_image_id":0,"font":"","enabled":false},"version":2}},"categories":[4],"tags":[1423,1862,1869,60,506,417,746,1861],"class_list":["post-5973","post","type-post","status-publish","format-standard","hentry","category-dans-un-coin-de-l-atelier","tag-activites-manuelles","tag-activites-vacances","tag-ateliers-broderie","tag-ateliers-creatifs","tag-ateliers-creatifs-cotes-darmor","tag-ateliers-creatifs-pleumeur-bodou","tag-ateliers-ile-grande","tag-que-faire-quand-il-pleut"],"jetpack_publicize_connections":[],"jetpack_featured_media_url":"","jetpack_sharing_enabled":true,"jetpack_shortlink":"https:\/\/wp.me\/p4fKpm-1yl","_links":{"self":[{"href":"https:\/\/www.leriredelarcenciel.fr\/Blog\/wp-json\/wp\/v2\/posts\/5973","targetHints":{"allow":["GET"]}}],"collection":[{"href":"https:\/\/www.leriredelarcenciel.fr\/Blog\/wp-json\/wp\/v2\/posts"}],"about":[{"href":"https:\/\/www.leriredelarcenciel.fr\/Blog\/wp-json\/wp\/v2\/types\/post"}],"author":[{"embeddable":true,"href":"https:\/\/www.leriredelarcenciel.fr\/Blog\/wp-json\/wp\/v2\/users\/1"}],"replies":[{"embeddable":true,"href":"https:\/\/www.leriredelarcenciel.fr\/Blog\/wp-json\/wp\/v2\/comments?post=5973"}],"version-history":[{"count":1,"href":"https:\/\/www.leriredelarcenciel.fr\/Blog\/wp-json\/wp\/v2\/posts\/5973\/revisions"}],"predecessor-version":[{"id":5979,"href":"https:\/\/www.leriredelarcenciel.fr\/Blog\/wp-json\/wp\/v2\/posts\/5973\/revisions\/5979"}],"wp:attachment":[{"href":"https:\/\/www.leriredelarcenciel.fr\/Blog\/wp-json\/wp\/v2\/media?parent=5973"}],"wp:term":[{"taxonomy":"category","embeddable":true,"href":"https:\/\/www.leriredelarcenciel.fr\/Blog\/wp-json\/wp\/v2\/categories?post=5973"},{"taxonomy":"post_tag","embeddable":true,"href":"https:\/\/www.leriredelarcenciel.fr\/Blog\/wp-json\/wp\/v2\/tags?post=5973"}],"curies":[{"name":"wp","href":"https:\/\/api.w.org\/{rel}","templated":true}]}}