{"id":5967,"date":"2021-10-28T09:30:08","date_gmt":"2021-10-28T08:30:08","guid":{"rendered":"https:\/\/www.leriredelarcenciel.fr\/Blog\/?p=5967"},"modified":"2021-10-28T09:30:12","modified_gmt":"2021-10-28T08:30:12","slug":"le-rire-de-larc-en-ciel-a-la-boutique-paon","status":"publish","type":"post","link":"https:\/\/www.leriredelarcenciel.fr\/Blog\/le-rire-de-larc-en-ciel-a-la-boutique-paon\/","title":{"rendered":"Le rire de l\u2019arc-en-ciel \u00e0 la boutique Paon"},"content":{"rendered":"\n<p>Oyez oyez, amis de Quimperl\u00e9 et des environs\u00a0! Vous trouverez d\u00e8s \u00e0 pr\u00e9sent mes tableaux brod\u00e9s \u00e0 la boutique Paon. Perrine les a install\u00e9s pour quelques mois sur les murs de sa \u00ab\u00a0caverne d\u2019Ali Baba\u00a0\u00bb\u00a0! Cette jolie boutique de cr\u00e9ations artisanales regorge d\u2019id\u00e9es cadeaux et de bonne humeur. N\u2019h\u00e9sitez pas \u00e0 visiter ce lieu si sympathique.<\/p>\n\n\n\n<figure class=\"wp-block-image size-large\"><img loading=\"lazy\" decoding=\"async\" width=\"1024\" height=\"576\" data-attachment-id=\"5968\" data-permalink=\"https:\/\/www.leriredelarcenciel.fr\/Blog\/le-rire-de-larc-en-ciel-a-la-boutique-paon\/boutique-paon-3\/\" data-orig-file=\"https:\/\/www.leriredelarcenciel.fr\/Blog\/wp-content\/uploads\/2021\/10\/Boutique-Paon-3.jpg\" data-orig-size=\"1280,720\" data-comments-opened=\"1\" data-image-meta=\"{&quot;aperture&quot;:&quot;0&quot;,&quot;credit&quot;:&quot;&quot;,&quot;camera&quot;:&quot;&quot;,&quot;caption&quot;:&quot;&quot;,&quot;created_timestamp&quot;:&quot;0&quot;,&quot;copyright&quot;:&quot;&quot;,&quot;focal_length&quot;:&quot;0&quot;,&quot;iso&quot;:&quot;0&quot;,&quot;shutter_speed&quot;:&quot;0&quot;,&quot;title&quot;:&quot;&quot;,&quot;orientation&quot;:&quot;0&quot;}\" data-image-title=\"Boutique-Paon-3\" data-image-description=\"\" data-image-caption=\"\" data-medium-file=\"https:\/\/www.leriredelarcenciel.fr\/Blog\/wp-content\/uploads\/2021\/10\/Boutique-Paon-3-300x169.jpg\" data-large-file=\"https:\/\/www.leriredelarcenciel.fr\/Blog\/wp-content\/uploads\/2021\/10\/Boutique-Paon-3-1024x576.jpg\" src=\"https:\/\/www.leriredelarcenciel.fr\/Blog\/wp-content\/uploads\/2021\/10\/Boutique-Paon-3-1024x576.jpg\" alt=\"\" class=\"wp-image-5968\" srcset=\"https:\/\/www.leriredelarcenciel.fr\/Blog\/wp-content\/uploads\/2021\/10\/Boutique-Paon-3-1024x576.jpg 1024w, https:\/\/www.leriredelarcenciel.fr\/Blog\/wp-content\/uploads\/2021\/10\/Boutique-Paon-3-300x169.jpg 300w, https:\/\/www.leriredelarcenciel.fr\/Blog\/wp-content\/uploads\/2021\/10\/Boutique-Paon-3-768x432.jpg 768w, https:\/\/www.leriredelarcenciel.fr\/Blog\/wp-content\/uploads\/2021\/10\/Boutique-Paon-3-216x122.jpg 216w, https:\/\/www.leriredelarcenciel.fr\/Blog\/wp-content\/uploads\/2021\/10\/Boutique-Paon-3.jpg 1280w\" sizes=\"auto, (max-width: 1024px) 100vw, 1024px\" \/><figcaption><em>La boutique Paon \u00e0 Quimperl\u00e9<\/em><\/figcaption><\/figure>\n\n\n\n<p>La boutique est situ\u00e9e au 26 rue Br\u00e9mond d\u2019Ars \u00e0 Quimperl\u00e9 (Finist\u00e8re). Pour plus d\u2019informations, suivez les liens de <strong><em><a rel=\"noreferrer noopener\" href=\"https:\/\/boutiquepaon.fr\/\" target=\"_blank\">son site<\/a><\/em><\/strong> et de <strong><em><a rel=\"noreferrer noopener\" href=\"https:\/\/www.facebook.com\/chezpaon\/\" target=\"_blank\">sa page Facebook<\/a><\/em><\/strong>.<\/p>\n\n\n\n<figure class=\"wp-block-image size-large\"><img loading=\"lazy\" decoding=\"async\" width=\"1024\" height=\"576\" data-attachment-id=\"5969\" data-permalink=\"https:\/\/www.leriredelarcenciel.fr\/Blog\/le-rire-de-larc-en-ciel-a-la-boutique-paon\/tableaux-brodes-2\/\" data-orig-file=\"https:\/\/www.leriredelarcenciel.fr\/Blog\/wp-content\/uploads\/2021\/10\/Tableaux-brodes.jpg\" data-orig-size=\"1280,720\" data-comments-opened=\"1\" data-image-meta=\"{&quot;aperture&quot;:&quot;0&quot;,&quot;credit&quot;:&quot;&quot;,&quot;camera&quot;:&quot;&quot;,&quot;caption&quot;:&quot;&quot;,&quot;created_timestamp&quot;:&quot;0&quot;,&quot;copyright&quot;:&quot;&quot;,&quot;focal_length&quot;:&quot;0&quot;,&quot;iso&quot;:&quot;0&quot;,&quot;shutter_speed&quot;:&quot;0&quot;,&quot;title&quot;:&quot;&quot;,&quot;orientation&quot;:&quot;0&quot;}\" data-image-title=\"Tableaux-brodes\" data-image-description=\"\" data-image-caption=\"\" data-medium-file=\"https:\/\/www.leriredelarcenciel.fr\/Blog\/wp-content\/uploads\/2021\/10\/Tableaux-brodes-300x169.jpg\" data-large-file=\"https:\/\/www.leriredelarcenciel.fr\/Blog\/wp-content\/uploads\/2021\/10\/Tableaux-brodes-1024x576.jpg\" src=\"https:\/\/www.leriredelarcenciel.fr\/Blog\/wp-content\/uploads\/2021\/10\/Tableaux-brodes-1024x576.jpg\" alt=\"\" class=\"wp-image-5969\" srcset=\"https:\/\/www.leriredelarcenciel.fr\/Blog\/wp-content\/uploads\/2021\/10\/Tableaux-brodes-1024x576.jpg 1024w, https:\/\/www.leriredelarcenciel.fr\/Blog\/wp-content\/uploads\/2021\/10\/Tableaux-brodes-300x169.jpg 300w, https:\/\/www.leriredelarcenciel.fr\/Blog\/wp-content\/uploads\/2021\/10\/Tableaux-brodes-768x432.jpg 768w, https:\/\/www.leriredelarcenciel.fr\/Blog\/wp-content\/uploads\/2021\/10\/Tableaux-brodes-216x122.jpg 216w, https:\/\/www.leriredelarcenciel.fr\/Blog\/wp-content\/uploads\/2021\/10\/Tableaux-brodes.jpg 1280w\" sizes=\"auto, (max-width: 1024px) 100vw, 1024px\" \/><figcaption><em>Quelques photos de mes tableaux expos\u00e9s parmi d&rsquo;autres cr\u00e9ations (cr\u00e9dit photo Boutique Paon)<\/em><\/figcaption><\/figure>\n\n\n\n<p>Un grand merci \u00e0 Perrine pour son accueil.<\/p>\n\n\n\n<figure class=\"wp-block-image size-large\"><img loading=\"lazy\" decoding=\"async\" width=\"1024\" height=\"680\" data-attachment-id=\"5970\" data-permalink=\"https:\/\/www.leriredelarcenciel.fr\/Blog\/le-rire-de-larc-en-ciel-a-la-boutique-paon\/74-tableau-hublot-20cm-1\/\" data-orig-file=\"https:\/\/www.leriredelarcenciel.fr\/Blog\/wp-content\/uploads\/2021\/10\/74-Tableau-hublot-20cm-1-scaled.jpg\" data-orig-size=\"2560,1701\" data-comments-opened=\"1\" data-image-meta=\"{&quot;aperture&quot;:&quot;11&quot;,&quot;credit&quot;:&quot;&quot;,&quot;camera&quot;:&quot;NEX-F3&quot;,&quot;caption&quot;:&quot;&quot;,&quot;created_timestamp&quot;:&quot;1623942297&quot;,&quot;copyright&quot;:&quot;&quot;,&quot;focal_length&quot;:&quot;30&quot;,&quot;iso&quot;:&quot;250&quot;,&quot;shutter_speed&quot;:&quot;0.016666666666667&quot;,&quot;title&quot;:&quot;&quot;,&quot;orientation&quot;:&quot;0&quot;}\" data-image-title=\"74-Tableau-hublot-20cm-1\" data-image-description=\"\" data-image-caption=\"\" data-medium-file=\"https:\/\/www.leriredelarcenciel.fr\/Blog\/wp-content\/uploads\/2021\/10\/74-Tableau-hublot-20cm-1-300x199.jpg\" data-large-file=\"https:\/\/www.leriredelarcenciel.fr\/Blog\/wp-content\/uploads\/2021\/10\/74-Tableau-hublot-20cm-1-1024x680.jpg\" src=\"https:\/\/www.leriredelarcenciel.fr\/Blog\/wp-content\/uploads\/2021\/10\/74-Tableau-hublot-20cm-1-1024x680.jpg\" alt=\"\" class=\"wp-image-5970\" srcset=\"https:\/\/www.leriredelarcenciel.fr\/Blog\/wp-content\/uploads\/2021\/10\/74-Tableau-hublot-20cm-1-1024x680.jpg 1024w, https:\/\/www.leriredelarcenciel.fr\/Blog\/wp-content\/uploads\/2021\/10\/74-Tableau-hublot-20cm-1-300x199.jpg 300w, https:\/\/www.leriredelarcenciel.fr\/Blog\/wp-content\/uploads\/2021\/10\/74-Tableau-hublot-20cm-1-768x510.jpg 768w, https:\/\/www.leriredelarcenciel.fr\/Blog\/wp-content\/uploads\/2021\/10\/74-Tableau-hublot-20cm-1-1536x1021.jpg 1536w, https:\/\/www.leriredelarcenciel.fr\/Blog\/wp-content\/uploads\/2021\/10\/74-Tableau-hublot-20cm-1-2048x1361.jpg 2048w, https:\/\/www.leriredelarcenciel.fr\/Blog\/wp-content\/uploads\/2021\/10\/74-Tableau-hublot-20cm-1-216x144.jpg 216w\" sizes=\"auto, (max-width: 1024px) 100vw, 1024px\" \/><figcaption><em>Un des tableaux peints et brod\u00e9s que vous pouvez retrouver \u00e0 la Boutique Paon<\/em><\/figcaption><\/figure>\n\n\n\n<p><\/p>\n<a class=\"synved-social-button synved-social-button-share synved-social-size-24 synved-social-resolution-single synved-social-provider-facebook nolightbox\" data-provider=\"facebook\" target=\"_blank\" rel=\"nofollow\" title=\"Partager sur Facebook\" href=\"http:\/\/www.facebook.com\/sharer.php?u=https%3A%2F%2Fwww.leriredelarcenciel.fr%2FBlog%2Fwp-json%2Fwp%2Fv2%2Fposts%2F5967&#038;t=Le%20rire%20de%20l%E2%80%99arc-en-ciel%20%C3%A0%20la%20boutique%20Paon&#038;s=100&#038;p&#091;url&#093;=https%3A%2F%2Fwww.leriredelarcenciel.fr%2FBlog%2Fwp-json%2Fwp%2Fv2%2Fposts%2F5967&#038;p&#091;images&#093;&#091;0&#093;=https%3A%2F%2Fwww.leriredelarcenciel.fr%2FBlog%2Fwp-content%2Fuploads%2F2021%2F10%2FBoutique-Paon-3-1024x576.jpg&#038;p&#091;title&#093;=Le%20rire%20de%20l%E2%80%99arc-en-ciel%20%C3%A0%20la%20boutique%20Paon\" style=\"font-size: 0px;width:24px;height:24px;margin:0;margin-bottom:10px;margin-right:10px\"><img loading=\"lazy\" decoding=\"async\" alt=\"Facebook\" title=\"Partager sur Facebook\" class=\"synved-share-image synved-social-image synved-social-image-share\" width=\"24\" height=\"24\" style=\"display: inline;width:24px;height:24px;margin: 0;padding: 0;border: none;box-shadow: none\" src=\"https:\/\/www.leriredelarcenciel.fr\/Blog\/wp-content\/plugins\/social-media-feather\/synved-social\/image\/social\/regular\/48x48\/facebook.png\" \/><\/a><a class=\"synved-social-button synved-social-button-share synved-social-size-24 synved-social-resolution-single synved-social-provider-pinterest nolightbox\" data-provider=\"pinterest\" target=\"_blank\" rel=\"nofollow\" title=\"Epingler sur Pinterest\" href=\"https:\/\/pinterest.com\/pin\/create\/button\/?url=https%3A%2F%2Fwww.leriredelarcenciel.fr%2FBlog%2Fwp-json%2Fwp%2Fv2%2Fposts%2F5967&#038;media=https%3A%2F%2Fwww.leriredelarcenciel.fr%2FBlog%2Fwp-content%2Fuploads%2F2021%2F10%2FBoutique-Paon-3-1024x576.jpg&#038;description=Le%20rire%20de%20l%E2%80%99arc-en-ciel%20%C3%A0%20la%20boutique%20Paon\" style=\"font-size: 0px;width:24px;height:24px;margin:0;margin-bottom:10px;margin-right:10px\"><img loading=\"lazy\" decoding=\"async\" alt=\"pinterest\" title=\"Epingler sur Pinterest\" class=\"synved-share-image synved-social-image synved-social-image-share\" width=\"24\" height=\"24\" style=\"display: inline;width:24px;height:24px;margin: 0;padding: 0;border: none;box-shadow: none\" src=\"https:\/\/www.leriredelarcenciel.fr\/Blog\/wp-content\/plugins\/social-media-feather\/synved-social\/image\/social\/regular\/48x48\/pinterest.png\" \/><\/a><a class=\"synved-social-button synved-social-button-share synved-social-size-24 synved-social-resolution-single synved-social-provider-mail nolightbox\" data-provider=\"mail\" rel=\"nofollow\" title=\"Partager par email\" href=\"mailto:?subject=Le%20rire%20de%20l%E2%80%99arc-en-ciel%20%C3%A0%20la%20boutique%20Paon&#038;body=Le%20rire%20de%20l%27arc-en-ciel%20:%20https%3A%2F%2Fwww.leriredelarcenciel.fr%2FBlog%2Fwp-json%2Fwp%2Fv2%2Fposts%2F5967\" style=\"font-size: 0px;width:24px;height:24px;margin:0;margin-bottom:10px;margin-right:10px\"><img loading=\"lazy\" decoding=\"async\" alt=\"mail\" title=\"Partager par email\" class=\"synved-share-image synved-social-image synved-social-image-share\" width=\"24\" height=\"24\" style=\"display: inline;width:24px;height:24px;margin: 0;padding: 0;border: none;box-shadow: none\" src=\"https:\/\/www.leriredelarcenciel.fr\/Blog\/wp-content\/plugins\/social-media-feather\/synved-social\/image\/social\/regular\/48x48\/mail.png\" \/><\/a>","protected":false},"excerpt":{"rendered":"<p>Oyez oyez, amis de Quimperl\u00e9 et des environs\u00a0! Vous trouverez d\u00e8s \u00e0 pr\u00e9sent mes tableaux brod\u00e9s \u00e0 la boutique Paon. Perrine les a install\u00e9s pour quelques mois sur les murs de sa \u00ab\u00a0caverne d\u2019Ali Baba\u00a0\u00bb\u00a0! Cette jolie boutique de cr\u00e9ations artisanales regorge d\u2019id\u00e9es cadeaux et de bonne humeur. N\u2019h\u00e9sitez pas \u00e0 visiter ce lieu si [&hellip;]<\/p>\n","protected":false},"author":1,"featured_media":0,"comment_status":"open","ping_status":"open","sticky":false,"template":"","format":"standard","meta":{"jetpack_post_was_ever_published":false,"_jetpack_newsletter_access":"","_jetpack_dont_email_post_to_subs":false,"_jetpack_newsletter_tier_id":0,"_jetpack_memberships_contains_paywalled_content":false,"_jetpack_memberships_contains_paid_content":false,"footnotes":"","jetpack_publicize_message":"","jetpack_publicize_feature_enabled":true,"jetpack_social_post_already_shared":true,"jetpack_social_options":{"image_generator_settings":{"template":"highway","default_image_id":0,"font":"","enabled":false},"version":2}},"categories":[12],"tags":[1825,1843,1864,454,1867,1868,1865,1866],"class_list":["post-5967","post","type-post","status-publish","format-standard","hentry","category-et-ailleurs-quoi-de-beau","tag-artisanat-textile","tag-boutique-artisanale","tag-boutique-paon","tag-cadeaux-de-noel","tag-creation-textile","tag-idee-cadeau","tag-perrine-victor-pujebet","tag-quimperle"],"jetpack_publicize_connections":[],"jetpack_featured_media_url":"","jetpack_sharing_enabled":true,"jetpack_shortlink":"https:\/\/wp.me\/p4fKpm-1yf","_links":{"self":[{"href":"https:\/\/www.leriredelarcenciel.fr\/Blog\/wp-json\/wp\/v2\/posts\/5967","targetHints":{"allow":["GET"]}}],"collection":[{"href":"https:\/\/www.leriredelarcenciel.fr\/Blog\/wp-json\/wp\/v2\/posts"}],"about":[{"href":"https:\/\/www.leriredelarcenciel.fr\/Blog\/wp-json\/wp\/v2\/types\/post"}],"author":[{"embeddable":true,"href":"https:\/\/www.leriredelarcenciel.fr\/Blog\/wp-json\/wp\/v2\/users\/1"}],"replies":[{"embeddable":true,"href":"https:\/\/www.leriredelarcenciel.fr\/Blog\/wp-json\/wp\/v2\/comments?post=5967"}],"version-history":[{"count":1,"href":"https:\/\/www.leriredelarcenciel.fr\/Blog\/wp-json\/wp\/v2\/posts\/5967\/revisions"}],"predecessor-version":[{"id":5971,"href":"https:\/\/www.leriredelarcenciel.fr\/Blog\/wp-json\/wp\/v2\/posts\/5967\/revisions\/5971"}],"wp:attachment":[{"href":"https:\/\/www.leriredelarcenciel.fr\/Blog\/wp-json\/wp\/v2\/media?parent=5967"}],"wp:term":[{"taxonomy":"category","embeddable":true,"href":"https:\/\/www.leriredelarcenciel.fr\/Blog\/wp-json\/wp\/v2\/categories?post=5967"},{"taxonomy":"post_tag","embeddable":true,"href":"https:\/\/www.leriredelarcenciel.fr\/Blog\/wp-json\/wp\/v2\/tags?post=5967"}],"curies":[{"name":"wp","href":"https:\/\/api.w.org\/{rel}","templated":true}]}}