{"id":5876,"date":"2021-08-23T13:24:14","date_gmt":"2021-08-23T12:24:14","guid":{"rendered":"https:\/\/www.leriredelarcenciel.fr\/Blog\/?p=5876"},"modified":"2021-08-23T13:24:21","modified_gmt":"2021-08-23T12:24:21","slug":"quand-la-nature-fait-de-lart-avec-les-feuilles","status":"publish","type":"post","link":"https:\/\/www.leriredelarcenciel.fr\/Blog\/quand-la-nature-fait-de-lart-avec-les-feuilles\/","title":{"rendered":"Quand la nature fait de l\u2019art avec les feuilles"},"content":{"rendered":"\n<figure class=\"wp-block-image size-large\"><img loading=\"lazy\" decoding=\"async\" width=\"1024\" height=\"680\" data-attachment-id=\"5877\" data-permalink=\"https:\/\/www.leriredelarcenciel.fr\/Blog\/quand-la-nature-fait-de-lart-avec-les-feuilles\/arum-sauvage\/\" data-orig-file=\"https:\/\/www.leriredelarcenciel.fr\/Blog\/wp-content\/uploads\/2021\/08\/Arum-sauvage-scaled.jpg\" data-orig-size=\"2560,1701\" data-comments-opened=\"1\" data-image-meta=\"{&quot;aperture&quot;:&quot;16&quot;,&quot;credit&quot;:&quot;&quot;,&quot;camera&quot;:&quot;NEX-F3&quot;,&quot;caption&quot;:&quot;&quot;,&quot;created_timestamp&quot;:&quot;1618583463&quot;,&quot;copyright&quot;:&quot;&quot;,&quot;focal_length&quot;:&quot;30&quot;,&quot;iso&quot;:&quot;500&quot;,&quot;shutter_speed&quot;:&quot;0.016666666666667&quot;,&quot;title&quot;:&quot;&quot;,&quot;orientation&quot;:&quot;1&quot;}\" data-image-title=\"Arum-sauvage\" data-image-description=\"\" data-image-caption=\"\" data-medium-file=\"https:\/\/www.leriredelarcenciel.fr\/Blog\/wp-content\/uploads\/2021\/08\/Arum-sauvage-300x199.jpg\" data-large-file=\"https:\/\/www.leriredelarcenciel.fr\/Blog\/wp-content\/uploads\/2021\/08\/Arum-sauvage-1024x680.jpg\" src=\"https:\/\/www.leriredelarcenciel.fr\/Blog\/wp-content\/uploads\/2021\/08\/Arum-sauvage-1024x680.jpg\" alt=\"\" class=\"wp-image-5877\" srcset=\"https:\/\/www.leriredelarcenciel.fr\/Blog\/wp-content\/uploads\/2021\/08\/Arum-sauvage-1024x680.jpg 1024w, https:\/\/www.leriredelarcenciel.fr\/Blog\/wp-content\/uploads\/2021\/08\/Arum-sauvage-300x199.jpg 300w, https:\/\/www.leriredelarcenciel.fr\/Blog\/wp-content\/uploads\/2021\/08\/Arum-sauvage-768x510.jpg 768w, https:\/\/www.leriredelarcenciel.fr\/Blog\/wp-content\/uploads\/2021\/08\/Arum-sauvage-1536x1021.jpg 1536w, https:\/\/www.leriredelarcenciel.fr\/Blog\/wp-content\/uploads\/2021\/08\/Arum-sauvage-2048x1361.jpg 2048w, https:\/\/www.leriredelarcenciel.fr\/Blog\/wp-content\/uploads\/2021\/08\/Arum-sauvage-216x144.jpg 216w\" sizes=\"auto, (max-width: 1024px) 100vw, 1024px\" \/><figcaption><em>Arum sauvage<\/em><\/figcaption><\/figure>\n\n\n\n<p>Quand la nature fait de l\u2019art, il y a les paysages grandioses, les petits lieux sauvages parfois camoufl\u00e9s et\u2026 les d\u00e9tails \u00e0 d\u00e9nicher avec attention dans les recoins de verdure.<\/p>\n\n\n\n<figure class=\"wp-block-image size-large\"><img loading=\"lazy\" decoding=\"async\" width=\"1024\" height=\"680\" data-attachment-id=\"5878\" data-permalink=\"https:\/\/www.leriredelarcenciel.fr\/Blog\/quand-la-nature-fait-de-lart-avec-les-feuilles\/ortie\/\" data-orig-file=\"https:\/\/www.leriredelarcenciel.fr\/Blog\/wp-content\/uploads\/2021\/08\/Ortie-scaled.jpg\" data-orig-size=\"2560,1701\" data-comments-opened=\"1\" data-image-meta=\"{&quot;aperture&quot;:&quot;16&quot;,&quot;credit&quot;:&quot;&quot;,&quot;camera&quot;:&quot;NEX-F3&quot;,&quot;caption&quot;:&quot;&quot;,&quot;created_timestamp&quot;:&quot;1618582903&quot;,&quot;copyright&quot;:&quot;&quot;,&quot;focal_length&quot;:&quot;30&quot;,&quot;iso&quot;:&quot;250&quot;,&quot;shutter_speed&quot;:&quot;0.016666666666667&quot;,&quot;title&quot;:&quot;&quot;,&quot;orientation&quot;:&quot;1&quot;}\" data-image-title=\"Ortie\" data-image-description=\"\" data-image-caption=\"\" data-medium-file=\"https:\/\/www.leriredelarcenciel.fr\/Blog\/wp-content\/uploads\/2021\/08\/Ortie-300x199.jpg\" data-large-file=\"https:\/\/www.leriredelarcenciel.fr\/Blog\/wp-content\/uploads\/2021\/08\/Ortie-1024x680.jpg\" src=\"https:\/\/www.leriredelarcenciel.fr\/Blog\/wp-content\/uploads\/2021\/08\/Ortie-1024x680.jpg\" alt=\"\" class=\"wp-image-5878\" srcset=\"https:\/\/www.leriredelarcenciel.fr\/Blog\/wp-content\/uploads\/2021\/08\/Ortie-1024x680.jpg 1024w, https:\/\/www.leriredelarcenciel.fr\/Blog\/wp-content\/uploads\/2021\/08\/Ortie-300x199.jpg 300w, https:\/\/www.leriredelarcenciel.fr\/Blog\/wp-content\/uploads\/2021\/08\/Ortie-768x510.jpg 768w, https:\/\/www.leriredelarcenciel.fr\/Blog\/wp-content\/uploads\/2021\/08\/Ortie-1536x1021.jpg 1536w, https:\/\/www.leriredelarcenciel.fr\/Blog\/wp-content\/uploads\/2021\/08\/Ortie-2048x1361.jpg 2048w, https:\/\/www.leriredelarcenciel.fr\/Blog\/wp-content\/uploads\/2021\/08\/Ortie-216x144.jpg 216w\" sizes=\"auto, (max-width: 1024px) 100vw, 1024px\" \/><figcaption><em>Ortie<\/em><\/figcaption><\/figure>\n\n\n\n<p>Aujourd\u2019hui, j\u2019avais envie de vous montrer quelques d\u00e9tails de feuilles photographi\u00e9es dans mon jardin, certaines au printemps dernier, d\u2019autres pendant l\u2019\u00e9t\u00e9.<\/p>\n\n\n\n<figure class=\"wp-block-image size-large\"><img loading=\"lazy\" decoding=\"async\" width=\"1024\" height=\"776\" data-attachment-id=\"5879\" data-permalink=\"https:\/\/www.leriredelarcenciel.fr\/Blog\/quand-la-nature-fait-de-lart-avec-les-feuilles\/framboisier\/\" data-orig-file=\"https:\/\/www.leriredelarcenciel.fr\/Blog\/wp-content\/uploads\/2021\/08\/Framboisier-scaled.jpg\" data-orig-size=\"2560,1941\" data-comments-opened=\"1\" data-image-meta=\"{&quot;aperture&quot;:&quot;0&quot;,&quot;credit&quot;:&quot;&quot;,&quot;camera&quot;:&quot;&quot;,&quot;caption&quot;:&quot;&quot;,&quot;created_timestamp&quot;:&quot;0&quot;,&quot;copyright&quot;:&quot;&quot;,&quot;focal_length&quot;:&quot;0&quot;,&quot;iso&quot;:&quot;0&quot;,&quot;shutter_speed&quot;:&quot;0&quot;,&quot;title&quot;:&quot;&quot;,&quot;orientation&quot;:&quot;0&quot;}\" data-image-title=\"Framboisier\" data-image-description=\"\" data-image-caption=\"\" data-medium-file=\"https:\/\/www.leriredelarcenciel.fr\/Blog\/wp-content\/uploads\/2021\/08\/Framboisier-300x227.jpg\" data-large-file=\"https:\/\/www.leriredelarcenciel.fr\/Blog\/wp-content\/uploads\/2021\/08\/Framboisier-1024x776.jpg\" src=\"https:\/\/www.leriredelarcenciel.fr\/Blog\/wp-content\/uploads\/2021\/08\/Framboisier-1024x776.jpg\" alt=\"\" class=\"wp-image-5879\" srcset=\"https:\/\/www.leriredelarcenciel.fr\/Blog\/wp-content\/uploads\/2021\/08\/Framboisier-1024x776.jpg 1024w, https:\/\/www.leriredelarcenciel.fr\/Blog\/wp-content\/uploads\/2021\/08\/Framboisier-300x227.jpg 300w, https:\/\/www.leriredelarcenciel.fr\/Blog\/wp-content\/uploads\/2021\/08\/Framboisier-768x582.jpg 768w, https:\/\/www.leriredelarcenciel.fr\/Blog\/wp-content\/uploads\/2021\/08\/Framboisier-1536x1165.jpg 1536w, https:\/\/www.leriredelarcenciel.fr\/Blog\/wp-content\/uploads\/2021\/08\/Framboisier-2048x1553.jpg 2048w, https:\/\/www.leriredelarcenciel.fr\/Blog\/wp-content\/uploads\/2021\/08\/Framboisier-216x164.jpg 216w\" sizes=\"auto, (max-width: 1024px) 100vw, 1024px\" \/><figcaption><em>Jeune feuille de framboisier<\/em><\/figcaption><\/figure>\n\n\n\n<p>Le trac\u00e9 des nervures, la lumi\u00e8re qui r\u00e9v\u00e8le les d\u00e9tails, le jeu des couleurs\u2026 tout est propice \u00e0 l\u2019admiration.<\/p>\n\n\n\n<figure class=\"wp-block-image size-large\"><img loading=\"lazy\" decoding=\"async\" width=\"1024\" height=\"680\" data-attachment-id=\"5880\" data-permalink=\"https:\/\/www.leriredelarcenciel.fr\/Blog\/quand-la-nature-fait-de-lart-avec-les-feuilles\/milleperthuis\/\" data-orig-file=\"https:\/\/www.leriredelarcenciel.fr\/Blog\/wp-content\/uploads\/2021\/08\/Milleperthuis-scaled.jpg\" data-orig-size=\"2560,1701\" data-comments-opened=\"1\" data-image-meta=\"{&quot;aperture&quot;:&quot;16&quot;,&quot;credit&quot;:&quot;&quot;,&quot;camera&quot;:&quot;NEX-F3&quot;,&quot;caption&quot;:&quot;&quot;,&quot;created_timestamp&quot;:&quot;1618583395&quot;,&quot;copyright&quot;:&quot;&quot;,&quot;focal_length&quot;:&quot;30&quot;,&quot;iso&quot;:&quot;250&quot;,&quot;shutter_speed&quot;:&quot;0.016666666666667&quot;,&quot;title&quot;:&quot;&quot;,&quot;orientation&quot;:&quot;1&quot;}\" data-image-title=\"Milleperthuis\" data-image-description=\"\" data-image-caption=\"\" data-medium-file=\"https:\/\/www.leriredelarcenciel.fr\/Blog\/wp-content\/uploads\/2021\/08\/Milleperthuis-300x199.jpg\" data-large-file=\"https:\/\/www.leriredelarcenciel.fr\/Blog\/wp-content\/uploads\/2021\/08\/Milleperthuis-1024x680.jpg\" src=\"https:\/\/www.leriredelarcenciel.fr\/Blog\/wp-content\/uploads\/2021\/08\/Milleperthuis-1024x680.jpg\" alt=\"\" class=\"wp-image-5880\" srcset=\"https:\/\/www.leriredelarcenciel.fr\/Blog\/wp-content\/uploads\/2021\/08\/Milleperthuis-1024x680.jpg 1024w, https:\/\/www.leriredelarcenciel.fr\/Blog\/wp-content\/uploads\/2021\/08\/Milleperthuis-300x199.jpg 300w, https:\/\/www.leriredelarcenciel.fr\/Blog\/wp-content\/uploads\/2021\/08\/Milleperthuis-768x510.jpg 768w, https:\/\/www.leriredelarcenciel.fr\/Blog\/wp-content\/uploads\/2021\/08\/Milleperthuis-1536x1021.jpg 1536w, https:\/\/www.leriredelarcenciel.fr\/Blog\/wp-content\/uploads\/2021\/08\/Milleperthuis-2048x1361.jpg 2048w, https:\/\/www.leriredelarcenciel.fr\/Blog\/wp-content\/uploads\/2021\/08\/Milleperthuis-216x144.jpg 216w\" sizes=\"auto, (max-width: 1024px) 100vw, 1024px\" \/><figcaption><em> <\/em><em>Jeune feuille de<\/em> milleperthuis<\/figcaption><\/figure>\n\n\n\n<p>D\u00e9cid\u00e9ment, la nature fait de l\u2019art et il est bon de prendre le temps de l\u2019admirer\u00a0!<\/p>\n\n\n\n<figure class=\"wp-block-image size-large\"><img loading=\"lazy\" decoding=\"async\" width=\"1024\" height=\"680\" data-attachment-id=\"5881\" data-permalink=\"https:\/\/www.leriredelarcenciel.fr\/Blog\/quand-la-nature-fait-de-lart-avec-les-feuilles\/vigne-vierge\/\" data-orig-file=\"https:\/\/www.leriredelarcenciel.fr\/Blog\/wp-content\/uploads\/2021\/08\/Vigne-vierge-scaled.jpg\" data-orig-size=\"2560,1701\" data-comments-opened=\"1\" data-image-meta=\"{&quot;aperture&quot;:&quot;16&quot;,&quot;credit&quot;:&quot;&quot;,&quot;camera&quot;:&quot;NEX-F3&quot;,&quot;caption&quot;:&quot;&quot;,&quot;created_timestamp&quot;:&quot;1618583423&quot;,&quot;copyright&quot;:&quot;&quot;,&quot;focal_length&quot;:&quot;30&quot;,&quot;iso&quot;:&quot;250&quot;,&quot;shutter_speed&quot;:&quot;0.016666666666667&quot;,&quot;title&quot;:&quot;&quot;,&quot;orientation&quot;:&quot;1&quot;}\" data-image-title=\"Vigne-vierge\" data-image-description=\"\" data-image-caption=\"\" data-medium-file=\"https:\/\/www.leriredelarcenciel.fr\/Blog\/wp-content\/uploads\/2021\/08\/Vigne-vierge-300x199.jpg\" data-large-file=\"https:\/\/www.leriredelarcenciel.fr\/Blog\/wp-content\/uploads\/2021\/08\/Vigne-vierge-1024x680.jpg\" src=\"https:\/\/www.leriredelarcenciel.fr\/Blog\/wp-content\/uploads\/2021\/08\/Vigne-vierge-1024x680.jpg\" alt=\"\" class=\"wp-image-5881\" srcset=\"https:\/\/www.leriredelarcenciel.fr\/Blog\/wp-content\/uploads\/2021\/08\/Vigne-vierge-1024x680.jpg 1024w, https:\/\/www.leriredelarcenciel.fr\/Blog\/wp-content\/uploads\/2021\/08\/Vigne-vierge-300x199.jpg 300w, https:\/\/www.leriredelarcenciel.fr\/Blog\/wp-content\/uploads\/2021\/08\/Vigne-vierge-768x510.jpg 768w, https:\/\/www.leriredelarcenciel.fr\/Blog\/wp-content\/uploads\/2021\/08\/Vigne-vierge-1536x1021.jpg 1536w, https:\/\/www.leriredelarcenciel.fr\/Blog\/wp-content\/uploads\/2021\/08\/Vigne-vierge-2048x1361.jpg 2048w, https:\/\/www.leriredelarcenciel.fr\/Blog\/wp-content\/uploads\/2021\/08\/Vigne-vierge-216x144.jpg 216w\" sizes=\"auto, (max-width: 1024px) 100vw, 1024px\" \/><figcaption><em> <\/em><em>Jeune feuille de<\/em> vigne-vierge<\/figcaption><\/figure>\n<a class=\"synved-social-button synved-social-button-share synved-social-size-24 synved-social-resolution-single synved-social-provider-facebook nolightbox\" data-provider=\"facebook\" target=\"_blank\" rel=\"nofollow\" title=\"Partager sur Facebook\" href=\"http:\/\/www.facebook.com\/sharer.php?u=https%3A%2F%2Fwww.leriredelarcenciel.fr%2FBlog%2Fwp-json%2Fwp%2Fv2%2Fposts%2F5876&#038;t=Quand%20la%20nature%20fait%20de%20l%E2%80%99art%20avec%20les%20feuilles&#038;s=100&#038;p&#091;url&#093;=https%3A%2F%2Fwww.leriredelarcenciel.fr%2FBlog%2Fwp-json%2Fwp%2Fv2%2Fposts%2F5876&#038;p&#091;images&#093;&#091;0&#093;=https%3A%2F%2Fwww.leriredelarcenciel.fr%2FBlog%2Fwp-content%2Fuploads%2F2021%2F08%2FArum-sauvage-1024x680.jpg&#038;p&#091;title&#093;=Quand%20la%20nature%20fait%20de%20l%E2%80%99art%20avec%20les%20feuilles\" style=\"font-size: 0px;width:24px;height:24px;margin:0;margin-bottom:10px;margin-right:10px\"><img loading=\"lazy\" decoding=\"async\" alt=\"Facebook\" title=\"Partager sur Facebook\" class=\"synved-share-image synved-social-image synved-social-image-share\" width=\"24\" height=\"24\" style=\"display: inline;width:24px;height:24px;margin: 0;padding: 0;border: none;box-shadow: none\" src=\"https:\/\/www.leriredelarcenciel.fr\/Blog\/wp-content\/plugins\/social-media-feather\/synved-social\/image\/social\/regular\/48x48\/facebook.png\" \/><\/a><a class=\"synved-social-button synved-social-button-share synved-social-size-24 synved-social-resolution-single synved-social-provider-pinterest nolightbox\" data-provider=\"pinterest\" target=\"_blank\" rel=\"nofollow\" title=\"Epingler sur Pinterest\" href=\"https:\/\/pinterest.com\/pin\/create\/button\/?url=https%3A%2F%2Fwww.leriredelarcenciel.fr%2FBlog%2Fwp-json%2Fwp%2Fv2%2Fposts%2F5876&#038;media=https%3A%2F%2Fwww.leriredelarcenciel.fr%2FBlog%2Fwp-content%2Fuploads%2F2021%2F08%2FArum-sauvage-1024x680.jpg&#038;description=Quand%20la%20nature%20fait%20de%20l%E2%80%99art%20avec%20les%20feuilles\" style=\"font-size: 0px;width:24px;height:24px;margin:0;margin-bottom:10px;margin-right:10px\"><img loading=\"lazy\" decoding=\"async\" alt=\"pinterest\" title=\"Epingler sur Pinterest\" class=\"synved-share-image synved-social-image synved-social-image-share\" width=\"24\" height=\"24\" style=\"display: inline;width:24px;height:24px;margin: 0;padding: 0;border: none;box-shadow: none\" src=\"https:\/\/www.leriredelarcenciel.fr\/Blog\/wp-content\/plugins\/social-media-feather\/synved-social\/image\/social\/regular\/48x48\/pinterest.png\" \/><\/a><a class=\"synved-social-button synved-social-button-share synved-social-size-24 synved-social-resolution-single synved-social-provider-mail nolightbox\" data-provider=\"mail\" rel=\"nofollow\" title=\"Partager par email\" href=\"mailto:?subject=Quand%20la%20nature%20fait%20de%20l%E2%80%99art%20avec%20les%20feuilles&#038;body=Le%20rire%20de%20l%27arc-en-ciel%20:%20https%3A%2F%2Fwww.leriredelarcenciel.fr%2FBlog%2Fwp-json%2Fwp%2Fv2%2Fposts%2F5876\" style=\"font-size: 0px;width:24px;height:24px;margin:0;margin-bottom:10px;margin-right:10px\"><img loading=\"lazy\" decoding=\"async\" alt=\"mail\" title=\"Partager par email\" class=\"synved-share-image synved-social-image synved-social-image-share\" width=\"24\" height=\"24\" style=\"display: inline;width:24px;height:24px;margin: 0;padding: 0;border: none;box-shadow: none\" src=\"https:\/\/www.leriredelarcenciel.fr\/Blog\/wp-content\/plugins\/social-media-feather\/synved-social\/image\/social\/regular\/48x48\/mail.png\" \/><\/a>","protected":false},"excerpt":{"rendered":"<p>Quand la nature fait de l\u2019art, il y a les paysages grandioses, les petits lieux sauvages parfois camoufl\u00e9s et\u2026 les d\u00e9tails \u00e0 d\u00e9nicher avec attention dans les recoins de verdure. Aujourd\u2019hui, j\u2019avais envie de vous montrer quelques d\u00e9tails de feuilles photographi\u00e9es dans mon jardin, certaines au printemps dernier, d\u2019autres pendant l\u2019\u00e9t\u00e9. Le trac\u00e9 des nervures, [&hellip;]<\/p>\n","protected":false},"author":1,"featured_media":0,"comment_status":"open","ping_status":"open","sticky":false,"template":"","format":"standard","meta":{"jetpack_post_was_ever_published":false,"_jetpack_newsletter_access":"","_jetpack_dont_email_post_to_subs":false,"_jetpack_newsletter_tier_id":0,"_jetpack_memberships_contains_paywalled_content":false,"_jetpack_memberships_contains_paid_content":false,"footnotes":"","jetpack_publicize_message":"","jetpack_publicize_feature_enabled":true,"jetpack_social_post_already_shared":true,"jetpack_social_options":{"image_generator_settings":{"template":"highway","default_image_id":0,"font":"","enabled":false},"version":2}},"categories":[13],"tags":[1835,1837,1836,1574,1838],"class_list":["post-5876","post","type-post","status-publish","format-standard","hentry","category-bons-baisers-de-l-ile-grande","tag-art","tag-details-feuilles","tag-feuilles-plantes","tag-nature","tag-nervures"],"jetpack_publicize_connections":[],"jetpack_featured_media_url":"","jetpack_sharing_enabled":true,"jetpack_shortlink":"https:\/\/wp.me\/p4fKpm-1wM","_links":{"self":[{"href":"https:\/\/www.leriredelarcenciel.fr\/Blog\/wp-json\/wp\/v2\/posts\/5876","targetHints":{"allow":["GET"]}}],"collection":[{"href":"https:\/\/www.leriredelarcenciel.fr\/Blog\/wp-json\/wp\/v2\/posts"}],"about":[{"href":"https:\/\/www.leriredelarcenciel.fr\/Blog\/wp-json\/wp\/v2\/types\/post"}],"author":[{"embeddable":true,"href":"https:\/\/www.leriredelarcenciel.fr\/Blog\/wp-json\/wp\/v2\/users\/1"}],"replies":[{"embeddable":true,"href":"https:\/\/www.leriredelarcenciel.fr\/Blog\/wp-json\/wp\/v2\/comments?post=5876"}],"version-history":[{"count":1,"href":"https:\/\/www.leriredelarcenciel.fr\/Blog\/wp-json\/wp\/v2\/posts\/5876\/revisions"}],"predecessor-version":[{"id":5882,"href":"https:\/\/www.leriredelarcenciel.fr\/Blog\/wp-json\/wp\/v2\/posts\/5876\/revisions\/5882"}],"wp:attachment":[{"href":"https:\/\/www.leriredelarcenciel.fr\/Blog\/wp-json\/wp\/v2\/media?parent=5876"}],"wp:term":[{"taxonomy":"category","embeddable":true,"href":"https:\/\/www.leriredelarcenciel.fr\/Blog\/wp-json\/wp\/v2\/categories?post=5876"},{"taxonomy":"post_tag","embeddable":true,"href":"https:\/\/www.leriredelarcenciel.fr\/Blog\/wp-json\/wp\/v2\/tags?post=5876"}],"curies":[{"name":"wp","href":"https:\/\/api.w.org\/{rel}","templated":true}]}}