{"id":5596,"date":"2021-02-08T16:56:20","date_gmt":"2021-02-08T15:56:20","guid":{"rendered":"http:\/\/www.leriredelarcenciel.fr\/Blog\/?p=5596"},"modified":"2021-07-16T10:00:31","modified_gmt":"2021-07-16T09:00:31","slug":"les-ateliers-creatifs-2021","status":"publish","type":"post","link":"https:\/\/www.leriredelarcenciel.fr\/Blog\/les-ateliers-creatifs-2021\/","title":{"rendered":"Les ateliers cr\u00e9atifs 2021"},"content":{"rendered":"\n<p>Chaque ann\u00e9e depuis 10 ans maintenant, je vous propose des s\u00e9ances de cr\u00e9ation au Rire de l\u2019arc-en-ciel. Chaque ann\u00e9e, quelques nouveaut\u00e9s viennent remplacer les activit\u00e9s \u00ab&nbsp;pass\u00e9es de mode&nbsp;\u00bb. Pour 2021, je vous ai donc pr\u00e9par\u00e9 des ateliers que les habitu\u00e9s reconna\u00eetront et d\u2019autres qui s\u2019ajoutent d\u00e9sormais \u00e0 la liste des possibilit\u00e9s.<\/p>\n\n\n\n<p>1 \u2013 <strong>L\u2019arbre<\/strong> : il se r\u00e9alise sur un support en bois. Il est fait de ficelle \u00e0 laquelle vous ajouterez des perles, des mini coquillages, des plumes, des strass\u2026 selon votre go\u00fbt&nbsp;!<\/p>\n\n\n\n<figure class=\"wp-block-image size-large\"><img loading=\"lazy\" decoding=\"async\" width=\"1024\" height=\"680\" data-attachment-id=\"5597\" data-permalink=\"https:\/\/www.leriredelarcenciel.fr\/Blog\/les-ateliers-creatifs-2021\/arbre-cordelette-4\/\" data-orig-file=\"https:\/\/www.leriredelarcenciel.fr\/Blog\/wp-content\/uploads\/2021\/02\/Arbre-cordelette-4-scaled.jpg\" data-orig-size=\"2560,1701\" data-comments-opened=\"1\" data-image-meta=\"{&quot;aperture&quot;:&quot;13&quot;,&quot;credit&quot;:&quot;&quot;,&quot;camera&quot;:&quot;NEX-F3&quot;,&quot;caption&quot;:&quot;&quot;,&quot;created_timestamp&quot;:&quot;1612547643&quot;,&quot;copyright&quot;:&quot;&quot;,&quot;focal_length&quot;:&quot;50&quot;,&quot;iso&quot;:&quot;640&quot;,&quot;shutter_speed&quot;:&quot;0.01&quot;,&quot;title&quot;:&quot;&quot;,&quot;orientation&quot;:&quot;0&quot;}\" data-image-title=\"Arbre-cordelette-4\" data-image-description=\"\" data-image-caption=\"\" data-medium-file=\"https:\/\/www.leriredelarcenciel.fr\/Blog\/wp-content\/uploads\/2021\/02\/Arbre-cordelette-4-300x199.jpg\" data-large-file=\"https:\/\/www.leriredelarcenciel.fr\/Blog\/wp-content\/uploads\/2021\/02\/Arbre-cordelette-4-1024x680.jpg\" src=\"https:\/\/www.leriredelarcenciel.fr\/Blog\/wp-content\/uploads\/2021\/02\/Arbre-cordelette-4-1024x680.jpg\" alt=\"\" class=\"wp-image-5597\" srcset=\"https:\/\/www.leriredelarcenciel.fr\/Blog\/wp-content\/uploads\/2021\/02\/Arbre-cordelette-4-1024x680.jpg 1024w, https:\/\/www.leriredelarcenciel.fr\/Blog\/wp-content\/uploads\/2021\/02\/Arbre-cordelette-4-300x199.jpg 300w, https:\/\/www.leriredelarcenciel.fr\/Blog\/wp-content\/uploads\/2021\/02\/Arbre-cordelette-4-768x510.jpg 768w, https:\/\/www.leriredelarcenciel.fr\/Blog\/wp-content\/uploads\/2021\/02\/Arbre-cordelette-4-1536x1021.jpg 1536w, https:\/\/www.leriredelarcenciel.fr\/Blog\/wp-content\/uploads\/2021\/02\/Arbre-cordelette-4-2048x1361.jpg 2048w, https:\/\/www.leriredelarcenciel.fr\/Blog\/wp-content\/uploads\/2021\/02\/Arbre-cordelette-4-216x144.jpg 216w\" sizes=\"auto, (max-width: 1024px) 100vw, 1024px\" \/><figcaption><em>L&rsquo;arbre<\/em><\/figcaption><\/figure>\n\n\n\n<p>2 \u2013 <strong>Le tableau hublot<\/strong>&nbsp;: vous \u00eates plut\u00f4t fleur ou m\u00e9duse&nbsp;? A vous de choisir&nbsp;! Ce tableau se r\u00e9alise avec des appliqu\u00e9s et quelques points de broderie simples.<\/p>\n\n\n\n<figure class=\"wp-block-image size-large\"><img loading=\"lazy\" decoding=\"async\" width=\"1024\" height=\"576\" data-attachment-id=\"5598\" data-permalink=\"https:\/\/www.leriredelarcenciel.fr\/Blog\/les-ateliers-creatifs-2021\/tableaux-meduse-et-fleur\/\" data-orig-file=\"https:\/\/www.leriredelarcenciel.fr\/Blog\/wp-content\/uploads\/2021\/02\/Tableaux-meduse-et-fleur.jpg\" data-orig-size=\"1280,720\" data-comments-opened=\"1\" data-image-meta=\"{&quot;aperture&quot;:&quot;0&quot;,&quot;credit&quot;:&quot;&quot;,&quot;camera&quot;:&quot;&quot;,&quot;caption&quot;:&quot;&quot;,&quot;created_timestamp&quot;:&quot;0&quot;,&quot;copyright&quot;:&quot;&quot;,&quot;focal_length&quot;:&quot;0&quot;,&quot;iso&quot;:&quot;0&quot;,&quot;shutter_speed&quot;:&quot;0&quot;,&quot;title&quot;:&quot;&quot;,&quot;orientation&quot;:&quot;0&quot;}\" data-image-title=\"Tableaux-meduse-et-fleur\" data-image-description=\"\" data-image-caption=\"\" data-medium-file=\"https:\/\/www.leriredelarcenciel.fr\/Blog\/wp-content\/uploads\/2021\/02\/Tableaux-meduse-et-fleur-300x169.jpg\" data-large-file=\"https:\/\/www.leriredelarcenciel.fr\/Blog\/wp-content\/uploads\/2021\/02\/Tableaux-meduse-et-fleur-1024x576.jpg\" src=\"https:\/\/www.leriredelarcenciel.fr\/Blog\/wp-content\/uploads\/2021\/02\/Tableaux-meduse-et-fleur-1024x576.jpg\" alt=\"\" class=\"wp-image-5598\" srcset=\"https:\/\/www.leriredelarcenciel.fr\/Blog\/wp-content\/uploads\/2021\/02\/Tableaux-meduse-et-fleur-1024x576.jpg 1024w, https:\/\/www.leriredelarcenciel.fr\/Blog\/wp-content\/uploads\/2021\/02\/Tableaux-meduse-et-fleur-300x169.jpg 300w, https:\/\/www.leriredelarcenciel.fr\/Blog\/wp-content\/uploads\/2021\/02\/Tableaux-meduse-et-fleur-768x432.jpg 768w, https:\/\/www.leriredelarcenciel.fr\/Blog\/wp-content\/uploads\/2021\/02\/Tableaux-meduse-et-fleur-216x122.jpg 216w, https:\/\/www.leriredelarcenciel.fr\/Blog\/wp-content\/uploads\/2021\/02\/Tableaux-meduse-et-fleur.jpg 1280w\" sizes=\"auto, (max-width: 1024px) 100vw, 1024px\" \/><figcaption><em>Les tableaux hublots<\/em><\/figcaption><\/figure>\n\n\n\n<p>3 \u2013 <strong>L\u2019at\u00e9bas ou le bracelet<\/strong>&nbsp;: fid\u00e8les au poste depuis le d\u00e9but des ateliers cr\u00e9atifs&nbsp;! Ils se r\u00e9alisent avec une technique de wrap et de la tresse. On peut y ajouter \u00e0 sa guise une perle ou un coquillage.<\/p>\n\n\n\n<figure class=\"wp-block-image size-large\"><img loading=\"lazy\" decoding=\"async\" width=\"1024\" height=\"680\" data-attachment-id=\"5599\" data-permalink=\"https:\/\/www.leriredelarcenciel.fr\/Blog\/les-ateliers-creatifs-2021\/atebas-amovible-3\/\" data-orig-file=\"https:\/\/www.leriredelarcenciel.fr\/Blog\/wp-content\/uploads\/2021\/02\/Atebas-amovible-scaled.jpg\" data-orig-size=\"2560,1701\" data-comments-opened=\"1\" data-image-meta=\"{&quot;aperture&quot;:&quot;5&quot;,&quot;credit&quot;:&quot;&quot;,&quot;camera&quot;:&quot;NEX-F3&quot;,&quot;caption&quot;:&quot;&quot;,&quot;created_timestamp&quot;:&quot;1372260410&quot;,&quot;copyright&quot;:&quot;&quot;,&quot;focal_length&quot;:&quot;37&quot;,&quot;iso&quot;:&quot;200&quot;,&quot;shutter_speed&quot;:&quot;0.0125&quot;,&quot;title&quot;:&quot;&quot;,&quot;orientation&quot;:&quot;0&quot;}\" data-image-title=\"Atebas-amovible\" data-image-description=\"\" data-image-caption=\"\" data-medium-file=\"https:\/\/www.leriredelarcenciel.fr\/Blog\/wp-content\/uploads\/2021\/02\/Atebas-amovible-300x199.jpg\" data-large-file=\"https:\/\/www.leriredelarcenciel.fr\/Blog\/wp-content\/uploads\/2021\/02\/Atebas-amovible-1024x680.jpg\" src=\"https:\/\/www.leriredelarcenciel.fr\/Blog\/wp-content\/uploads\/2021\/02\/Atebas-amovible-1024x680.jpg\" alt=\"\" class=\"wp-image-5599\" srcset=\"https:\/\/www.leriredelarcenciel.fr\/Blog\/wp-content\/uploads\/2021\/02\/Atebas-amovible-1024x680.jpg 1024w, https:\/\/www.leriredelarcenciel.fr\/Blog\/wp-content\/uploads\/2021\/02\/Atebas-amovible-300x199.jpg 300w, https:\/\/www.leriredelarcenciel.fr\/Blog\/wp-content\/uploads\/2021\/02\/Atebas-amovible-768x510.jpg 768w, https:\/\/www.leriredelarcenciel.fr\/Blog\/wp-content\/uploads\/2021\/02\/Atebas-amovible-1536x1021.jpg 1536w, https:\/\/www.leriredelarcenciel.fr\/Blog\/wp-content\/uploads\/2021\/02\/Atebas-amovible-2048x1361.jpg 2048w, https:\/\/www.leriredelarcenciel.fr\/Blog\/wp-content\/uploads\/2021\/02\/Atebas-amovible-216x144.jpg 216w\" sizes=\"auto, (max-width: 1024px) 100vw, 1024px\" \/><figcaption><em>At\u00e9bas<\/em><\/figcaption><\/figure>\n\n\n\n<p>4 \u2013 <strong>La broderie sur papier&nbsp;<\/strong>: en version carte, tableau \u00e0 encadrer, marque-page, marque-place\u2026 et avec diff\u00e9rents motifs au choix, la broderie sur papier vous attend&nbsp;!<\/p>\n\n\n\n<figure class=\"wp-block-image size-large\"><img loading=\"lazy\" decoding=\"async\" width=\"680\" height=\"1024\" data-attachment-id=\"5601\" data-permalink=\"https:\/\/www.leriredelarcenciel.fr\/Blog\/les-ateliers-creatifs-2021\/carte-broderie-papier\/\" data-orig-file=\"https:\/\/www.leriredelarcenciel.fr\/Blog\/wp-content\/uploads\/2021\/02\/Carte-broderie-papier-scaled.jpg\" data-orig-size=\"1701,2560\" data-comments-opened=\"1\" data-image-meta=\"{&quot;aperture&quot;:&quot;4&quot;,&quot;credit&quot;:&quot;&quot;,&quot;camera&quot;:&quot;NEX-F3&quot;,&quot;caption&quot;:&quot;&quot;,&quot;created_timestamp&quot;:&quot;1547049079&quot;,&quot;copyright&quot;:&quot;&quot;,&quot;focal_length&quot;:&quot;29&quot;,&quot;iso&quot;:&quot;500&quot;,&quot;shutter_speed&quot;:&quot;0.016666666666667&quot;,&quot;title&quot;:&quot;&quot;,&quot;orientation&quot;:&quot;0&quot;}\" data-image-title=\"Carte-broderie-papier\" data-image-description=\"\" data-image-caption=\"\" data-medium-file=\"https:\/\/www.leriredelarcenciel.fr\/Blog\/wp-content\/uploads\/2021\/02\/Carte-broderie-papier-199x300.jpg\" data-large-file=\"https:\/\/www.leriredelarcenciel.fr\/Blog\/wp-content\/uploads\/2021\/02\/Carte-broderie-papier-680x1024.jpg\" src=\"https:\/\/www.leriredelarcenciel.fr\/Blog\/wp-content\/uploads\/2021\/02\/Carte-broderie-papier-680x1024.jpg\" alt=\"\" class=\"wp-image-5601\" srcset=\"https:\/\/www.leriredelarcenciel.fr\/Blog\/wp-content\/uploads\/2021\/02\/Carte-broderie-papier-680x1024.jpg 680w, https:\/\/www.leriredelarcenciel.fr\/Blog\/wp-content\/uploads\/2021\/02\/Carte-broderie-papier-199x300.jpg 199w, https:\/\/www.leriredelarcenciel.fr\/Blog\/wp-content\/uploads\/2021\/02\/Carte-broderie-papier-768x1156.jpg 768w, https:\/\/www.leriredelarcenciel.fr\/Blog\/wp-content\/uploads\/2021\/02\/Carte-broderie-papier-1021x1536.jpg 1021w, https:\/\/www.leriredelarcenciel.fr\/Blog\/wp-content\/uploads\/2021\/02\/Carte-broderie-papier-1361x2048.jpg 1361w, https:\/\/www.leriredelarcenciel.fr\/Blog\/wp-content\/uploads\/2021\/02\/Carte-broderie-papier-112x168.jpg 112w, https:\/\/www.leriredelarcenciel.fr\/Blog\/wp-content\/uploads\/2021\/02\/Carte-broderie-papier-scaled.jpg 1701w\" sizes=\"auto, (max-width: 680px) 100vw, 680px\" \/><figcaption><em>Broderie sur papier<\/em><\/figcaption><\/figure>\n\n\n\n<p>5 \u2013 <strong>Le mobile<\/strong>&nbsp;: Jute, bois, coquillage, li\u00e8ge\u2026 son petit air naturel vous a plu lors de sa rapide apparition en fin d\u2019ann\u00e9e derni\u00e8re. Il revient donc en 2021.<\/p>\n\n\n\n<figure class=\"wp-block-image size-large\"><img loading=\"lazy\" decoding=\"async\" width=\"1024\" height=\"680\" data-attachment-id=\"5602\" data-permalink=\"https:\/\/www.leriredelarcenciel.fr\/Blog\/les-ateliers-creatifs-2021\/mobile-naturel\/\" data-orig-file=\"https:\/\/www.leriredelarcenciel.fr\/Blog\/wp-content\/uploads\/2021\/02\/Mobile-naturel-scaled.jpg\" data-orig-size=\"2560,1701\" data-comments-opened=\"1\" data-image-meta=\"{&quot;aperture&quot;:&quot;6.3&quot;,&quot;credit&quot;:&quot;&quot;,&quot;camera&quot;:&quot;NEX-F3&quot;,&quot;caption&quot;:&quot;&quot;,&quot;created_timestamp&quot;:&quot;1612183283&quot;,&quot;copyright&quot;:&quot;&quot;,&quot;focal_length&quot;:&quot;34&quot;,&quot;iso&quot;:&quot;200&quot;,&quot;shutter_speed&quot;:&quot;0.008&quot;,&quot;title&quot;:&quot;&quot;,&quot;orientation&quot;:&quot;0&quot;}\" data-image-title=\"Mobile-naturel\" data-image-description=\"\" data-image-caption=\"\" data-medium-file=\"https:\/\/www.leriredelarcenciel.fr\/Blog\/wp-content\/uploads\/2021\/02\/Mobile-naturel-300x199.jpg\" data-large-file=\"https:\/\/www.leriredelarcenciel.fr\/Blog\/wp-content\/uploads\/2021\/02\/Mobile-naturel-1024x680.jpg\" src=\"https:\/\/www.leriredelarcenciel.fr\/Blog\/wp-content\/uploads\/2021\/02\/Mobile-naturel-1024x680.jpg\" alt=\"\" class=\"wp-image-5602\" srcset=\"https:\/\/www.leriredelarcenciel.fr\/Blog\/wp-content\/uploads\/2021\/02\/Mobile-naturel-1024x680.jpg 1024w, https:\/\/www.leriredelarcenciel.fr\/Blog\/wp-content\/uploads\/2021\/02\/Mobile-naturel-300x199.jpg 300w, https:\/\/www.leriredelarcenciel.fr\/Blog\/wp-content\/uploads\/2021\/02\/Mobile-naturel-768x510.jpg 768w, https:\/\/www.leriredelarcenciel.fr\/Blog\/wp-content\/uploads\/2021\/02\/Mobile-naturel-1536x1021.jpg 1536w, https:\/\/www.leriredelarcenciel.fr\/Blog\/wp-content\/uploads\/2021\/02\/Mobile-naturel-2048x1361.jpg 2048w, https:\/\/www.leriredelarcenciel.fr\/Blog\/wp-content\/uploads\/2021\/02\/Mobile-naturel-216x144.jpg 216w\" sizes=\"auto, (max-width: 1024px) 100vw, 1024px\" \/><figcaption><em>Mobile<\/em><\/figcaption><\/figure>\n\n\n\n<p>6 \u2013 <strong>La corbeille multicolore<\/strong>&nbsp;: pour ceux qui pr\u00e9f\u00e8rent les couleurs, rassurez-vous. Une corbeille fun et haute en couleur vous attend&nbsp;!<\/p>\n\n\n\n<figure class=\"wp-block-image size-large\"><img loading=\"lazy\" decoding=\"async\" width=\"1024\" height=\"680\" data-attachment-id=\"5603\" data-permalink=\"https:\/\/www.leriredelarcenciel.fr\/Blog\/les-ateliers-creatifs-2021\/corbeille-vannerie-et-plumes\/\" data-orig-file=\"https:\/\/www.leriredelarcenciel.fr\/Blog\/wp-content\/uploads\/2021\/02\/Corbeille-vannerie-et-plumes-scaled.jpg\" data-orig-size=\"2560,1701\" data-comments-opened=\"1\" data-image-meta=\"{&quot;aperture&quot;:&quot;7.1&quot;,&quot;credit&quot;:&quot;&quot;,&quot;camera&quot;:&quot;NEX-F3&quot;,&quot;caption&quot;:&quot;&quot;,&quot;created_timestamp&quot;:&quot;1612183236&quot;,&quot;copyright&quot;:&quot;&quot;,&quot;focal_length&quot;:&quot;34&quot;,&quot;iso&quot;:&quot;200&quot;,&quot;shutter_speed&quot;:&quot;0.0125&quot;,&quot;title&quot;:&quot;&quot;,&quot;orientation&quot;:&quot;0&quot;}\" data-image-title=\"Corbeille-vannerie-et-plumes\" data-image-description=\"\" data-image-caption=\"\" data-medium-file=\"https:\/\/www.leriredelarcenciel.fr\/Blog\/wp-content\/uploads\/2021\/02\/Corbeille-vannerie-et-plumes-300x199.jpg\" data-large-file=\"https:\/\/www.leriredelarcenciel.fr\/Blog\/wp-content\/uploads\/2021\/02\/Corbeille-vannerie-et-plumes-1024x680.jpg\" src=\"https:\/\/www.leriredelarcenciel.fr\/Blog\/wp-content\/uploads\/2021\/02\/Corbeille-vannerie-et-plumes-1024x680.jpg\" alt=\"\" class=\"wp-image-5603\" srcset=\"https:\/\/www.leriredelarcenciel.fr\/Blog\/wp-content\/uploads\/2021\/02\/Corbeille-vannerie-et-plumes-1024x680.jpg 1024w, https:\/\/www.leriredelarcenciel.fr\/Blog\/wp-content\/uploads\/2021\/02\/Corbeille-vannerie-et-plumes-300x199.jpg 300w, https:\/\/www.leriredelarcenciel.fr\/Blog\/wp-content\/uploads\/2021\/02\/Corbeille-vannerie-et-plumes-768x510.jpg 768w, https:\/\/www.leriredelarcenciel.fr\/Blog\/wp-content\/uploads\/2021\/02\/Corbeille-vannerie-et-plumes-1536x1021.jpg 1536w, https:\/\/www.leriredelarcenciel.fr\/Blog\/wp-content\/uploads\/2021\/02\/Corbeille-vannerie-et-plumes-2048x1361.jpg 2048w, https:\/\/www.leriredelarcenciel.fr\/Blog\/wp-content\/uploads\/2021\/02\/Corbeille-vannerie-et-plumes-216x144.jpg 216w\" sizes=\"auto, (max-width: 1024px) 100vw, 1024px\" \/><figcaption><em>Corbeille<\/em><\/figcaption><\/figure>\n\n\n\n<p>7 \u2013 <strong>La barrette<\/strong>&nbsp;: vous aurez le choix de la taille et des couleurs. La r\u00e9aliserez-vous pour l\u2019offrir ou pour la mettre directement dans vos cheveux&nbsp;?<\/p>\n\n\n\n<figure class=\"wp-block-image size-large\"><img loading=\"lazy\" decoding=\"async\" width=\"1024\" height=\"680\" data-attachment-id=\"5604\" data-permalink=\"https:\/\/www.leriredelarcenciel.fr\/Blog\/les-ateliers-creatifs-2021\/barrette-2\/\" data-orig-file=\"https:\/\/www.leriredelarcenciel.fr\/Blog\/wp-content\/uploads\/2021\/02\/Barrette-scaled.jpg\" data-orig-size=\"2560,1701\" data-comments-opened=\"1\" data-image-meta=\"{&quot;aperture&quot;:&quot;5.6&quot;,&quot;credit&quot;:&quot;&quot;,&quot;camera&quot;:&quot;NEX-F3&quot;,&quot;caption&quot;:&quot;&quot;,&quot;created_timestamp&quot;:&quot;1612183147&quot;,&quot;copyright&quot;:&quot;&quot;,&quot;focal_length&quot;:&quot;55&quot;,&quot;iso&quot;:&quot;200&quot;,&quot;shutter_speed&quot;:&quot;0.008&quot;,&quot;title&quot;:&quot;&quot;,&quot;orientation&quot;:&quot;0&quot;}\" data-image-title=\"Barrette\" data-image-description=\"\" data-image-caption=\"\" data-medium-file=\"https:\/\/www.leriredelarcenciel.fr\/Blog\/wp-content\/uploads\/2021\/02\/Barrette-300x199.jpg\" data-large-file=\"https:\/\/www.leriredelarcenciel.fr\/Blog\/wp-content\/uploads\/2021\/02\/Barrette-1024x680.jpg\" src=\"https:\/\/www.leriredelarcenciel.fr\/Blog\/wp-content\/uploads\/2021\/02\/Barrette-1024x680.jpg\" alt=\"\" class=\"wp-image-5604\" srcset=\"https:\/\/www.leriredelarcenciel.fr\/Blog\/wp-content\/uploads\/2021\/02\/Barrette-1024x680.jpg 1024w, https:\/\/www.leriredelarcenciel.fr\/Blog\/wp-content\/uploads\/2021\/02\/Barrette-300x199.jpg 300w, https:\/\/www.leriredelarcenciel.fr\/Blog\/wp-content\/uploads\/2021\/02\/Barrette-768x510.jpg 768w, https:\/\/www.leriredelarcenciel.fr\/Blog\/wp-content\/uploads\/2021\/02\/Barrette-1536x1021.jpg 1536w, https:\/\/www.leriredelarcenciel.fr\/Blog\/wp-content\/uploads\/2021\/02\/Barrette-2048x1361.jpg 2048w, https:\/\/www.leriredelarcenciel.fr\/Blog\/wp-content\/uploads\/2021\/02\/Barrette-216x144.jpg 216w\" sizes=\"auto, (max-width: 1024px) 100vw, 1024px\" \/><figcaption><em>Barrette<\/em><\/figcaption><\/figure>\n\n\n\n<p>8 \u2013 <strong>La carte tiss\u00e9e<\/strong>&nbsp;: les uns pr\u00e9f\u00e8reront le motif g\u00e9om\u00e9trique, les autres le bonhomme. Quoi qu\u2019il en soit, vous aurez tous le plaisir de r\u00e9aliser une jolie carte \u00e0 envoyer ou \u00e0 utiliser en mini tableau.<\/p>\n\n\n\n<figure class=\"wp-block-image size-large\"><img loading=\"lazy\" decoding=\"async\" width=\"960\" height=\"720\" data-attachment-id=\"5605\" data-permalink=\"https:\/\/www.leriredelarcenciel.fr\/Blog\/les-ateliers-creatifs-2021\/cartes-tissees\/\" data-orig-file=\"https:\/\/www.leriredelarcenciel.fr\/Blog\/wp-content\/uploads\/2021\/02\/Cartes-tissees.jpg\" data-orig-size=\"960,720\" data-comments-opened=\"1\" data-image-meta=\"{&quot;aperture&quot;:&quot;0&quot;,&quot;credit&quot;:&quot;&quot;,&quot;camera&quot;:&quot;&quot;,&quot;caption&quot;:&quot;&quot;,&quot;created_timestamp&quot;:&quot;0&quot;,&quot;copyright&quot;:&quot;&quot;,&quot;focal_length&quot;:&quot;0&quot;,&quot;iso&quot;:&quot;0&quot;,&quot;shutter_speed&quot;:&quot;0&quot;,&quot;title&quot;:&quot;&quot;,&quot;orientation&quot;:&quot;0&quot;}\" data-image-title=\"Cartes-tissees\" data-image-description=\"\" data-image-caption=\"\" data-medium-file=\"https:\/\/www.leriredelarcenciel.fr\/Blog\/wp-content\/uploads\/2021\/02\/Cartes-tissees-300x225.jpg\" data-large-file=\"https:\/\/www.leriredelarcenciel.fr\/Blog\/wp-content\/uploads\/2021\/02\/Cartes-tissees.jpg\" src=\"https:\/\/www.leriredelarcenciel.fr\/Blog\/wp-content\/uploads\/2021\/02\/Cartes-tissees.jpg\" alt=\"\" class=\"wp-image-5605\" srcset=\"https:\/\/www.leriredelarcenciel.fr\/Blog\/wp-content\/uploads\/2021\/02\/Cartes-tissees.jpg 960w, https:\/\/www.leriredelarcenciel.fr\/Blog\/wp-content\/uploads\/2021\/02\/Cartes-tissees-300x225.jpg 300w, https:\/\/www.leriredelarcenciel.fr\/Blog\/wp-content\/uploads\/2021\/02\/Cartes-tissees-768x576.jpg 768w, https:\/\/www.leriredelarcenciel.fr\/Blog\/wp-content\/uploads\/2021\/02\/Cartes-tissees-216x162.jpg 216w\" sizes=\"auto, (max-width: 960px) 100vw, 960px\" \/><figcaption><em>Cartes tiss\u00e9es<\/em><\/figcaption><\/figure>\n\n\n\n<p>A ces 8 ateliers s\u2019ajoute une <strong>initiation broderie<\/strong>, possible en une ou plusieurs s\u00e9ances.<\/p>\n\n\n\n<p>Info pratiques pour les ateliers (Covid oblige, certaines informations pourront \u00e9voluer dans le courant de l\u2019ann\u00e9e\u2026) :<\/p>\n\n\n\n<ul class=\"wp-block-list\"><li>Compte tenu des circonstances actuelles, je peux accueillir plusieurs personnes en m\u00eame temps uniquement si elles viennent ensemble.<\/li><li>Les ateliers sont accessibles \u00e0 partir de 6 ans et ne sont pas r\u00e9serv\u00e9s qu\u2019aux enfants\u00a0!<\/li><li>On esp\u00e8re qu\u2019ils seront vite inutiles mais pour l\u2019instant, les masques sont obligatoires pour tous.<\/li><li>De m\u00eame, il est obligatoire de vous d\u00e9sinfecter les mains \u00e0 votre arriv\u00e9e. Un gel hydroalcoolique est \u00e0 votre disposition \u00e0 l\u2019entr\u00e9e de l\u2019atelier-boutique.<\/li><li>Vous \u00eates d\u00e9butant-e\u00a0? Aucun probl\u00e8me. Les ateliers que je propose sont accessibles \u00e0 tous. De plus, je suis l\u00e0 pour vous conseiller et vous guider. Je vous accompagne tout au long de votre s\u00e9ance. Vous serez \u00e9tonn\u00e9-e et fier-e de ce que vous \u00eates capable de r\u00e9aliser\u00a0!<\/li><li>Chaque atelier dure 2h environ. Pour les plus rapides, vous avez la possibilit\u00e9 de refaire le m\u00eame atelier avec variante si vous le souhaitez (par exemple, une at\u00e9bas suivi d\u2019un bracelet, ou 2 at\u00e9bas de couleurs diff\u00e9rentes). A l\u2019inverse, s\u2019il vous faut plus de 2h pour une seule r\u00e9alisation, pas de panique\u00a0! Je ne mets personne dehors. Enfin, sachez tout de m\u00eame que si rien ne change d\u2019ici votre venue, il y a un couvre-feu \u00e0 18h&#8230; !!! Quel que soit le temps pass\u00e9, une s\u00e9ance co\u00fbte 10\u20ac.<\/li><li>Vous pouvez venir avec seulement vos 10 doigts et votre bonne humeur. En r\u00e9sum\u00e9, le mat\u00e9riel est fourni.<\/li><li>Vous \u00eates int\u00e9ress\u00e9-e\u00a0? Vous devez imp\u00e9rativement prendre rendez-vous pour que nous fixions ensemble un jour et une heure qui nous conviennent.<\/li><li>Jours et horaires possibles\u00a0:<ol><li> En juillet et ao\u00fbt\u00a0: chaque mercredi et jeudi, entre 10h et 12h et entre 14h et 18h (ou 19h si le couvre-feu est supprim\u00e9)<\/li><li> De septembre \u00e0 juin\u00a0: du lundi au vendredi, aux m\u00eames horaires<\/li><\/ol><\/li><li>L\u2019adresse\u00a0: <a rel=\"noreferrer noopener\" href=\"https:\/\/www.google.fr\/maps\/place\/Le+rire+de+l'arc-en-ciel\/@48.800189,-3.577294,15z\/data=!4m2!3m1!1s0x0:0x1f1fb702c3adbfb2?hl=fr&amp;dg=dbrw&amp;newdg=1\" target=\"_blank\"><em><strong>atelier-boutique Le rire de l\u2019arc-en-ciel, 17 rue des Iles, Ile Grande, 22560 Pleumeur-Bodou<\/strong><\/em><\/a>.<\/li><li>Pour toute information compl\u00e9mentaire et\/ou pour r\u00e9server, vous pouvez me contacter au 06 84 11 84 18, m\u2019envoyer un message ou passer me voir directement \u00e0 l&rsquo;atelier-boutique Le rire de l&rsquo;arc-en-ciel.<\/li><\/ul>\n<a class=\"synved-social-button synved-social-button-share synved-social-size-24 synved-social-resolution-single synved-social-provider-facebook nolightbox\" data-provider=\"facebook\" target=\"_blank\" rel=\"nofollow\" title=\"Partager sur Facebook\" href=\"http:\/\/www.facebook.com\/sharer.php?u=https%3A%2F%2Fwww.leriredelarcenciel.fr%2FBlog%2Fwp-json%2Fwp%2Fv2%2Fposts%2F5596&#038;t=Les%20ateliers%20cr%C3%A9atifs%202021&#038;s=100&#038;p&#091;url&#093;=https%3A%2F%2Fwww.leriredelarcenciel.fr%2FBlog%2Fwp-json%2Fwp%2Fv2%2Fposts%2F5596&#038;p&#091;images&#093;&#091;0&#093;=http%3A%2F%2Fwww.leriredelarcenciel.fr%2FBlog%2Fwp-content%2Fuploads%2F2021%2F02%2FArbre-cordelette-4-1024x680.jpg&#038;p&#091;title&#093;=Les%20ateliers%20cr%C3%A9atifs%202021\" style=\"font-size: 0px;width:24px;height:24px;margin:0;margin-bottom:10px;margin-right:10px\"><img loading=\"lazy\" decoding=\"async\" alt=\"Facebook\" title=\"Partager sur Facebook\" class=\"synved-share-image synved-social-image synved-social-image-share\" width=\"24\" height=\"24\" style=\"display: inline;width:24px;height:24px;margin: 0;padding: 0;border: none;box-shadow: none\" src=\"https:\/\/www.leriredelarcenciel.fr\/Blog\/wp-content\/plugins\/social-media-feather\/synved-social\/image\/social\/regular\/48x48\/facebook.png\" \/><\/a><a class=\"synved-social-button synved-social-button-share synved-social-size-24 synved-social-resolution-single synved-social-provider-pinterest nolightbox\" data-provider=\"pinterest\" target=\"_blank\" rel=\"nofollow\" title=\"Epingler sur Pinterest\" href=\"https:\/\/pinterest.com\/pin\/create\/button\/?url=https%3A%2F%2Fwww.leriredelarcenciel.fr%2FBlog%2Fwp-json%2Fwp%2Fv2%2Fposts%2F5596&#038;media=http%3A%2F%2Fwww.leriredelarcenciel.fr%2FBlog%2Fwp-content%2Fuploads%2F2021%2F02%2FArbre-cordelette-4-1024x680.jpg&#038;description=Les%20ateliers%20cr%C3%A9atifs%202021\" style=\"font-size: 0px;width:24px;height:24px;margin:0;margin-bottom:10px;margin-right:10px\"><img loading=\"lazy\" decoding=\"async\" alt=\"pinterest\" title=\"Epingler sur Pinterest\" class=\"synved-share-image synved-social-image synved-social-image-share\" width=\"24\" height=\"24\" style=\"display: inline;width:24px;height:24px;margin: 0;padding: 0;border: none;box-shadow: none\" src=\"https:\/\/www.leriredelarcenciel.fr\/Blog\/wp-content\/plugins\/social-media-feather\/synved-social\/image\/social\/regular\/48x48\/pinterest.png\" \/><\/a><a class=\"synved-social-button synved-social-button-share synved-social-size-24 synved-social-resolution-single synved-social-provider-mail nolightbox\" data-provider=\"mail\" rel=\"nofollow\" title=\"Partager par email\" href=\"mailto:?subject=Les%20ateliers%20cr%C3%A9atifs%202021&#038;body=Le%20rire%20de%20l%27arc-en-ciel%20:%20https%3A%2F%2Fwww.leriredelarcenciel.fr%2FBlog%2Fwp-json%2Fwp%2Fv2%2Fposts%2F5596\" style=\"font-size: 0px;width:24px;height:24px;margin:0;margin-bottom:10px;margin-right:10px\"><img loading=\"lazy\" decoding=\"async\" alt=\"mail\" title=\"Partager par email\" class=\"synved-share-image synved-social-image synved-social-image-share\" width=\"24\" height=\"24\" style=\"display: inline;width:24px;height:24px;margin: 0;padding: 0;border: none;box-shadow: none\" src=\"https:\/\/www.leriredelarcenciel.fr\/Blog\/wp-content\/plugins\/social-media-feather\/synved-social\/image\/social\/regular\/48x48\/mail.png\" \/><\/a>","protected":false},"excerpt":{"rendered":"<p>Chaque ann\u00e9e depuis 10 ans maintenant, je vous propose des s\u00e9ances de cr\u00e9ation au Rire de l\u2019arc-en-ciel. Chaque ann\u00e9e, quelques nouveaut\u00e9s viennent remplacer les activit\u00e9s \u00ab&nbsp;pass\u00e9es de mode&nbsp;\u00bb. Pour 2021, je vous ai donc pr\u00e9par\u00e9 des ateliers que les habitu\u00e9s reconna\u00eetront et d\u2019autres qui s\u2019ajoutent d\u00e9sormais \u00e0 la liste des possibilit\u00e9s. 1 \u2013 L\u2019arbre : [&hellip;]<\/p>\n","protected":false},"author":1,"featured_media":0,"comment_status":"open","ping_status":"open","sticky":false,"template":"","format":"standard","meta":{"jetpack_post_was_ever_published":false,"_jetpack_newsletter_access":"","_jetpack_dont_email_post_to_subs":false,"_jetpack_newsletter_tier_id":0,"_jetpack_memberships_contains_paywalled_content":false,"_jetpack_memberships_contains_paid_content":false,"footnotes":"","jetpack_publicize_message":"","jetpack_publicize_feature_enabled":true,"jetpack_social_post_already_shared":true,"jetpack_social_options":{"image_generator_settings":{"template":"highway","default_image_id":0,"font":"","enabled":false},"version":2}},"categories":[4],"tags":[1272,1739,507,1530,1738,1737],"class_list":["post-5596","post","type-post","status-publish","format-standard","hentry","category-dans-un-coin-de-l-atelier","tag-ateliers-bricolage","tag-ateliers-ile-grande-2","tag-loisirs-creatifs-ile-grande","tag-nouveaux-ateliers","tag-seances-bricolage","tag-travail-manuel"],"jetpack_publicize_connections":[],"jetpack_featured_media_url":"","jetpack_sharing_enabled":true,"jetpack_shortlink":"https:\/\/wp.me\/p4fKpm-1sg","_links":{"self":[{"href":"https:\/\/www.leriredelarcenciel.fr\/Blog\/wp-json\/wp\/v2\/posts\/5596","targetHints":{"allow":["GET"]}}],"collection":[{"href":"https:\/\/www.leriredelarcenciel.fr\/Blog\/wp-json\/wp\/v2\/posts"}],"about":[{"href":"https:\/\/www.leriredelarcenciel.fr\/Blog\/wp-json\/wp\/v2\/types\/post"}],"author":[{"embeddable":true,"href":"https:\/\/www.leriredelarcenciel.fr\/Blog\/wp-json\/wp\/v2\/users\/1"}],"replies":[{"embeddable":true,"href":"https:\/\/www.leriredelarcenciel.fr\/Blog\/wp-json\/wp\/v2\/comments?post=5596"}],"version-history":[{"count":4,"href":"https:\/\/www.leriredelarcenciel.fr\/Blog\/wp-json\/wp\/v2\/posts\/5596\/revisions"}],"predecessor-version":[{"id":5826,"href":"https:\/\/www.leriredelarcenciel.fr\/Blog\/wp-json\/wp\/v2\/posts\/5596\/revisions\/5826"}],"wp:attachment":[{"href":"https:\/\/www.leriredelarcenciel.fr\/Blog\/wp-json\/wp\/v2\/media?parent=5596"}],"wp:term":[{"taxonomy":"category","embeddable":true,"href":"https:\/\/www.leriredelarcenciel.fr\/Blog\/wp-json\/wp\/v2\/categories?post=5596"},{"taxonomy":"post_tag","embeddable":true,"href":"https:\/\/www.leriredelarcenciel.fr\/Blog\/wp-json\/wp\/v2\/tags?post=5596"}],"curies":[{"name":"wp","href":"https:\/\/api.w.org\/{rel}","templated":true}]}}