{"id":5585,"date":"2021-02-03T17:44:38","date_gmt":"2021-02-03T16:44:38","guid":{"rendered":"http:\/\/www.leriredelarcenciel.fr\/Blog\/?p=5585"},"modified":"2021-02-03T17:48:29","modified_gmt":"2021-02-03T16:48:29","slug":"la-gagnante-est","status":"publish","type":"post","link":"https:\/\/www.leriredelarcenciel.fr\/Blog\/la-gagnante-est\/","title":{"rendered":"La gagnante est\u2026"},"content":{"rendered":"\n<p>Ou plut\u00f4t, les gagnantes sont\u2026 Mais revenons un peu en arri\u00e8re pour celles et ceux qui n\u2019auraient pas suivi l\u2019histoire depuis le d\u00e9but.<\/p>\n\n\n\n<figure class=\"wp-block-image size-large\"><img loading=\"lazy\" decoding=\"async\" width=\"1024\" height=\"680\" data-attachment-id=\"5586\" data-permalink=\"https:\/\/www.leriredelarcenciel.fr\/Blog\/la-gagnante-est\/2-tirage\/\" data-orig-file=\"https:\/\/www.leriredelarcenciel.fr\/Blog\/wp-content\/uploads\/2021\/02\/2-tirage-scaled.jpg\" data-orig-size=\"2560,1701\" data-comments-opened=\"1\" data-image-meta=\"{&quot;aperture&quot;:&quot;18&quot;,&quot;credit&quot;:&quot;&quot;,&quot;camera&quot;:&quot;NEX-F3&quot;,&quot;caption&quot;:&quot;&quot;,&quot;created_timestamp&quot;:&quot;1612365412&quot;,&quot;copyright&quot;:&quot;&quot;,&quot;focal_length&quot;:&quot;25&quot;,&quot;iso&quot;:&quot;3200&quot;,&quot;shutter_speed&quot;:&quot;0.04&quot;,&quot;title&quot;:&quot;&quot;,&quot;orientation&quot;:&quot;0&quot;}\" data-image-title=\"2-tirage\" data-image-description=\"\" data-image-caption=\"\" data-medium-file=\"https:\/\/www.leriredelarcenciel.fr\/Blog\/wp-content\/uploads\/2021\/02\/2-tirage-300x199.jpg\" data-large-file=\"https:\/\/www.leriredelarcenciel.fr\/Blog\/wp-content\/uploads\/2021\/02\/2-tirage-1024x680.jpg\" src=\"https:\/\/www.leriredelarcenciel.fr\/Blog\/wp-content\/uploads\/2021\/02\/2-tirage-1024x680.jpg\" alt=\"\" class=\"wp-image-5586\" srcset=\"https:\/\/www.leriredelarcenciel.fr\/Blog\/wp-content\/uploads\/2021\/02\/2-tirage-1024x680.jpg 1024w, https:\/\/www.leriredelarcenciel.fr\/Blog\/wp-content\/uploads\/2021\/02\/2-tirage-300x199.jpg 300w, https:\/\/www.leriredelarcenciel.fr\/Blog\/wp-content\/uploads\/2021\/02\/2-tirage-768x510.jpg 768w, https:\/\/www.leriredelarcenciel.fr\/Blog\/wp-content\/uploads\/2021\/02\/2-tirage-1536x1021.jpg 1536w, https:\/\/www.leriredelarcenciel.fr\/Blog\/wp-content\/uploads\/2021\/02\/2-tirage-2048x1361.jpg 2048w, https:\/\/www.leriredelarcenciel.fr\/Blog\/wp-content\/uploads\/2021\/02\/2-tirage-216x144.jpg 216w\" sizes=\"auto, (max-width: 1024px) 100vw, 1024px\" \/><figcaption><em>Le tirage au sort<\/em><\/figcaption><\/figure>\n\n\n\n<p>D\u00e9but janvier, j\u2019ai adress\u00e9 une demande d&rsquo;aide \u00e0 tous les abonn\u00e9s \u00e0 la newsletter du Rire de l\u2019arc-en-ciel. Ce sont des personnes qui appr\u00e9cient mon travail puisqu\u2019elles ont demand\u00e9 \u00e0 suivre mes actualit\u00e9s. C\u2019est donc tout naturellement \u00e0 elles que je me suis adress\u00e9e dans un premier temps. Je leur proposais de visiter <em><strong><a href=\"https:\/\/www.leriredelarcenciel.com\" target=\"_blank\" rel=\"noreferrer noopener\">ma boutique en ligne<\/a><\/strong><\/em> et de d\u00e9signer l\u2019article qu\u2019elles pr\u00e9f\u00e9raient en expliquant pourquoi. Puis, dans un deuxi\u00e8me temps, j\u2019ai propos\u00e9 la m\u00eame chose aux abonn\u00e9s de <em><strong><a href=\"http:\/\/www.facebook.com\/leriredelarcenciel\" target=\"_blank\" rel=\"noreferrer noopener\">ma page Facebook<\/a><\/strong><\/em>.<\/p>\n\n\n\n<p>En ce qui me concerne, c\u2019est une aide pr\u00e9cieuse de conna\u00eetre vos pr\u00e9f\u00e9rences, de savoir ce que vous appr\u00e9ciez dans mon travail et pourquoi. La suite de mes projets en d\u00e9pendra. Je remercie donc du fond du c\u0153ur tous les participants\u00a0!<\/p>\n\n\n\n<figure class=\"wp-block-image size-large\"><img loading=\"lazy\" decoding=\"async\" width=\"1024\" height=\"680\" data-attachment-id=\"5587\" data-permalink=\"https:\/\/www.leriredelarcenciel.fr\/Blog\/la-gagnante-est\/coeur-brode\/\" data-orig-file=\"https:\/\/www.leriredelarcenciel.fr\/Blog\/wp-content\/uploads\/2021\/02\/Coeur-brode-scaled.jpg\" data-orig-size=\"2560,1701\" data-comments-opened=\"1\" data-image-meta=\"{&quot;aperture&quot;:&quot;5.6&quot;,&quot;credit&quot;:&quot;&quot;,&quot;camera&quot;:&quot;NEX-F3&quot;,&quot;caption&quot;:&quot;&quot;,&quot;created_timestamp&quot;:&quot;1493308308&quot;,&quot;copyright&quot;:&quot;&quot;,&quot;focal_length&quot;:&quot;55&quot;,&quot;iso&quot;:&quot;400&quot;,&quot;shutter_speed&quot;:&quot;0.01&quot;,&quot;title&quot;:&quot;&quot;,&quot;orientation&quot;:&quot;0&quot;}\" data-image-title=\"Coeur-brode\" data-image-description=\"\" data-image-caption=\"\" data-medium-file=\"https:\/\/www.leriredelarcenciel.fr\/Blog\/wp-content\/uploads\/2021\/02\/Coeur-brode-300x199.jpg\" data-large-file=\"https:\/\/www.leriredelarcenciel.fr\/Blog\/wp-content\/uploads\/2021\/02\/Coeur-brode-1024x680.jpg\" src=\"https:\/\/www.leriredelarcenciel.fr\/Blog\/wp-content\/uploads\/2021\/02\/Coeur-brode-1024x680.jpg\" alt=\"\" class=\"wp-image-5587\" srcset=\"https:\/\/www.leriredelarcenciel.fr\/Blog\/wp-content\/uploads\/2021\/02\/Coeur-brode-1024x680.jpg 1024w, https:\/\/www.leriredelarcenciel.fr\/Blog\/wp-content\/uploads\/2021\/02\/Coeur-brode-300x199.jpg 300w, https:\/\/www.leriredelarcenciel.fr\/Blog\/wp-content\/uploads\/2021\/02\/Coeur-brode-768x510.jpg 768w, https:\/\/www.leriredelarcenciel.fr\/Blog\/wp-content\/uploads\/2021\/02\/Coeur-brode-1536x1021.jpg 1536w, https:\/\/www.leriredelarcenciel.fr\/Blog\/wp-content\/uploads\/2021\/02\/Coeur-brode-2048x1361.jpg 2048w, https:\/\/www.leriredelarcenciel.fr\/Blog\/wp-content\/uploads\/2021\/02\/Coeur-brode-216x144.jpg 216w\" sizes=\"auto, (max-width: 1024px) 100vw, 1024px\" \/><\/figure>\n\n\n\n<p>Vous qui me lisez \u00e0 l\u2019instant, vous faites peut-\u00eatre partie d\u2019une de ces deux cat\u00e9gories de personnes, les \u00ab\u00a0Newsletter\u00a0\u00bb ou les \u00ab\u00a0Facebook\u00a0\u00bb. Vous avez peut-\u00eatre r\u00e9pondu \u00e0 ma demande d\u2019aide. Ou peut-\u00eatre nous rejoignez-vous juste maintenant et d\u00e9couvrez-vous tout cela aujourd\u2019hui\u00a0? Quoi qu\u2019il en soit, voici la suite de l\u2019histoire. Pour remercier les personnes qui ont pris le temps de me r\u00e9pondre, j\u2019avais pr\u00e9vu d\u2019effectuer un tirage au sort pour d\u00e9signer un gagnant afin de lui offrir un cadeau. Finalement, ce n\u2019est pas 1 mais 2 gagnants que j\u2019ai tir\u00e9s au sort, un dans la cat\u00e9gorie \u00ab\u00a0Newsletter\u00a0\u00bb et un autre dans la cat\u00e9gorie \u00ab\u00a0Facebook\u00a0\u00bb.<\/p>\n\n\n\n<figure class=\"wp-block-image size-large\"><img loading=\"lazy\" decoding=\"async\" width=\"1024\" height=\"680\" data-attachment-id=\"5588\" data-permalink=\"https:\/\/www.leriredelarcenciel.fr\/Blog\/la-gagnante-est\/4-papier-plie\/\" data-orig-file=\"https:\/\/www.leriredelarcenciel.fr\/Blog\/wp-content\/uploads\/2021\/02\/4-papier-plie-scaled.jpg\" data-orig-size=\"2560,1701\" data-comments-opened=\"1\" data-image-meta=\"{&quot;aperture&quot;:&quot;18&quot;,&quot;credit&quot;:&quot;&quot;,&quot;camera&quot;:&quot;NEX-F3&quot;,&quot;caption&quot;:&quot;&quot;,&quot;created_timestamp&quot;:&quot;1612365425&quot;,&quot;copyright&quot;:&quot;&quot;,&quot;focal_length&quot;:&quot;25&quot;,&quot;iso&quot;:&quot;3200&quot;,&quot;shutter_speed&quot;:&quot;0.033333333333333&quot;,&quot;title&quot;:&quot;&quot;,&quot;orientation&quot;:&quot;0&quot;}\" data-image-title=\"4-papier-plie\" data-image-description=\"\" data-image-caption=\"\" data-medium-file=\"https:\/\/www.leriredelarcenciel.fr\/Blog\/wp-content\/uploads\/2021\/02\/4-papier-plie-300x199.jpg\" data-large-file=\"https:\/\/www.leriredelarcenciel.fr\/Blog\/wp-content\/uploads\/2021\/02\/4-papier-plie-1024x680.jpg\" src=\"https:\/\/www.leriredelarcenciel.fr\/Blog\/wp-content\/uploads\/2021\/02\/4-papier-plie-1024x680.jpg\" alt=\"\" class=\"wp-image-5588\" srcset=\"https:\/\/www.leriredelarcenciel.fr\/Blog\/wp-content\/uploads\/2021\/02\/4-papier-plie-1024x680.jpg 1024w, https:\/\/www.leriredelarcenciel.fr\/Blog\/wp-content\/uploads\/2021\/02\/4-papier-plie-300x199.jpg 300w, https:\/\/www.leriredelarcenciel.fr\/Blog\/wp-content\/uploads\/2021\/02\/4-papier-plie-768x510.jpg 768w, https:\/\/www.leriredelarcenciel.fr\/Blog\/wp-content\/uploads\/2021\/02\/4-papier-plie-1536x1021.jpg 1536w, https:\/\/www.leriredelarcenciel.fr\/Blog\/wp-content\/uploads\/2021\/02\/4-papier-plie-2048x1361.jpg 2048w, https:\/\/www.leriredelarcenciel.fr\/Blog\/wp-content\/uploads\/2021\/02\/4-papier-plie-216x144.jpg 216w\" sizes=\"auto, (max-width: 1024px) 100vw, 1024px\" \/><figcaption><em>Roulement de tambour&#8230;<\/em><\/figcaption><\/figure>\n\n\n\n<p>Le premier gagnant, ou plut\u00f4t la premi\u00e8re gagnante vient de la cat\u00e9gorie \u00ab\u00a0Newsletter\u00a0\u00bb. Il s\u2019agit d\u2019Isabelle Leseigneur. La deuxi\u00e8me gagnante (eh oui, les hommes se sont montr\u00e9s plut\u00f4t discrets dans cette histoire\u2026), de la cat\u00e9gorie \u00ab\u00a0Facebook\u00a0\u00bb, est Ka Ren. Bravo \u00e0 elles 2\u00a0!<\/p>\n\n\n\n<figure class=\"wp-block-image size-large\"><img loading=\"lazy\" decoding=\"async\" width=\"720\" height=\"960\" data-attachment-id=\"5589\" data-permalink=\"https:\/\/www.leriredelarcenciel.fr\/Blog\/la-gagnante-est\/les-gagnantes\/\" data-orig-file=\"https:\/\/www.leriredelarcenciel.fr\/Blog\/wp-content\/uploads\/2021\/02\/Les-gagnantes.jpg\" data-orig-size=\"720,960\" data-comments-opened=\"1\" data-image-meta=\"{&quot;aperture&quot;:&quot;0&quot;,&quot;credit&quot;:&quot;&quot;,&quot;camera&quot;:&quot;&quot;,&quot;caption&quot;:&quot;&quot;,&quot;created_timestamp&quot;:&quot;0&quot;,&quot;copyright&quot;:&quot;&quot;,&quot;focal_length&quot;:&quot;0&quot;,&quot;iso&quot;:&quot;0&quot;,&quot;shutter_speed&quot;:&quot;0&quot;,&quot;title&quot;:&quot;&quot;,&quot;orientation&quot;:&quot;0&quot;}\" data-image-title=\"Les-gagnantes\" data-image-description=\"\" data-image-caption=\"\" data-medium-file=\"https:\/\/www.leriredelarcenciel.fr\/Blog\/wp-content\/uploads\/2021\/02\/Les-gagnantes-225x300.jpg\" data-large-file=\"https:\/\/www.leriredelarcenciel.fr\/Blog\/wp-content\/uploads\/2021\/02\/Les-gagnantes.jpg\" src=\"https:\/\/www.leriredelarcenciel.fr\/Blog\/wp-content\/uploads\/2021\/02\/Les-gagnantes.jpg\" alt=\"\" class=\"wp-image-5589\" srcset=\"https:\/\/www.leriredelarcenciel.fr\/Blog\/wp-content\/uploads\/2021\/02\/Les-gagnantes.jpg 720w, https:\/\/www.leriredelarcenciel.fr\/Blog\/wp-content\/uploads\/2021\/02\/Les-gagnantes-225x300.jpg 225w, https:\/\/www.leriredelarcenciel.fr\/Blog\/wp-content\/uploads\/2021\/02\/Les-gagnantes-126x168.jpg 126w\" sizes=\"auto, (max-width: 720px) 100vw, 720px\" \/><figcaption><em>Bravo \u00e0 elles !<\/em><\/figcaption><\/figure>\n\n\n\n<p>Mais au fait, que gagnent-elles\u00a0? Eh bien tout simplement l&rsquo;article qu&rsquo;elles avaient d\u00e9sign\u00e9 comme \u00e9tant leur pr\u00e9f\u00e9r\u00e9\u00a0! J&rsquo;ai donc le plaisir d\u2019offrir \u00e0 Isabelle cette carte brod\u00e9e\u00a0:<\/p>\n\n\n\n<figure class=\"wp-block-image size-large\"><img loading=\"lazy\" decoding=\"async\" width=\"1024\" height=\"680\" data-attachment-id=\"5590\" data-permalink=\"https:\/\/www.leriredelarcenciel.fr\/Blog\/la-gagnante-est\/298-carte-textile-brodee-1\/\" data-orig-file=\"https:\/\/www.leriredelarcenciel.fr\/Blog\/wp-content\/uploads\/2021\/02\/298-Carte-textile-brodee-1-scaled.jpg\" data-orig-size=\"2560,1701\" data-comments-opened=\"1\" data-image-meta=\"{&quot;aperture&quot;:&quot;9&quot;,&quot;credit&quot;:&quot;&quot;,&quot;camera&quot;:&quot;NEX-F3&quot;,&quot;caption&quot;:&quot;&quot;,&quot;created_timestamp&quot;:&quot;1606409004&quot;,&quot;copyright&quot;:&quot;&quot;,&quot;focal_length&quot;:&quot;30&quot;,&quot;iso&quot;:&quot;250&quot;,&quot;shutter_speed&quot;:&quot;0.016666666666667&quot;,&quot;title&quot;:&quot;&quot;,&quot;orientation&quot;:&quot;0&quot;}\" data-image-title=\"298-Carte-textile-brodee-1\" data-image-description=\"\" data-image-caption=\"\" data-medium-file=\"https:\/\/www.leriredelarcenciel.fr\/Blog\/wp-content\/uploads\/2021\/02\/298-Carte-textile-brodee-1-300x199.jpg\" data-large-file=\"https:\/\/www.leriredelarcenciel.fr\/Blog\/wp-content\/uploads\/2021\/02\/298-Carte-textile-brodee-1-1024x680.jpg\" src=\"https:\/\/www.leriredelarcenciel.fr\/Blog\/wp-content\/uploads\/2021\/02\/298-Carte-textile-brodee-1-1024x680.jpg\" alt=\"\" class=\"wp-image-5590\" srcset=\"https:\/\/www.leriredelarcenciel.fr\/Blog\/wp-content\/uploads\/2021\/02\/298-Carte-textile-brodee-1-1024x680.jpg 1024w, https:\/\/www.leriredelarcenciel.fr\/Blog\/wp-content\/uploads\/2021\/02\/298-Carte-textile-brodee-1-300x199.jpg 300w, https:\/\/www.leriredelarcenciel.fr\/Blog\/wp-content\/uploads\/2021\/02\/298-Carte-textile-brodee-1-768x510.jpg 768w, https:\/\/www.leriredelarcenciel.fr\/Blog\/wp-content\/uploads\/2021\/02\/298-Carte-textile-brodee-1-1536x1021.jpg 1536w, https:\/\/www.leriredelarcenciel.fr\/Blog\/wp-content\/uploads\/2021\/02\/298-Carte-textile-brodee-1-2048x1361.jpg 2048w, https:\/\/www.leriredelarcenciel.fr\/Blog\/wp-content\/uploads\/2021\/02\/298-Carte-textile-brodee-1-216x144.jpg 216w\" sizes=\"auto, (max-width: 1024px) 100vw, 1024px\" \/><figcaption><em>Carte brod\u00e9e, herbes sauvages des marais<\/em><\/figcaption><\/figure>\n\n\n\n<p>Et \u00e0 Ka Ren ce tableau hublot brod\u00e9\u00a0:<\/p>\n\n\n\n<figure class=\"wp-block-image size-large\"><img loading=\"lazy\" decoding=\"async\" width=\"1024\" height=\"680\" data-attachment-id=\"5591\" data-permalink=\"https:\/\/www.leriredelarcenciel.fr\/Blog\/la-gagnante-est\/54-broderie-tambour-115cm-1\/\" data-orig-file=\"https:\/\/www.leriredelarcenciel.fr\/Blog\/wp-content\/uploads\/2021\/02\/54-Broderie-tambour-115cm-1-scaled.jpg\" data-orig-size=\"2560,1701\" data-comments-opened=\"1\" data-image-meta=\"{&quot;aperture&quot;:&quot;11&quot;,&quot;credit&quot;:&quot;&quot;,&quot;camera&quot;:&quot;NEX-F3&quot;,&quot;caption&quot;:&quot;&quot;,&quot;created_timestamp&quot;:&quot;1605285826&quot;,&quot;copyright&quot;:&quot;&quot;,&quot;focal_length&quot;:&quot;30&quot;,&quot;iso&quot;:&quot;800&quot;,&quot;shutter_speed&quot;:&quot;0.016666666666667&quot;,&quot;title&quot;:&quot;&quot;,&quot;orientation&quot;:&quot;0&quot;}\" data-image-title=\"54-Broderie-tambour-115cm-1\" data-image-description=\"\" data-image-caption=\"\" data-medium-file=\"https:\/\/www.leriredelarcenciel.fr\/Blog\/wp-content\/uploads\/2021\/02\/54-Broderie-tambour-115cm-1-300x199.jpg\" data-large-file=\"https:\/\/www.leriredelarcenciel.fr\/Blog\/wp-content\/uploads\/2021\/02\/54-Broderie-tambour-115cm-1-1024x680.jpg\" src=\"https:\/\/www.leriredelarcenciel.fr\/Blog\/wp-content\/uploads\/2021\/02\/54-Broderie-tambour-115cm-1-1024x680.jpg\" alt=\"\" class=\"wp-image-5591\" srcset=\"https:\/\/www.leriredelarcenciel.fr\/Blog\/wp-content\/uploads\/2021\/02\/54-Broderie-tambour-115cm-1-1024x680.jpg 1024w, https:\/\/www.leriredelarcenciel.fr\/Blog\/wp-content\/uploads\/2021\/02\/54-Broderie-tambour-115cm-1-300x199.jpg 300w, https:\/\/www.leriredelarcenciel.fr\/Blog\/wp-content\/uploads\/2021\/02\/54-Broderie-tambour-115cm-1-768x510.jpg 768w, https:\/\/www.leriredelarcenciel.fr\/Blog\/wp-content\/uploads\/2021\/02\/54-Broderie-tambour-115cm-1-1536x1021.jpg 1536w, https:\/\/www.leriredelarcenciel.fr\/Blog\/wp-content\/uploads\/2021\/02\/54-Broderie-tambour-115cm-1-2048x1361.jpg 2048w, https:\/\/www.leriredelarcenciel.fr\/Blog\/wp-content\/uploads\/2021\/02\/54-Broderie-tambour-115cm-1-216x144.jpg 216w\" sizes=\"auto, (max-width: 1024px) 100vw, 1024px\" \/><figcaption><em>Tableau hublot, fonds marins<\/em><\/figcaption><\/figure>\n\n\n\n<p>J&rsquo;ai d\u00e9j\u00e0 contact\u00e9 Isabelle et Ka Ren afin de leur annoncer la bonne nouvelle. Elles recevront bient\u00f4t leur cadeau.<\/p>\n\n\n\n<p>De mon c\u00f4t\u00e9, je fais le point sur toutes vos r\u00e9ponses, j\u2019en d\u00e9duis la meilleure trajectoire \u00e0 prendre et\u2026 en route pour la suite des aventures du Rire de l\u2019arc-en-ciel&nbsp;!<\/p>\n<a class=\"synved-social-button synved-social-button-share synved-social-size-24 synved-social-resolution-single synved-social-provider-facebook nolightbox\" data-provider=\"facebook\" target=\"_blank\" rel=\"nofollow\" title=\"Partager sur Facebook\" href=\"http:\/\/www.facebook.com\/sharer.php?u=https%3A%2F%2Fwww.leriredelarcenciel.fr%2FBlog%2Fwp-json%2Fwp%2Fv2%2Fposts%2F5585&#038;t=La%20gagnante%20est%E2%80%A6&#038;s=100&#038;p&#091;url&#093;=https%3A%2F%2Fwww.leriredelarcenciel.fr%2FBlog%2Fwp-json%2Fwp%2Fv2%2Fposts%2F5585&#038;p&#091;images&#093;&#091;0&#093;=http%3A%2F%2Fwww.leriredelarcenciel.fr%2FBlog%2Fwp-content%2Fuploads%2F2021%2F02%2F2-tirage-1024x680.jpg&#038;p&#091;title&#093;=La%20gagnante%20est%E2%80%A6\" style=\"font-size: 0px;width:24px;height:24px;margin:0;margin-bottom:10px;margin-right:10px\"><img loading=\"lazy\" decoding=\"async\" alt=\"Facebook\" title=\"Partager sur Facebook\" class=\"synved-share-image synved-social-image synved-social-image-share\" width=\"24\" height=\"24\" style=\"display: inline;width:24px;height:24px;margin: 0;padding: 0;border: none;box-shadow: none\" src=\"https:\/\/www.leriredelarcenciel.fr\/Blog\/wp-content\/plugins\/social-media-feather\/synved-social\/image\/social\/regular\/48x48\/facebook.png\" \/><\/a><a class=\"synved-social-button synved-social-button-share synved-social-size-24 synved-social-resolution-single synved-social-provider-pinterest nolightbox\" data-provider=\"pinterest\" target=\"_blank\" rel=\"nofollow\" title=\"Epingler sur Pinterest\" href=\"https:\/\/pinterest.com\/pin\/create\/button\/?url=https%3A%2F%2Fwww.leriredelarcenciel.fr%2FBlog%2Fwp-json%2Fwp%2Fv2%2Fposts%2F5585&#038;media=http%3A%2F%2Fwww.leriredelarcenciel.fr%2FBlog%2Fwp-content%2Fuploads%2F2021%2F02%2F2-tirage-1024x680.jpg&#038;description=La%20gagnante%20est%E2%80%A6\" style=\"font-size: 0px;width:24px;height:24px;margin:0;margin-bottom:10px;margin-right:10px\"><img loading=\"lazy\" decoding=\"async\" alt=\"pinterest\" title=\"Epingler sur Pinterest\" class=\"synved-share-image synved-social-image synved-social-image-share\" width=\"24\" height=\"24\" style=\"display: inline;width:24px;height:24px;margin: 0;padding: 0;border: none;box-shadow: none\" src=\"https:\/\/www.leriredelarcenciel.fr\/Blog\/wp-content\/plugins\/social-media-feather\/synved-social\/image\/social\/regular\/48x48\/pinterest.png\" \/><\/a><a class=\"synved-social-button synved-social-button-share synved-social-size-24 synved-social-resolution-single synved-social-provider-mail nolightbox\" data-provider=\"mail\" rel=\"nofollow\" title=\"Partager par email\" href=\"mailto:?subject=La%20gagnante%20est%E2%80%A6&#038;body=Le%20rire%20de%20l%27arc-en-ciel%20:%20https%3A%2F%2Fwww.leriredelarcenciel.fr%2FBlog%2Fwp-json%2Fwp%2Fv2%2Fposts%2F5585\" style=\"font-size: 0px;width:24px;height:24px;margin:0;margin-bottom:10px;margin-right:10px\"><img loading=\"lazy\" decoding=\"async\" alt=\"mail\" title=\"Partager par email\" class=\"synved-share-image synved-social-image synved-social-image-share\" width=\"24\" height=\"24\" style=\"display: inline;width:24px;height:24px;margin: 0;padding: 0;border: none;box-shadow: none\" src=\"https:\/\/www.leriredelarcenciel.fr\/Blog\/wp-content\/plugins\/social-media-feather\/synved-social\/image\/social\/regular\/48x48\/mail.png\" \/><\/a>","protected":false},"excerpt":{"rendered":"<p>Ou plut\u00f4t, les gagnantes sont\u2026 Mais revenons un peu en arri\u00e8re pour celles et ceux qui n\u2019auraient pas suivi l\u2019histoire depuis le d\u00e9but. D\u00e9but janvier, j\u2019ai adress\u00e9 une demande d&rsquo;aide \u00e0 tous les abonn\u00e9s \u00e0 la newsletter du Rire de l\u2019arc-en-ciel. Ce sont des personnes qui appr\u00e9cient mon travail puisqu\u2019elles ont demand\u00e9 \u00e0 suivre mes [&hellip;]<\/p>\n","protected":false},"author":1,"featured_media":0,"comment_status":"open","ping_status":"open","sticky":false,"template":"","format":"standard","meta":{"jetpack_post_was_ever_published":false,"_jetpack_newsletter_access":"","_jetpack_dont_email_post_to_subs":false,"_jetpack_newsletter_tier_id":0,"_jetpack_memberships_contains_paywalled_content":false,"_jetpack_memberships_contains_paid_content":false,"footnotes":"","jetpack_publicize_message":"","jetpack_publicize_feature_enabled":true,"jetpack_social_post_already_shared":true,"jetpack_social_options":{"image_generator_settings":{"template":"highway","default_image_id":0,"font":"","enabled":false},"version":2}},"categories":[4],"tags":[1734,1274,1735,15,1736,1409],"class_list":["post-5585","post","type-post","status-publish","format-standard","hentry","category-dans-un-coin-de-l-atelier","tag-articles-brodes","tag-broderie-a-la-main","tag-carte-brodee","tag-le-rire-de-larc-en-ciel","tag-resultat-jeu","tag-tableau-brode"],"jetpack_publicize_connections":[],"jetpack_featured_media_url":"","jetpack_sharing_enabled":true,"jetpack_shortlink":"https:\/\/wp.me\/p4fKpm-1s5","_links":{"self":[{"href":"https:\/\/www.leriredelarcenciel.fr\/Blog\/wp-json\/wp\/v2\/posts\/5585","targetHints":{"allow":["GET"]}}],"collection":[{"href":"https:\/\/www.leriredelarcenciel.fr\/Blog\/wp-json\/wp\/v2\/posts"}],"about":[{"href":"https:\/\/www.leriredelarcenciel.fr\/Blog\/wp-json\/wp\/v2\/types\/post"}],"author":[{"embeddable":true,"href":"https:\/\/www.leriredelarcenciel.fr\/Blog\/wp-json\/wp\/v2\/users\/1"}],"replies":[{"embeddable":true,"href":"https:\/\/www.leriredelarcenciel.fr\/Blog\/wp-json\/wp\/v2\/comments?post=5585"}],"version-history":[{"count":3,"href":"https:\/\/www.leriredelarcenciel.fr\/Blog\/wp-json\/wp\/v2\/posts\/5585\/revisions"}],"predecessor-version":[{"id":5594,"href":"https:\/\/www.leriredelarcenciel.fr\/Blog\/wp-json\/wp\/v2\/posts\/5585\/revisions\/5594"}],"wp:attachment":[{"href":"https:\/\/www.leriredelarcenciel.fr\/Blog\/wp-json\/wp\/v2\/media?parent=5585"}],"wp:term":[{"taxonomy":"category","embeddable":true,"href":"https:\/\/www.leriredelarcenciel.fr\/Blog\/wp-json\/wp\/v2\/categories?post=5585"},{"taxonomy":"post_tag","embeddable":true,"href":"https:\/\/www.leriredelarcenciel.fr\/Blog\/wp-json\/wp\/v2\/tags?post=5585"}],"curies":[{"name":"wp","href":"https:\/\/api.w.org\/{rel}","templated":true}]}}