{"id":543,"date":"2014-10-07T14:50:37","date_gmt":"2014-10-07T13:50:37","guid":{"rendered":"http:\/\/www.leriredelarcenciel.fr\/Blog\/?p=543"},"modified":"2023-04-26T15:31:45","modified_gmt":"2023-04-26T14:31:45","slug":"vue-sur-mer","status":"publish","type":"post","link":"https:\/\/www.leriredelarcenciel.fr\/Blog\/vue-sur-mer\/","title":{"rendered":"Vue sur mer\u2026"},"content":{"rendered":"<p><a href=\"https:\/\/www.leriredelarcenciel.fr\/Blog\/wp-content\/uploads\/2014\/10\/Vue-sur-mer-Ciel-bleu.jpg\" target=\"_blank\" rel=\"noopener\"><img loading=\"lazy\" decoding=\"async\" data-attachment-id=\"550\" data-permalink=\"https:\/\/www.leriredelarcenciel.fr\/Blog\/vue-sur-mer\/vue-sur-mer-ciel-bleu\/\" data-orig-file=\"https:\/\/www.leriredelarcenciel.fr\/Blog\/wp-content\/uploads\/2014\/10\/Vue-sur-mer-Ciel-bleu.jpg\" data-orig-size=\"4912,3264\" data-comments-opened=\"1\" data-image-meta=\"{&quot;aperture&quot;:&quot;13&quot;,&quot;credit&quot;:&quot;&quot;,&quot;camera&quot;:&quot;NEX-F3&quot;,&quot;caption&quot;:&quot;&quot;,&quot;created_timestamp&quot;:&quot;1408104776&quot;,&quot;copyright&quot;:&quot;&quot;,&quot;focal_length&quot;:&quot;55&quot;,&quot;iso&quot;:&quot;200&quot;,&quot;shutter_speed&quot;:&quot;0.0025&quot;,&quot;title&quot;:&quot;&quot;,&quot;orientation&quot;:&quot;1&quot;}\" data-image-title=\"Vue sur mer &amp;#8211; Ciel bleu\" data-image-description=\"\" data-image-caption=\"\" data-medium-file=\"https:\/\/www.leriredelarcenciel.fr\/Blog\/wp-content\/uploads\/2014\/10\/Vue-sur-mer-Ciel-bleu-300x199.jpg\" data-large-file=\"https:\/\/www.leriredelarcenciel.fr\/Blog\/wp-content\/uploads\/2014\/10\/Vue-sur-mer-Ciel-bleu-1024x680.jpg\" class=\"alignnone wp-image-550 size-medium\" src=\"https:\/\/www.leriredelarcenciel.fr\/Blog\/wp-content\/uploads\/2014\/10\/Vue-sur-mer-Ciel-bleu-300x199.jpg\" alt=\"Vue sur mer - Ciel bleu\" width=\"300\" height=\"199\" srcset=\"https:\/\/www.leriredelarcenciel.fr\/Blog\/wp-content\/uploads\/2014\/10\/Vue-sur-mer-Ciel-bleu-300x199.jpg 300w, https:\/\/www.leriredelarcenciel.fr\/Blog\/wp-content\/uploads\/2014\/10\/Vue-sur-mer-Ciel-bleu-1024x680.jpg 1024w, https:\/\/www.leriredelarcenciel.fr\/Blog\/wp-content\/uploads\/2014\/10\/Vue-sur-mer-Ciel-bleu-216x143.jpg 216w\" sizes=\"auto, (max-width: 300px) 100vw, 300px\" \/><\/a><\/p>\n<p>Pendant une ann\u00e9e enti\u00e8re, j\u2019ai d\u00e9cid\u00e9 de prendre la m\u00eame photo, par tous les temps, \u00e0 tout moment de la journ\u00e9e. Cette vue, prise par-dessus les toits bretons de l\u2019Ile Grande (commune de Pleumeur Bodou &#8211; C\u00f4tes d\u2019Armor), laisse appara\u00eetre la mer et surtout le ciel. Chaque photo ressemble un peu \u00e0 la pr\u00e9c\u00e9dente mais elle en est aussi tellement diff\u00e9rente \u2026<\/p>\n<p><a href=\"https:\/\/www.leriredelarcenciel.fr\/Blog\/wp-content\/uploads\/2014\/10\/Vue-sur-mer-Coucher-de-soleil.jpg\" target=\"_blank\" rel=\"noopener\"><img loading=\"lazy\" decoding=\"async\" data-attachment-id=\"551\" data-permalink=\"https:\/\/www.leriredelarcenciel.fr\/Blog\/vue-sur-mer\/vue-sur-mer-coucher-de-soleil\/\" data-orig-file=\"https:\/\/www.leriredelarcenciel.fr\/Blog\/wp-content\/uploads\/2014\/10\/Vue-sur-mer-Coucher-de-soleil.jpg\" data-orig-size=\"4912,3264\" data-comments-opened=\"1\" data-image-meta=\"{&quot;aperture&quot;:&quot;5.6&quot;,&quot;credit&quot;:&quot;&quot;,&quot;camera&quot;:&quot;NEX-F3&quot;,&quot;caption&quot;:&quot;&quot;,&quot;created_timestamp&quot;:&quot;1411586179&quot;,&quot;copyright&quot;:&quot;&quot;,&quot;focal_length&quot;:&quot;55&quot;,&quot;iso&quot;:&quot;320&quot;,&quot;shutter_speed&quot;:&quot;0.01&quot;,&quot;title&quot;:&quot;&quot;,&quot;orientation&quot;:&quot;1&quot;}\" data-image-title=\"Vue sur mer &amp;#8211; Coucher de soleil\" data-image-description=\"\" data-image-caption=\"\" data-medium-file=\"https:\/\/www.leriredelarcenciel.fr\/Blog\/wp-content\/uploads\/2014\/10\/Vue-sur-mer-Coucher-de-soleil-300x199.jpg\" data-large-file=\"https:\/\/www.leriredelarcenciel.fr\/Blog\/wp-content\/uploads\/2014\/10\/Vue-sur-mer-Coucher-de-soleil-1024x680.jpg\" class=\"alignnone wp-image-551 size-medium\" src=\"https:\/\/www.leriredelarcenciel.fr\/Blog\/wp-content\/uploads\/2014\/10\/Vue-sur-mer-Coucher-de-soleil-300x199.jpg\" alt=\"Vue sur mer - Coucher de soleil\" width=\"300\" height=\"199\" srcset=\"https:\/\/www.leriredelarcenciel.fr\/Blog\/wp-content\/uploads\/2014\/10\/Vue-sur-mer-Coucher-de-soleil-300x199.jpg 300w, https:\/\/www.leriredelarcenciel.fr\/Blog\/wp-content\/uploads\/2014\/10\/Vue-sur-mer-Coucher-de-soleil-1024x680.jpg 1024w, https:\/\/www.leriredelarcenciel.fr\/Blog\/wp-content\/uploads\/2014\/10\/Vue-sur-mer-Coucher-de-soleil-216x143.jpg 216w\" sizes=\"auto, (max-width: 300px) 100vw, 300px\" \/><\/a><\/p>\n<p>Parmi la quantit\u00e9 de photos que j\u2019ai emmagasin\u00e9es depuis l\u2019automne dernier jusqu\u2019\u00e0 aujourd\u2019hui (de quoi tapisser mon atelier, je pense\u2026), en voici quelques-unes, tri\u00e9es par saison.<\/p>\n<p>Vous remarquerez que malgr\u00e9 le temps magnifique que nous avons eu cette fin de printemps et cet \u00e9t\u00e9 en Bretagne (v\u00e9ridique\u00a0!), j\u2019ai tout de m\u00eame r\u00e9ussi \u00e0 photographier quelques nuages\u00a0\ud83d\ude00 . Mon but \u00e9tait de montrer la vari\u00e9t\u00e9 de ce paysage. Tel le chat guettant la souris, la photographe que j\u2019\u00e9tais \u00e9piait donc le moindre changement dans le ciel et clic clac\u00a0! sautait sur son appareil pour immortaliser l\u2019instant\u00a0!<\/p>\n<p>Voici ces <strong>vues sur mer<\/strong>, comme ils disent dans les publicit\u00e9s pour locations de vacances, ou plut\u00f4t, ces <strong>vues sur ciel<\/strong>\u00a0\ud83d\ude09<\/p>\n<p><a href=\"https:\/\/www.leriredelarcenciel.fr\/Blog\/wp-content\/uploads\/2014\/10\/Vues-sur-mer-Automne.jpg\" target=\"_blank\" rel=\"noopener\"><img loading=\"lazy\" decoding=\"async\" data-attachment-id=\"546\" data-permalink=\"https:\/\/www.leriredelarcenciel.fr\/Blog\/vue-sur-mer\/vues-sur-mer-automne\/\" data-orig-file=\"https:\/\/www.leriredelarcenciel.fr\/Blog\/wp-content\/uploads\/2014\/10\/Vues-sur-mer-Automne.jpg\" data-orig-size=\"2048,1134\" data-comments-opened=\"1\" data-image-meta=\"{&quot;aperture&quot;:&quot;0&quot;,&quot;credit&quot;:&quot;&quot;,&quot;camera&quot;:&quot;&quot;,&quot;caption&quot;:&quot;&quot;,&quot;created_timestamp&quot;:&quot;0&quot;,&quot;copyright&quot;:&quot;&quot;,&quot;focal_length&quot;:&quot;0&quot;,&quot;iso&quot;:&quot;0&quot;,&quot;shutter_speed&quot;:&quot;0&quot;,&quot;title&quot;:&quot;&quot;,&quot;orientation&quot;:&quot;0&quot;}\" data-image-title=\"Vues sur mer &amp;#8211; Automne\" data-image-description=\"\" data-image-caption=\"\" data-medium-file=\"https:\/\/www.leriredelarcenciel.fr\/Blog\/wp-content\/uploads\/2014\/10\/Vues-sur-mer-Automne-300x166.jpg\" data-large-file=\"https:\/\/www.leriredelarcenciel.fr\/Blog\/wp-content\/uploads\/2014\/10\/Vues-sur-mer-Automne-1024x567.jpg\" class=\"alignnone wp-image-546 size-medium\" src=\"https:\/\/www.leriredelarcenciel.fr\/Blog\/wp-content\/uploads\/2014\/10\/Vues-sur-mer-Automne-300x166.jpg\" alt=\"Vues sur mer - Automne\" width=\"300\" height=\"166\" srcset=\"https:\/\/www.leriredelarcenciel.fr\/Blog\/wp-content\/uploads\/2014\/10\/Vues-sur-mer-Automne-300x166.jpg 300w, https:\/\/www.leriredelarcenciel.fr\/Blog\/wp-content\/uploads\/2014\/10\/Vues-sur-mer-Automne-1024x567.jpg 1024w, https:\/\/www.leriredelarcenciel.fr\/Blog\/wp-content\/uploads\/2014\/10\/Vues-sur-mer-Automne-216x119.jpg 216w, https:\/\/www.leriredelarcenciel.fr\/Blog\/wp-content\/uploads\/2014\/10\/Vues-sur-mer-Automne.jpg 2048w\" sizes=\"auto, (max-width: 300px) 100vw, 300px\" \/><\/a>\u00a0<a href=\"https:\/\/www.leriredelarcenciel.fr\/Blog\/wp-content\/uploads\/2014\/10\/Vues-sur-mer-Hiver.jpg\" target=\"_blank\" rel=\"noopener\"><img loading=\"lazy\" decoding=\"async\" data-attachment-id=\"548\" data-permalink=\"https:\/\/www.leriredelarcenciel.fr\/Blog\/vue-sur-mer\/vues-sur-mer-hiver\/\" data-orig-file=\"https:\/\/www.leriredelarcenciel.fr\/Blog\/wp-content\/uploads\/2014\/10\/Vues-sur-mer-Hiver.jpg\" data-orig-size=\"2048,1134\" data-comments-opened=\"1\" data-image-meta=\"{&quot;aperture&quot;:&quot;0&quot;,&quot;credit&quot;:&quot;&quot;,&quot;camera&quot;:&quot;&quot;,&quot;caption&quot;:&quot;&quot;,&quot;created_timestamp&quot;:&quot;0&quot;,&quot;copyright&quot;:&quot;&quot;,&quot;focal_length&quot;:&quot;0&quot;,&quot;iso&quot;:&quot;0&quot;,&quot;shutter_speed&quot;:&quot;0&quot;,&quot;title&quot;:&quot;&quot;,&quot;orientation&quot;:&quot;0&quot;}\" data-image-title=\"Vues sur mer &amp;#8211; Hiver\" data-image-description=\"\" data-image-caption=\"\" data-medium-file=\"https:\/\/www.leriredelarcenciel.fr\/Blog\/wp-content\/uploads\/2014\/10\/Vues-sur-mer-Hiver-300x166.jpg\" data-large-file=\"https:\/\/www.leriredelarcenciel.fr\/Blog\/wp-content\/uploads\/2014\/10\/Vues-sur-mer-Hiver-1024x567.jpg\" class=\"alignnone wp-image-548 size-medium\" src=\"https:\/\/www.leriredelarcenciel.fr\/Blog\/wp-content\/uploads\/2014\/10\/Vues-sur-mer-Hiver-300x166.jpg\" alt=\"Vues sur mer - Hiver\" width=\"300\" height=\"166\" srcset=\"https:\/\/www.leriredelarcenciel.fr\/Blog\/wp-content\/uploads\/2014\/10\/Vues-sur-mer-Hiver-300x166.jpg 300w, https:\/\/www.leriredelarcenciel.fr\/Blog\/wp-content\/uploads\/2014\/10\/Vues-sur-mer-Hiver-1024x567.jpg 1024w, https:\/\/www.leriredelarcenciel.fr\/Blog\/wp-content\/uploads\/2014\/10\/Vues-sur-mer-Hiver-216x119.jpg 216w, https:\/\/www.leriredelarcenciel.fr\/Blog\/wp-content\/uploads\/2014\/10\/Vues-sur-mer-Hiver.jpg 2048w\" sizes=\"auto, (max-width: 300px) 100vw, 300px\" \/><\/a><\/p>\n<p><a href=\"https:\/\/www.leriredelarcenciel.fr\/Blog\/wp-content\/uploads\/2014\/10\/Vues-sur-mer-Printemps.jpg\" target=\"_blank\" rel=\"noopener\"><img loading=\"lazy\" decoding=\"async\" data-attachment-id=\"549\" data-permalink=\"https:\/\/www.leriredelarcenciel.fr\/Blog\/vue-sur-mer\/vues-sur-mer-printemps\/\" data-orig-file=\"https:\/\/www.leriredelarcenciel.fr\/Blog\/wp-content\/uploads\/2014\/10\/Vues-sur-mer-Printemps.jpg\" data-orig-size=\"2048,1134\" data-comments-opened=\"1\" data-image-meta=\"{&quot;aperture&quot;:&quot;0&quot;,&quot;credit&quot;:&quot;&quot;,&quot;camera&quot;:&quot;&quot;,&quot;caption&quot;:&quot;&quot;,&quot;created_timestamp&quot;:&quot;0&quot;,&quot;copyright&quot;:&quot;&quot;,&quot;focal_length&quot;:&quot;0&quot;,&quot;iso&quot;:&quot;0&quot;,&quot;shutter_speed&quot;:&quot;0&quot;,&quot;title&quot;:&quot;&quot;,&quot;orientation&quot;:&quot;0&quot;}\" data-image-title=\"Vues sur mer &amp;#8211; Printemps\" data-image-description=\"\" data-image-caption=\"\" data-medium-file=\"https:\/\/www.leriredelarcenciel.fr\/Blog\/wp-content\/uploads\/2014\/10\/Vues-sur-mer-Printemps-300x166.jpg\" data-large-file=\"https:\/\/www.leriredelarcenciel.fr\/Blog\/wp-content\/uploads\/2014\/10\/Vues-sur-mer-Printemps-1024x567.jpg\" class=\"alignnone wp-image-549 size-medium\" src=\"https:\/\/www.leriredelarcenciel.fr\/Blog\/wp-content\/uploads\/2014\/10\/Vues-sur-mer-Printemps-300x166.jpg\" alt=\"Vues sur mer - Printemps\" width=\"300\" height=\"166\" srcset=\"https:\/\/www.leriredelarcenciel.fr\/Blog\/wp-content\/uploads\/2014\/10\/Vues-sur-mer-Printemps-300x166.jpg 300w, https:\/\/www.leriredelarcenciel.fr\/Blog\/wp-content\/uploads\/2014\/10\/Vues-sur-mer-Printemps-1024x567.jpg 1024w, https:\/\/www.leriredelarcenciel.fr\/Blog\/wp-content\/uploads\/2014\/10\/Vues-sur-mer-Printemps-216x119.jpg 216w, https:\/\/www.leriredelarcenciel.fr\/Blog\/wp-content\/uploads\/2014\/10\/Vues-sur-mer-Printemps.jpg 2048w\" sizes=\"auto, (max-width: 300px) 100vw, 300px\" \/><\/a>\u00a0<a href=\"https:\/\/www.leriredelarcenciel.fr\/Blog\/wp-content\/uploads\/2014\/10\/Vues-sur-mer-Et\u00e9.jpg\" target=\"_blank\" rel=\"noopener\"><img loading=\"lazy\" decoding=\"async\" data-attachment-id=\"547\" data-permalink=\"https:\/\/www.leriredelarcenciel.fr\/Blog\/vue-sur-mer\/vues-sur-mer-ete\/\" data-orig-file=\"https:\/\/www.leriredelarcenciel.fr\/Blog\/wp-content\/uploads\/2014\/10\/Vues-sur-mer-Et\u00e9.jpg\" data-orig-size=\"2048,1134\" data-comments-opened=\"1\" data-image-meta=\"{&quot;aperture&quot;:&quot;0&quot;,&quot;credit&quot;:&quot;&quot;,&quot;camera&quot;:&quot;&quot;,&quot;caption&quot;:&quot;&quot;,&quot;created_timestamp&quot;:&quot;0&quot;,&quot;copyright&quot;:&quot;&quot;,&quot;focal_length&quot;:&quot;0&quot;,&quot;iso&quot;:&quot;0&quot;,&quot;shutter_speed&quot;:&quot;0&quot;,&quot;title&quot;:&quot;&quot;,&quot;orientation&quot;:&quot;0&quot;}\" data-image-title=\"Vues sur mer &amp;#8211; Et\u00e9\" data-image-description=\"\" data-image-caption=\"\" data-medium-file=\"https:\/\/www.leriredelarcenciel.fr\/Blog\/wp-content\/uploads\/2014\/10\/Vues-sur-mer-Et\u00e9-300x166.jpg\" data-large-file=\"https:\/\/www.leriredelarcenciel.fr\/Blog\/wp-content\/uploads\/2014\/10\/Vues-sur-mer-Et\u00e9-1024x567.jpg\" class=\"alignnone wp-image-547 size-medium\" src=\"https:\/\/www.leriredelarcenciel.fr\/Blog\/wp-content\/uploads\/2014\/10\/Vues-sur-mer-Et\u00e9-300x166.jpg\" alt=\"Vues sur mer - Et\u00e9\" width=\"300\" height=\"166\" srcset=\"https:\/\/www.leriredelarcenciel.fr\/Blog\/wp-content\/uploads\/2014\/10\/Vues-sur-mer-Et\u00e9-300x166.jpg 300w, https:\/\/www.leriredelarcenciel.fr\/Blog\/wp-content\/uploads\/2014\/10\/Vues-sur-mer-Et\u00e9-1024x567.jpg 1024w, https:\/\/www.leriredelarcenciel.fr\/Blog\/wp-content\/uploads\/2014\/10\/Vues-sur-mer-Et\u00e9-216x119.jpg 216w, https:\/\/www.leriredelarcenciel.fr\/Blog\/wp-content\/uploads\/2014\/10\/Vues-sur-mer-Et\u00e9.jpg 2048w\" sizes=\"auto, (max-width: 300px) 100vw, 300px\" \/><\/a><\/p>\n<a class=\"synved-social-button synved-social-button-share synved-social-size-24 synved-social-resolution-single synved-social-provider-facebook nolightbox\" data-provider=\"facebook\" target=\"_blank\" rel=\"nofollow\" title=\"Partager sur Facebook\" href=\"http:\/\/www.facebook.com\/sharer.php?u=https%3A%2F%2Fwww.leriredelarcenciel.fr%2FBlog%2Fwp-json%2Fwp%2Fv2%2Fposts%2F543&#038;t=Vue%20sur%20mer%E2%80%A6&#038;s=100&#038;p&#091;url&#093;=https%3A%2F%2Fwww.leriredelarcenciel.fr%2FBlog%2Fwp-json%2Fwp%2Fv2%2Fposts%2F543&#038;p&#091;images&#093;&#091;0&#093;=https%3A%2F%2Fwww.leriredelarcenciel.fr%2FBlog%2Fwp-content%2Fuploads%2F2014%2F10%2FVue-sur-mer-Ciel-bleu-300x199.jpg&#038;p&#091;title&#093;=Vue%20sur%20mer%E2%80%A6\" style=\"font-size: 0px;width:24px;height:24px;margin:0;margin-bottom:10px;margin-right:10px\"><img loading=\"lazy\" decoding=\"async\" alt=\"Facebook\" title=\"Partager sur Facebook\" class=\"synved-share-image synved-social-image synved-social-image-share\" width=\"24\" height=\"24\" style=\"display: inline;width:24px;height:24px;margin: 0;padding: 0;border: none;box-shadow: none\" src=\"https:\/\/www.leriredelarcenciel.fr\/Blog\/wp-content\/plugins\/social-media-feather\/synved-social\/image\/social\/regular\/48x48\/facebook.png\" \/><\/a><a class=\"synved-social-button synved-social-button-share synved-social-size-24 synved-social-resolution-single synved-social-provider-pinterest nolightbox\" data-provider=\"pinterest\" target=\"_blank\" rel=\"nofollow\" title=\"Epingler sur Pinterest\" href=\"https:\/\/pinterest.com\/pin\/create\/button\/?url=https%3A%2F%2Fwww.leriredelarcenciel.fr%2FBlog%2Fwp-json%2Fwp%2Fv2%2Fposts%2F543&#038;media=https%3A%2F%2Fwww.leriredelarcenciel.fr%2FBlog%2Fwp-content%2Fuploads%2F2014%2F10%2FVue-sur-mer-Ciel-bleu-300x199.jpg&#038;description=Vue%20sur%20mer%E2%80%A6\" style=\"font-size: 0px;width:24px;height:24px;margin:0;margin-bottom:10px;margin-right:10px\"><img loading=\"lazy\" decoding=\"async\" alt=\"pinterest\" title=\"Epingler sur Pinterest\" class=\"synved-share-image synved-social-image synved-social-image-share\" width=\"24\" height=\"24\" style=\"display: inline;width:24px;height:24px;margin: 0;padding: 0;border: none;box-shadow: none\" src=\"https:\/\/www.leriredelarcenciel.fr\/Blog\/wp-content\/plugins\/social-media-feather\/synved-social\/image\/social\/regular\/48x48\/pinterest.png\" \/><\/a><a class=\"synved-social-button synved-social-button-share synved-social-size-24 synved-social-resolution-single synved-social-provider-mail nolightbox\" data-provider=\"mail\" rel=\"nofollow\" title=\"Partager par email\" href=\"mailto:?subject=Vue%20sur%20mer%E2%80%A6&#038;body=Le%20rire%20de%20l%27arc-en-ciel%20:%20https%3A%2F%2Fwww.leriredelarcenciel.fr%2FBlog%2Fwp-json%2Fwp%2Fv2%2Fposts%2F543\" style=\"font-size: 0px;width:24px;height:24px;margin:0;margin-bottom:10px;margin-right:10px\"><img loading=\"lazy\" decoding=\"async\" alt=\"mail\" title=\"Partager par email\" class=\"synved-share-image synved-social-image synved-social-image-share\" width=\"24\" height=\"24\" style=\"display: inline;width:24px;height:24px;margin: 0;padding: 0;border: none;box-shadow: none\" src=\"https:\/\/www.leriredelarcenciel.fr\/Blog\/wp-content\/plugins\/social-media-feather\/synved-social\/image\/social\/regular\/48x48\/mail.png\" \/><\/a>","protected":false},"excerpt":{"rendered":"<p>Pendant une ann\u00e9e enti\u00e8re, j\u2019ai d\u00e9cid\u00e9 de prendre la m\u00eame photo, par tous les temps, \u00e0 tout moment de la journ\u00e9e. Cette vue, prise par-dessus les toits bretons de l\u2019Ile Grande (commune de Pleumeur Bodou &#8211; C\u00f4tes d\u2019Armor), laisse appara\u00eetre la mer et surtout le ciel. Chaque photo ressemble un peu \u00e0 la pr\u00e9c\u00e9dente mais [&hellip;]<\/p>\n","protected":false},"author":1,"featured_media":0,"comment_status":"open","ping_status":"open","sticky":false,"template":"","format":"standard","meta":{"jetpack_post_was_ever_published":false,"_jetpack_newsletter_access":"","_jetpack_dont_email_post_to_subs":false,"_jetpack_newsletter_tier_id":0,"_jetpack_memberships_contains_paywalled_content":false,"_jetpack_memberships_contains_paid_content":false,"footnotes":"","jetpack_publicize_message":"","jetpack_publicize_feature_enabled":true,"jetpack_social_post_already_shared":true,"jetpack_social_options":{"image_generator_settings":{"template":"highway","default_image_id":0,"font":"","enabled":false},"version":2}},"categories":[13],"tags":[26,247,249,250,248],"class_list":["post-543","post","type-post","status-publish","format-standard","hentry","category-bons-baisers-de-l-ile-grande","tag-ile-grande","tag-photographies-du-ciel","tag-photos-bretagne","tag-photos-ile-grande","tag-vue-sur-mer"],"jetpack_publicize_connections":[],"jetpack_featured_media_url":"","jetpack_sharing_enabled":true,"jetpack_shortlink":"https:\/\/wp.me\/p4fKpm-8L","_links":{"self":[{"href":"https:\/\/www.leriredelarcenciel.fr\/Blog\/wp-json\/wp\/v2\/posts\/543","targetHints":{"allow":["GET"]}}],"collection":[{"href":"https:\/\/www.leriredelarcenciel.fr\/Blog\/wp-json\/wp\/v2\/posts"}],"about":[{"href":"https:\/\/www.leriredelarcenciel.fr\/Blog\/wp-json\/wp\/v2\/types\/post"}],"author":[{"embeddable":true,"href":"https:\/\/www.leriredelarcenciel.fr\/Blog\/wp-json\/wp\/v2\/users\/1"}],"replies":[{"embeddable":true,"href":"https:\/\/www.leriredelarcenciel.fr\/Blog\/wp-json\/wp\/v2\/comments?post=543"}],"version-history":[{"count":3,"href":"https:\/\/www.leriredelarcenciel.fr\/Blog\/wp-json\/wp\/v2\/posts\/543\/revisions"}],"predecessor-version":[{"id":6417,"href":"https:\/\/www.leriredelarcenciel.fr\/Blog\/wp-json\/wp\/v2\/posts\/543\/revisions\/6417"}],"wp:attachment":[{"href":"https:\/\/www.leriredelarcenciel.fr\/Blog\/wp-json\/wp\/v2\/media?parent=543"}],"wp:term":[{"taxonomy":"category","embeddable":true,"href":"https:\/\/www.leriredelarcenciel.fr\/Blog\/wp-json\/wp\/v2\/categories?post=543"},{"taxonomy":"post_tag","embeddable":true,"href":"https:\/\/www.leriredelarcenciel.fr\/Blog\/wp-json\/wp\/v2\/tags?post=543"}],"curies":[{"name":"wp","href":"https:\/\/api.w.org\/{rel}","templated":true}]}}