{"id":5193,"date":"2020-04-03T15:27:43","date_gmt":"2020-04-03T14:27:43","guid":{"rendered":"http:\/\/www.leriredelarcenciel.fr\/Blog\/?p=5193"},"modified":"2020-05-12T15:10:03","modified_gmt":"2020-05-12T14:10:03","slug":"des-enseignes-toutes-neuves","status":"publish","type":"post","link":"https:\/\/www.leriredelarcenciel.fr\/Blog\/des-enseignes-toutes-neuves\/","title":{"rendered":"Des enseignes toutes neuves"},"content":{"rendered":"\n<p>La semaine derni\u00e8re, je vous parlais de la r\u00e9novation des <strong><em><a href=\"https:\/\/www.leriredelarcenciel.fr\/Blog\/les-enseignes-du-rire-de-larc-en-ciel-reprennent-des-couleurs\/\" target=\"_blank\" rel=\"noreferrer noopener\" aria-label=\" (s\u2019ouvre dans un nouvel onglet)\">panneaux du Rire de l\u2019arc-en-ciel<\/a><\/em><\/strong> que je fixe habituellement sur les 2 murs externes de ma boutique. Apr\u00e8s quelques s\u00e9ances de peinture et d\u2019\u00e9criture, voil\u00e0 2 enseignes toutes neuves, pr\u00eates \u00e0 \u00eatre mises en place.<\/p>\n\n\n\n<figure class=\"wp-block-image size-large\"><img loading=\"lazy\" decoding=\"async\" width=\"1024\" height=\"680\" data-attachment-id=\"5194\" data-permalink=\"https:\/\/www.leriredelarcenciel.fr\/Blog\/des-enseignes-toutes-neuves\/enseignes-le-rire-de-larc-en-ciel\/\" data-orig-file=\"https:\/\/www.leriredelarcenciel.fr\/Blog\/wp-content\/uploads\/2020\/04\/Enseignes-Le-rire-de-larc-en-ciel-scaled.jpg\" data-orig-size=\"2560,1701\" data-comments-opened=\"1\" data-image-meta=\"{&quot;aperture&quot;:&quot;10&quot;,&quot;credit&quot;:&quot;&quot;,&quot;camera&quot;:&quot;NEX-F3&quot;,&quot;caption&quot;:&quot;&quot;,&quot;created_timestamp&quot;:&quot;1585929627&quot;,&quot;copyright&quot;:&quot;&quot;,&quot;focal_length&quot;:&quot;19&quot;,&quot;iso&quot;:&quot;1250&quot;,&quot;shutter_speed&quot;:&quot;0.016666666666667&quot;,&quot;title&quot;:&quot;&quot;,&quot;orientation&quot;:&quot;0&quot;}\" data-image-title=\"Enseignes-Le-rire-de-larc-en-ciel\" data-image-description=\"\" data-image-caption=\"\" data-medium-file=\"https:\/\/www.leriredelarcenciel.fr\/Blog\/wp-content\/uploads\/2020\/04\/Enseignes-Le-rire-de-larc-en-ciel-300x199.jpg\" data-large-file=\"https:\/\/www.leriredelarcenciel.fr\/Blog\/wp-content\/uploads\/2020\/04\/Enseignes-Le-rire-de-larc-en-ciel-1024x680.jpg\" src=\"https:\/\/www.leriredelarcenciel.fr\/Blog\/wp-content\/uploads\/2020\/04\/Enseignes-Le-rire-de-larc-en-ciel-1024x680.jpg\" alt=\"\" class=\"wp-image-5194\" srcset=\"https:\/\/www.leriredelarcenciel.fr\/Blog\/wp-content\/uploads\/2020\/04\/Enseignes-Le-rire-de-larc-en-ciel-1024x680.jpg 1024w, https:\/\/www.leriredelarcenciel.fr\/Blog\/wp-content\/uploads\/2020\/04\/Enseignes-Le-rire-de-larc-en-ciel-300x199.jpg 300w, https:\/\/www.leriredelarcenciel.fr\/Blog\/wp-content\/uploads\/2020\/04\/Enseignes-Le-rire-de-larc-en-ciel-768x510.jpg 768w, https:\/\/www.leriredelarcenciel.fr\/Blog\/wp-content\/uploads\/2020\/04\/Enseignes-Le-rire-de-larc-en-ciel-1536x1021.jpg 1536w, https:\/\/www.leriredelarcenciel.fr\/Blog\/wp-content\/uploads\/2020\/04\/Enseignes-Le-rire-de-larc-en-ciel-2048x1361.jpg 2048w, https:\/\/www.leriredelarcenciel.fr\/Blog\/wp-content\/uploads\/2020\/04\/Enseignes-Le-rire-de-larc-en-ciel-216x144.jpg 216w\" sizes=\"auto, (max-width: 1024px) 100vw, 1024px\" \/><figcaption>Les 2 panneaux-enseignes Le rire de l&rsquo;arc-en-ciel<\/figcaption><\/figure>\n\n\n\n<p>Plusieurs couches de vernis marin leur permettront de r\u00e9sister \u00e0 la m\u00e9t\u00e9o bretonne (je parle du soleil ardant, bien s\u00fbr)&nbsp;!<\/p>\n\n\n\n<figure class=\"wp-block-image size-large\"><img loading=\"lazy\" decoding=\"async\" width=\"1024\" height=\"711\" data-attachment-id=\"5197\" data-permalink=\"https:\/\/www.leriredelarcenciel.fr\/Blog\/des-enseignes-toutes-neuves\/enseigne-le-rire-de-larc-en-ciel-detail-1\/\" data-orig-file=\"https:\/\/www.leriredelarcenciel.fr\/Blog\/wp-content\/uploads\/2020\/04\/Enseigne-Le-rire-de-larc-en-ciel-d\u00e9tail-1-scaled.jpg\" data-orig-size=\"2560,1778\" data-comments-opened=\"1\" data-image-meta=\"{&quot;aperture&quot;:&quot;0&quot;,&quot;credit&quot;:&quot;&quot;,&quot;camera&quot;:&quot;&quot;,&quot;caption&quot;:&quot;&quot;,&quot;created_timestamp&quot;:&quot;0&quot;,&quot;copyright&quot;:&quot;&quot;,&quot;focal_length&quot;:&quot;0&quot;,&quot;iso&quot;:&quot;0&quot;,&quot;shutter_speed&quot;:&quot;0&quot;,&quot;title&quot;:&quot;&quot;,&quot;orientation&quot;:&quot;0&quot;}\" data-image-title=\"Enseigne-Le-rire-de-larc-en-ciel-d\u00e9tail-1\" data-image-description=\"\" data-image-caption=\"\" data-medium-file=\"https:\/\/www.leriredelarcenciel.fr\/Blog\/wp-content\/uploads\/2020\/04\/Enseigne-Le-rire-de-larc-en-ciel-d\u00e9tail-1-300x208.jpg\" data-large-file=\"https:\/\/www.leriredelarcenciel.fr\/Blog\/wp-content\/uploads\/2020\/04\/Enseigne-Le-rire-de-larc-en-ciel-d\u00e9tail-1-1024x711.jpg\" src=\"https:\/\/www.leriredelarcenciel.fr\/Blog\/wp-content\/uploads\/2020\/04\/Enseigne-Le-rire-de-larc-en-ciel-d\u00e9tail-1-1024x711.jpg\" alt=\"\" class=\"wp-image-5197\" srcset=\"https:\/\/www.leriredelarcenciel.fr\/Blog\/wp-content\/uploads\/2020\/04\/Enseigne-Le-rire-de-larc-en-ciel-d\u00e9tail-1-1024x711.jpg 1024w, https:\/\/www.leriredelarcenciel.fr\/Blog\/wp-content\/uploads\/2020\/04\/Enseigne-Le-rire-de-larc-en-ciel-d\u00e9tail-1-300x208.jpg 300w, https:\/\/www.leriredelarcenciel.fr\/Blog\/wp-content\/uploads\/2020\/04\/Enseigne-Le-rire-de-larc-en-ciel-d\u00e9tail-1-768x533.jpg 768w, https:\/\/www.leriredelarcenciel.fr\/Blog\/wp-content\/uploads\/2020\/04\/Enseigne-Le-rire-de-larc-en-ciel-d\u00e9tail-1-1536x1067.jpg 1536w, https:\/\/www.leriredelarcenciel.fr\/Blog\/wp-content\/uploads\/2020\/04\/Enseigne-Le-rire-de-larc-en-ciel-d\u00e9tail-1-2048x1423.jpg 2048w, https:\/\/www.leriredelarcenciel.fr\/Blog\/wp-content\/uploads\/2020\/04\/Enseigne-Le-rire-de-larc-en-ciel-d\u00e9tail-1-216x150.jpg 216w\" sizes=\"auto, (max-width: 1024px) 100vw, 1024px\" \/><figcaption> D\u00e9tail d&rsquo;une enseigne <\/figcaption><\/figure>\n\n\n\n<p>Aujourd\u2019hui et malgr\u00e9 la belle lumi\u00e8re printani\u00e8re, j\u2019ai renonc\u00e9 \u00e0 prendre une photo de l\u2019atelier-boutique avec les 2 enseignes en place. D\u00e9sol\u00e9e\u2026 mais pour cela, je pr\u00e9f\u00e8re attendre que la boutique ait de nouveau la porte grande ouverte et que le mannequin soit pr\u00e8s de l\u2019entr\u00e9e pour vous accueillir, comme \u00e0 son habitude. D\u00e8s que ce sera possible, je vous promets de revenir pour ajouter la photo finale. Je vous donne donc rendez-vous ici \u00e0 la fin du confinement. <\/p>\n\n\n\n<p>En attendant, prenez soin de vous et \u00e0 bient\u00f4t&nbsp;!<\/p>\n\n\n\n<figure class=\"wp-block-image size-large\"><img loading=\"lazy\" decoding=\"async\" width=\"1024\" height=\"989\" data-attachment-id=\"5196\" data-permalink=\"https:\/\/www.leriredelarcenciel.fr\/Blog\/des-enseignes-toutes-neuves\/enseigne-le-rire-de-larc-en-ciel-detail-2\/\" data-orig-file=\"https:\/\/www.leriredelarcenciel.fr\/Blog\/wp-content\/uploads\/2020\/04\/Enseigne-Le-rire-de-larc-en-ciel-d\u00e9tail-2.jpg\" data-orig-size=\"1495,1444\" data-comments-opened=\"1\" data-image-meta=\"{&quot;aperture&quot;:&quot;0&quot;,&quot;credit&quot;:&quot;&quot;,&quot;camera&quot;:&quot;&quot;,&quot;caption&quot;:&quot;&quot;,&quot;created_timestamp&quot;:&quot;0&quot;,&quot;copyright&quot;:&quot;&quot;,&quot;focal_length&quot;:&quot;0&quot;,&quot;iso&quot;:&quot;0&quot;,&quot;shutter_speed&quot;:&quot;0&quot;,&quot;title&quot;:&quot;&quot;,&quot;orientation&quot;:&quot;0&quot;}\" data-image-title=\"Enseigne-Le-rire-de-larc-en-ciel-d\u00e9tail-2\" data-image-description=\"\" data-image-caption=\"\" data-medium-file=\"https:\/\/www.leriredelarcenciel.fr\/Blog\/wp-content\/uploads\/2020\/04\/Enseigne-Le-rire-de-larc-en-ciel-d\u00e9tail-2-300x290.jpg\" data-large-file=\"https:\/\/www.leriredelarcenciel.fr\/Blog\/wp-content\/uploads\/2020\/04\/Enseigne-Le-rire-de-larc-en-ciel-d\u00e9tail-2-1024x989.jpg\" src=\"https:\/\/www.leriredelarcenciel.fr\/Blog\/wp-content\/uploads\/2020\/04\/Enseigne-Le-rire-de-larc-en-ciel-d\u00e9tail-2-1024x989.jpg\" alt=\"\" class=\"wp-image-5196\" srcset=\"https:\/\/www.leriredelarcenciel.fr\/Blog\/wp-content\/uploads\/2020\/04\/Enseigne-Le-rire-de-larc-en-ciel-d\u00e9tail-2-1024x989.jpg 1024w, https:\/\/www.leriredelarcenciel.fr\/Blog\/wp-content\/uploads\/2020\/04\/Enseigne-Le-rire-de-larc-en-ciel-d\u00e9tail-2-300x290.jpg 300w, https:\/\/www.leriredelarcenciel.fr\/Blog\/wp-content\/uploads\/2020\/04\/Enseigne-Le-rire-de-larc-en-ciel-d\u00e9tail-2-768x742.jpg 768w, https:\/\/www.leriredelarcenciel.fr\/Blog\/wp-content\/uploads\/2020\/04\/Enseigne-Le-rire-de-larc-en-ciel-d\u00e9tail-2-174x168.jpg 174w, https:\/\/www.leriredelarcenciel.fr\/Blog\/wp-content\/uploads\/2020\/04\/Enseigne-Le-rire-de-larc-en-ciel-d\u00e9tail-2.jpg 1495w\" sizes=\"auto, (max-width: 1024px) 100vw, 1024px\" \/><figcaption> D\u00e9tail d&rsquo;une enseigne <\/figcaption><\/figure>\n\n\n\n<p class=\"has-text-align-center\">************************************************************************<\/p>\n\n\n\n<p>Aujourd&rsquo;hui, mardi 12 mai, d\u00e9confinement depuis hier !<\/p>\n\n\n\n<p>Comme promis, je reviens pour vous montrer les enseignes install\u00e9es sur la fa\u00e7ade de l&rsquo;atelier-boutique. <\/p>\n\n\n\n<figure class=\"wp-block-image size-large\"><img loading=\"lazy\" decoding=\"async\" width=\"1024\" height=\"680\" data-attachment-id=\"5248\" data-permalink=\"https:\/\/www.leriredelarcenciel.fr\/Blog\/des-enseignes-toutes-neuves\/facade-atelier-boutique-1\/\" data-orig-file=\"https:\/\/www.leriredelarcenciel.fr\/Blog\/wp-content\/uploads\/2020\/05\/Fa\u00e7ade-atelier-boutique-1-scaled.jpg\" data-orig-size=\"2560,1701\" data-comments-opened=\"1\" data-image-meta=\"{&quot;aperture&quot;:&quot;8&quot;,&quot;credit&quot;:&quot;&quot;,&quot;camera&quot;:&quot;NEX-F3&quot;,&quot;caption&quot;:&quot;&quot;,&quot;created_timestamp&quot;:&quot;1589298692&quot;,&quot;copyright&quot;:&quot;&quot;,&quot;focal_length&quot;:&quot;28&quot;,&quot;iso&quot;:&quot;200&quot;,&quot;shutter_speed&quot;:&quot;0.004&quot;,&quot;title&quot;:&quot;&quot;,&quot;orientation&quot;:&quot;1&quot;}\" data-image-title=\"Fa\u00e7ade-atelier-boutique-1\" data-image-description=\"\" data-image-caption=\"\" data-medium-file=\"https:\/\/www.leriredelarcenciel.fr\/Blog\/wp-content\/uploads\/2020\/05\/Fa\u00e7ade-atelier-boutique-1-300x199.jpg\" data-large-file=\"https:\/\/www.leriredelarcenciel.fr\/Blog\/wp-content\/uploads\/2020\/05\/Fa\u00e7ade-atelier-boutique-1-1024x680.jpg\" src=\"https:\/\/www.leriredelarcenciel.fr\/Blog\/wp-content\/uploads\/2020\/05\/Fa\u00e7ade-atelier-boutique-1-1024x680.jpg\" alt=\"\" class=\"wp-image-5248\" srcset=\"https:\/\/www.leriredelarcenciel.fr\/Blog\/wp-content\/uploads\/2020\/05\/Fa\u00e7ade-atelier-boutique-1-1024x680.jpg 1024w, https:\/\/www.leriredelarcenciel.fr\/Blog\/wp-content\/uploads\/2020\/05\/Fa\u00e7ade-atelier-boutique-1-300x199.jpg 300w, https:\/\/www.leriredelarcenciel.fr\/Blog\/wp-content\/uploads\/2020\/05\/Fa\u00e7ade-atelier-boutique-1-768x510.jpg 768w, https:\/\/www.leriredelarcenciel.fr\/Blog\/wp-content\/uploads\/2020\/05\/Fa\u00e7ade-atelier-boutique-1-1536x1021.jpg 1536w, https:\/\/www.leriredelarcenciel.fr\/Blog\/wp-content\/uploads\/2020\/05\/Fa\u00e7ade-atelier-boutique-1-2048x1361.jpg 2048w, https:\/\/www.leriredelarcenciel.fr\/Blog\/wp-content\/uploads\/2020\/05\/Fa\u00e7ade-atelier-boutique-1-216x144.jpg 216w\" sizes=\"auto, (max-width: 1024px) 100vw, 1024px\" \/><figcaption>L&rsquo;ensemble de la fa\u00e7ade<\/figcaption><\/figure>\n\n\n\n<figure class=\"wp-block-image size-large\"><img loading=\"lazy\" decoding=\"async\" width=\"680\" height=\"1024\" data-attachment-id=\"5249\" data-permalink=\"https:\/\/www.leriredelarcenciel.fr\/Blog\/des-enseignes-toutes-neuves\/facade-atelier-boutique-5\/\" data-orig-file=\"https:\/\/www.leriredelarcenciel.fr\/Blog\/wp-content\/uploads\/2020\/05\/Fa\u00e7ade-atelier-boutique-5-scaled.jpg\" data-orig-size=\"1701,2560\" data-comments-opened=\"1\" data-image-meta=\"{&quot;aperture&quot;:&quot;8&quot;,&quot;credit&quot;:&quot;&quot;,&quot;camera&quot;:&quot;NEX-F3&quot;,&quot;caption&quot;:&quot;&quot;,&quot;created_timestamp&quot;:&quot;1589298760&quot;,&quot;copyright&quot;:&quot;&quot;,&quot;focal_length&quot;:&quot;19&quot;,&quot;iso&quot;:&quot;200&quot;,&quot;shutter_speed&quot;:&quot;0.003125&quot;,&quot;title&quot;:&quot;&quot;,&quot;orientation&quot;:&quot;1&quot;}\" data-image-title=\"Fa\u00e7ade-atelier-boutique-5\" data-image-description=\"\" data-image-caption=\"\" data-medium-file=\"https:\/\/www.leriredelarcenciel.fr\/Blog\/wp-content\/uploads\/2020\/05\/Fa\u00e7ade-atelier-boutique-5-199x300.jpg\" data-large-file=\"https:\/\/www.leriredelarcenciel.fr\/Blog\/wp-content\/uploads\/2020\/05\/Fa\u00e7ade-atelier-boutique-5-680x1024.jpg\" src=\"https:\/\/www.leriredelarcenciel.fr\/Blog\/wp-content\/uploads\/2020\/05\/Fa\u00e7ade-atelier-boutique-5-680x1024.jpg\" alt=\"\" class=\"wp-image-5249\" srcset=\"https:\/\/www.leriredelarcenciel.fr\/Blog\/wp-content\/uploads\/2020\/05\/Fa\u00e7ade-atelier-boutique-5-680x1024.jpg 680w, https:\/\/www.leriredelarcenciel.fr\/Blog\/wp-content\/uploads\/2020\/05\/Fa\u00e7ade-atelier-boutique-5-199x300.jpg 199w, https:\/\/www.leriredelarcenciel.fr\/Blog\/wp-content\/uploads\/2020\/05\/Fa\u00e7ade-atelier-boutique-5-768x1156.jpg 768w, https:\/\/www.leriredelarcenciel.fr\/Blog\/wp-content\/uploads\/2020\/05\/Fa\u00e7ade-atelier-boutique-5-1021x1536.jpg 1021w, https:\/\/www.leriredelarcenciel.fr\/Blog\/wp-content\/uploads\/2020\/05\/Fa\u00e7ade-atelier-boutique-5-1361x2048.jpg 1361w, https:\/\/www.leriredelarcenciel.fr\/Blog\/wp-content\/uploads\/2020\/05\/Fa\u00e7ade-atelier-boutique-5-112x168.jpg 112w, https:\/\/www.leriredelarcenciel.fr\/Blog\/wp-content\/uploads\/2020\/05\/Fa\u00e7ade-atelier-boutique-5-scaled.jpg 1701w\" sizes=\"auto, (max-width: 680px) 100vw, 680px\" \/><figcaption>Un des 2 nouveaux panneaux install\u00e9s<\/figcaption><\/figure>\n\n\n\n<p><\/p>\n<a class=\"synved-social-button synved-social-button-share synved-social-size-24 synved-social-resolution-single synved-social-provider-facebook nolightbox\" data-provider=\"facebook\" target=\"_blank\" rel=\"nofollow\" title=\"Partager sur Facebook\" href=\"http:\/\/www.facebook.com\/sharer.php?u=https%3A%2F%2Fwww.leriredelarcenciel.fr%2FBlog%2Fwp-json%2Fwp%2Fv2%2Fposts%2F5193&#038;t=Des%20enseignes%20toutes%20neuves&#038;s=100&#038;p&#091;url&#093;=https%3A%2F%2Fwww.leriredelarcenciel.fr%2FBlog%2Fwp-json%2Fwp%2Fv2%2Fposts%2F5193&#038;p&#091;images&#093;&#091;0&#093;=http%3A%2F%2Fwww.leriredelarcenciel.fr%2FBlog%2Fwp-content%2Fuploads%2F2020%2F04%2FEnseignes-Le-rire-de-larc-en-ciel-1024x680.jpg&#038;p&#091;title&#093;=Des%20enseignes%20toutes%20neuves\" style=\"font-size: 0px;width:24px;height:24px;margin:0;margin-bottom:10px;margin-right:10px\"><img loading=\"lazy\" decoding=\"async\" alt=\"Facebook\" title=\"Partager sur Facebook\" class=\"synved-share-image synved-social-image synved-social-image-share\" width=\"24\" height=\"24\" style=\"display: inline;width:24px;height:24px;margin: 0;padding: 0;border: none;box-shadow: none\" src=\"https:\/\/www.leriredelarcenciel.fr\/Blog\/wp-content\/plugins\/social-media-feather\/synved-social\/image\/social\/regular\/48x48\/facebook.png\" \/><\/a><a class=\"synved-social-button synved-social-button-share synved-social-size-24 synved-social-resolution-single synved-social-provider-pinterest nolightbox\" data-provider=\"pinterest\" target=\"_blank\" rel=\"nofollow\" title=\"Epingler sur Pinterest\" href=\"https:\/\/pinterest.com\/pin\/create\/button\/?url=https%3A%2F%2Fwww.leriredelarcenciel.fr%2FBlog%2Fwp-json%2Fwp%2Fv2%2Fposts%2F5193&#038;media=http%3A%2F%2Fwww.leriredelarcenciel.fr%2FBlog%2Fwp-content%2Fuploads%2F2020%2F04%2FEnseignes-Le-rire-de-larc-en-ciel-1024x680.jpg&#038;description=Des%20enseignes%20toutes%20neuves\" style=\"font-size: 0px;width:24px;height:24px;margin:0;margin-bottom:10px;margin-right:10px\"><img loading=\"lazy\" decoding=\"async\" alt=\"pinterest\" title=\"Epingler sur Pinterest\" class=\"synved-share-image synved-social-image synved-social-image-share\" width=\"24\" height=\"24\" style=\"display: inline;width:24px;height:24px;margin: 0;padding: 0;border: none;box-shadow: none\" src=\"https:\/\/www.leriredelarcenciel.fr\/Blog\/wp-content\/plugins\/social-media-feather\/synved-social\/image\/social\/regular\/48x48\/pinterest.png\" \/><\/a><a class=\"synved-social-button synved-social-button-share synved-social-size-24 synved-social-resolution-single synved-social-provider-mail nolightbox\" data-provider=\"mail\" rel=\"nofollow\" title=\"Partager par email\" href=\"mailto:?subject=Des%20enseignes%20toutes%20neuves&#038;body=Le%20rire%20de%20l%27arc-en-ciel%20:%20https%3A%2F%2Fwww.leriredelarcenciel.fr%2FBlog%2Fwp-json%2Fwp%2Fv2%2Fposts%2F5193\" style=\"font-size: 0px;width:24px;height:24px;margin:0;margin-bottom:10px;margin-right:10px\"><img loading=\"lazy\" decoding=\"async\" alt=\"mail\" title=\"Partager par email\" class=\"synved-share-image synved-social-image synved-social-image-share\" width=\"24\" height=\"24\" style=\"display: inline;width:24px;height:24px;margin: 0;padding: 0;border: none;box-shadow: none\" src=\"https:\/\/www.leriredelarcenciel.fr\/Blog\/wp-content\/plugins\/social-media-feather\/synved-social\/image\/social\/regular\/48x48\/mail.png\" \/><\/a>","protected":false},"excerpt":{"rendered":"<p>La semaine derni\u00e8re, je vous parlais de la r\u00e9novation des panneaux du Rire de l\u2019arc-en-ciel que je fixe habituellement sur les 2 murs externes de ma boutique. Apr\u00e8s quelques s\u00e9ances de peinture et d\u2019\u00e9criture, voil\u00e0 2 enseignes toutes neuves, pr\u00eates \u00e0 \u00eatre mises en place. Plusieurs couches de vernis marin leur permettront de r\u00e9sister \u00e0 [&hellip;]<\/p>\n","protected":false},"author":1,"featured_media":0,"comment_status":"open","ping_status":"open","sticky":false,"template":"","format":"standard","meta":{"jetpack_post_was_ever_published":false,"_jetpack_newsletter_access":"","_jetpack_dont_email_post_to_subs":false,"_jetpack_newsletter_tier_id":0,"_jetpack_memberships_contains_paywalled_content":false,"_jetpack_memberships_contains_paid_content":false,"footnotes":"","jetpack_publicize_message":"","jetpack_publicize_feature_enabled":true,"jetpack_social_post_already_shared":true,"jetpack_social_options":{"image_generator_settings":{"template":"highway","default_image_id":0,"font":"","enabled":false},"version":2}},"categories":[4],"tags":[1556,744,1554,1555],"class_list":["post-5193","post","type-post","status-publish","format-standard","hentry","category-dans-un-coin-de-l-atelier","tag-boutique-artisanale-ile-grande","tag-enseigne-atelier-boutique","tag-panneau-enseigne-faite-maison","tag-panneau-peint-a-la-main"],"jetpack_publicize_connections":[],"jetpack_featured_media_url":"","jetpack_sharing_enabled":true,"jetpack_shortlink":"https:\/\/wp.me\/p4fKpm-1lL","_links":{"self":[{"href":"https:\/\/www.leriredelarcenciel.fr\/Blog\/wp-json\/wp\/v2\/posts\/5193","targetHints":{"allow":["GET"]}}],"collection":[{"href":"https:\/\/www.leriredelarcenciel.fr\/Blog\/wp-json\/wp\/v2\/posts"}],"about":[{"href":"https:\/\/www.leriredelarcenciel.fr\/Blog\/wp-json\/wp\/v2\/types\/post"}],"author":[{"embeddable":true,"href":"https:\/\/www.leriredelarcenciel.fr\/Blog\/wp-json\/wp\/v2\/users\/1"}],"replies":[{"embeddable":true,"href":"https:\/\/www.leriredelarcenciel.fr\/Blog\/wp-json\/wp\/v2\/comments?post=5193"}],"version-history":[{"count":2,"href":"https:\/\/www.leriredelarcenciel.fr\/Blog\/wp-json\/wp\/v2\/posts\/5193\/revisions"}],"predecessor-version":[{"id":5250,"href":"https:\/\/www.leriredelarcenciel.fr\/Blog\/wp-json\/wp\/v2\/posts\/5193\/revisions\/5250"}],"wp:attachment":[{"href":"https:\/\/www.leriredelarcenciel.fr\/Blog\/wp-json\/wp\/v2\/media?parent=5193"}],"wp:term":[{"taxonomy":"category","embeddable":true,"href":"https:\/\/www.leriredelarcenciel.fr\/Blog\/wp-json\/wp\/v2\/categories?post=5193"},{"taxonomy":"post_tag","embeddable":true,"href":"https:\/\/www.leriredelarcenciel.fr\/Blog\/wp-json\/wp\/v2\/tags?post=5193"}],"curies":[{"name":"wp","href":"https:\/\/api.w.org\/{rel}","templated":true}]}}