{"id":5179,"date":"2020-03-27T15:10:29","date_gmt":"2020-03-27T14:10:29","guid":{"rendered":"http:\/\/www.leriredelarcenciel.fr\/Blog\/?p=5179"},"modified":"2020-03-28T18:34:17","modified_gmt":"2020-03-28T17:34:17","slug":"les-enseignes-du-rire-de-larc-en-ciel-reprennent-des-couleurs","status":"publish","type":"post","link":"https:\/\/www.leriredelarcenciel.fr\/Blog\/les-enseignes-du-rire-de-larc-en-ciel-reprennent-des-couleurs\/","title":{"rendered":"Les enseignes du Rire de l\u2019arc-en-ciel reprennent des couleurs"},"content":{"rendered":"\n<p>Comme vous le savez d\u00e9j\u00e0 pour celles et ceux qui ont lu l\u2019<strong><em><a rel=\"noreferrer noopener\" aria-label=\" (s\u2019ouvre dans un nouvel onglet)\" href=\"https:\/\/www.leriredelarcenciel.fr\/Blog\/fermeture-exceptionnelle-de-la-boutique-le-rire-de-larc-en-ciel-a-lile-grande\/\" target=\"_blank\">article pr\u00e9c\u00e9dent<\/a> <\/em><\/strong>ou comme vous pouvez ais\u00e9ment vous en douter, mon atelier-boutique est actuellement ferm\u00e9 au public. Coronavirus oblige\u2026 Le travail que j\u2019effectue, m\u00eame s\u2019il continue dans l\u2019intimit\u00e9 et dans l\u2019attente de jours meilleurs, en est du coup modifi\u00e9. Cette parenth\u00e8se m\u2019a entre autre incit\u00e9e \u00e0 me pencher sur les 2 panneaux servant d\u2019enseignes \u00e0 ma boutique. Cela faisait d\u00e9j\u00e0 quelque temps que je m\u2019\u00e9tais promis de les rajeunir. Vous connaissez la petite phrase qui commence par&nbsp;\u00ab&nbsp;quand j\u2019aurai le temps&nbsp;\u00bb&nbsp;? Cette semaine, j\u2019ai \u00ab&nbsp;pris le temps&nbsp;\u00bb. Plus pr\u00e9cis\u00e9ment, j\u2019ai pris le taureau par les cornes ou plut\u00f4t le pinceau par le manche. <\/p>\n\n\n\n<figure class=\"wp-block-image size-large\"><img loading=\"lazy\" decoding=\"async\" width=\"1024\" height=\"680\" data-attachment-id=\"5180\" data-permalink=\"https:\/\/www.leriredelarcenciel.fr\/Blog\/les-enseignes-du-rire-de-larc-en-ciel-reprennent-des-couleurs\/enseignes-le-rire-de-larc-en-ciel-detail-1\/\" data-orig-file=\"https:\/\/www.leriredelarcenciel.fr\/Blog\/wp-content\/uploads\/2020\/03\/Enseignes-Le-rire-de-larc-en-ciel-d\u00e9tail-1-scaled.jpg\" data-orig-size=\"2560,1701\" data-comments-opened=\"1\" data-image-meta=\"{&quot;aperture&quot;:&quot;11&quot;,&quot;credit&quot;:&quot;&quot;,&quot;camera&quot;:&quot;NEX-F3&quot;,&quot;caption&quot;:&quot;&quot;,&quot;created_timestamp&quot;:&quot;1585311086&quot;,&quot;copyright&quot;:&quot;&quot;,&quot;focal_length&quot;:&quot;26&quot;,&quot;iso&quot;:&quot;3200&quot;,&quot;shutter_speed&quot;:&quot;0.033333333333333&quot;,&quot;title&quot;:&quot;&quot;,&quot;orientation&quot;:&quot;0&quot;}\" data-image-title=\"Enseignes-Le-rire-de-larc-en-ciel-d\u00e9tail-1\" data-image-description=\"\" data-image-caption=\"\" data-medium-file=\"https:\/\/www.leriredelarcenciel.fr\/Blog\/wp-content\/uploads\/2020\/03\/Enseignes-Le-rire-de-larc-en-ciel-d\u00e9tail-1-300x199.jpg\" data-large-file=\"https:\/\/www.leriredelarcenciel.fr\/Blog\/wp-content\/uploads\/2020\/03\/Enseignes-Le-rire-de-larc-en-ciel-d\u00e9tail-1-1024x680.jpg\" src=\"https:\/\/www.leriredelarcenciel.fr\/Blog\/wp-content\/uploads\/2020\/03\/Enseignes-Le-rire-de-larc-en-ciel-d\u00e9tail-1-1024x680.jpg\" alt=\"\" class=\"wp-image-5180\" srcset=\"https:\/\/www.leriredelarcenciel.fr\/Blog\/wp-content\/uploads\/2020\/03\/Enseignes-Le-rire-de-larc-en-ciel-d\u00e9tail-1-1024x680.jpg 1024w, https:\/\/www.leriredelarcenciel.fr\/Blog\/wp-content\/uploads\/2020\/03\/Enseignes-Le-rire-de-larc-en-ciel-d\u00e9tail-1-300x199.jpg 300w, https:\/\/www.leriredelarcenciel.fr\/Blog\/wp-content\/uploads\/2020\/03\/Enseignes-Le-rire-de-larc-en-ciel-d\u00e9tail-1-768x510.jpg 768w, https:\/\/www.leriredelarcenciel.fr\/Blog\/wp-content\/uploads\/2020\/03\/Enseignes-Le-rire-de-larc-en-ciel-d\u00e9tail-1-1536x1021.jpg 1536w, https:\/\/www.leriredelarcenciel.fr\/Blog\/wp-content\/uploads\/2020\/03\/Enseignes-Le-rire-de-larc-en-ciel-d\u00e9tail-1-2048x1361.jpg 2048w, https:\/\/www.leriredelarcenciel.fr\/Blog\/wp-content\/uploads\/2020\/03\/Enseignes-Le-rire-de-larc-en-ciel-d\u00e9tail-1-216x144.jpg 216w\" sizes=\"auto, (max-width: 1024px) 100vw, 1024px\" \/><figcaption><em>D\u00e9tail des nouvelles enseignes<\/em><\/figcaption><\/figure>\n\n\n\n<p>Le temps passe et les couleurs aussi. Outre la peinture \u00e9caill\u00e9e aux endroits o\u00f9 le vernis avait c\u00e9d\u00e9, le bleu des panneaux paraissait bien p\u00e2le compar\u00e9 \u00e0 la peinture qui patientait dans son pot. Les fleurs \u00e9taient fan\u00e9es, les \u00e9critures faisaient grise mine. Bref, rien de bien r\u00e9jouissant. <\/p>\n\n\n\n<figure class=\"wp-block-image size-large\"><img loading=\"lazy\" decoding=\"async\" width=\"680\" height=\"1024\" data-attachment-id=\"5181\" data-permalink=\"https:\/\/www.leriredelarcenciel.fr\/Blog\/les-enseignes-du-rire-de-larc-en-ciel-reprennent-des-couleurs\/enseignes-le-rire-de-larc-en-ciel-detail-2\/\" data-orig-file=\"https:\/\/www.leriredelarcenciel.fr\/Blog\/wp-content\/uploads\/2020\/03\/Enseignes-Le-rire-de-larc-en-ciel-d\u00e9tail-2-scaled.jpg\" data-orig-size=\"1701,2560\" data-comments-opened=\"1\" data-image-meta=\"{&quot;aperture&quot;:&quot;11&quot;,&quot;credit&quot;:&quot;&quot;,&quot;camera&quot;:&quot;NEX-F3&quot;,&quot;caption&quot;:&quot;&quot;,&quot;created_timestamp&quot;:&quot;1585311105&quot;,&quot;copyright&quot;:&quot;&quot;,&quot;focal_length&quot;:&quot;26&quot;,&quot;iso&quot;:&quot;3200&quot;,&quot;shutter_speed&quot;:&quot;0.05&quot;,&quot;title&quot;:&quot;&quot;,&quot;orientation&quot;:&quot;0&quot;}\" data-image-title=\"Enseignes-Le-rire-de-larc-en-ciel-d\u00e9tail-2\" data-image-description=\"\" data-image-caption=\"\" data-medium-file=\"https:\/\/www.leriredelarcenciel.fr\/Blog\/wp-content\/uploads\/2020\/03\/Enseignes-Le-rire-de-larc-en-ciel-d\u00e9tail-2-199x300.jpg\" data-large-file=\"https:\/\/www.leriredelarcenciel.fr\/Blog\/wp-content\/uploads\/2020\/03\/Enseignes-Le-rire-de-larc-en-ciel-d\u00e9tail-2-680x1024.jpg\" src=\"https:\/\/www.leriredelarcenciel.fr\/Blog\/wp-content\/uploads\/2020\/03\/Enseignes-Le-rire-de-larc-en-ciel-d\u00e9tail-2-680x1024.jpg\" alt=\"\" class=\"wp-image-5181\" srcset=\"https:\/\/www.leriredelarcenciel.fr\/Blog\/wp-content\/uploads\/2020\/03\/Enseignes-Le-rire-de-larc-en-ciel-d\u00e9tail-2-680x1024.jpg 680w, https:\/\/www.leriredelarcenciel.fr\/Blog\/wp-content\/uploads\/2020\/03\/Enseignes-Le-rire-de-larc-en-ciel-d\u00e9tail-2-199x300.jpg 199w, https:\/\/www.leriredelarcenciel.fr\/Blog\/wp-content\/uploads\/2020\/03\/Enseignes-Le-rire-de-larc-en-ciel-d\u00e9tail-2-768x1156.jpg 768w, https:\/\/www.leriredelarcenciel.fr\/Blog\/wp-content\/uploads\/2020\/03\/Enseignes-Le-rire-de-larc-en-ciel-d\u00e9tail-2-1021x1536.jpg 1021w, https:\/\/www.leriredelarcenciel.fr\/Blog\/wp-content\/uploads\/2020\/03\/Enseignes-Le-rire-de-larc-en-ciel-d\u00e9tail-2-1361x2048.jpg 1361w, https:\/\/www.leriredelarcenciel.fr\/Blog\/wp-content\/uploads\/2020\/03\/Enseignes-Le-rire-de-larc-en-ciel-d\u00e9tail-2-112x168.jpg 112w, https:\/\/www.leriredelarcenciel.fr\/Blog\/wp-content\/uploads\/2020\/03\/Enseignes-Le-rire-de-larc-en-ciel-d\u00e9tail-2-scaled.jpg 1701w\" sizes=\"auto, (max-width: 680px) 100vw, 680px\" \/><figcaption><em>D\u00e9tails des nouvelles enseignes<\/em><\/figcaption><\/figure>\n\n\n\n<p>Qui dit printemps dit renouveau, jusqu\u2019aux enseignes du Rire de l\u2019arc-en-ciel&nbsp;! Le bleu a donc repris de sa superbe et une v\u00e9g\u00e9tation toute pimpante a vu le jour.<\/p>\n\n\n\n<figure class=\"wp-block-image size-large\"><img loading=\"lazy\" decoding=\"async\" width=\"754\" height=\"1024\" data-attachment-id=\"5182\" data-permalink=\"https:\/\/www.leriredelarcenciel.fr\/Blog\/les-enseignes-du-rire-de-larc-en-ciel-reprennent-des-couleurs\/enseignes-le-rire-de-larc-en-ciel-entiere\/\" data-orig-file=\"https:\/\/www.leriredelarcenciel.fr\/Blog\/wp-content\/uploads\/2020\/03\/Enseignes-Le-rire-de-larc-en-ciel-enti\u00e8re-scaled.jpg\" data-orig-size=\"1886,2560\" data-comments-opened=\"1\" data-image-meta=\"{&quot;aperture&quot;:&quot;0&quot;,&quot;credit&quot;:&quot;&quot;,&quot;camera&quot;:&quot;&quot;,&quot;caption&quot;:&quot;&quot;,&quot;created_timestamp&quot;:&quot;0&quot;,&quot;copyright&quot;:&quot;&quot;,&quot;focal_length&quot;:&quot;0&quot;,&quot;iso&quot;:&quot;0&quot;,&quot;shutter_speed&quot;:&quot;0&quot;,&quot;title&quot;:&quot;&quot;,&quot;orientation&quot;:&quot;0&quot;}\" data-image-title=\"Enseignes-Le-rire-de-larc-en-ciel-enti\u00e8re\" data-image-description=\"\" data-image-caption=\"\" data-medium-file=\"https:\/\/www.leriredelarcenciel.fr\/Blog\/wp-content\/uploads\/2020\/03\/Enseignes-Le-rire-de-larc-en-ciel-enti\u00e8re-221x300.jpg\" data-large-file=\"https:\/\/www.leriredelarcenciel.fr\/Blog\/wp-content\/uploads\/2020\/03\/Enseignes-Le-rire-de-larc-en-ciel-enti\u00e8re-754x1024.jpg\" src=\"https:\/\/www.leriredelarcenciel.fr\/Blog\/wp-content\/uploads\/2020\/03\/Enseignes-Le-rire-de-larc-en-ciel-enti\u00e8re-754x1024.jpg\" alt=\"\" class=\"wp-image-5182\" srcset=\"https:\/\/www.leriredelarcenciel.fr\/Blog\/wp-content\/uploads\/2020\/03\/Enseignes-Le-rire-de-larc-en-ciel-enti\u00e8re-754x1024.jpg 754w, https:\/\/www.leriredelarcenciel.fr\/Blog\/wp-content\/uploads\/2020\/03\/Enseignes-Le-rire-de-larc-en-ciel-enti\u00e8re-221x300.jpg 221w, https:\/\/www.leriredelarcenciel.fr\/Blog\/wp-content\/uploads\/2020\/03\/Enseignes-Le-rire-de-larc-en-ciel-enti\u00e8re-768x1042.jpg 768w, https:\/\/www.leriredelarcenciel.fr\/Blog\/wp-content\/uploads\/2020\/03\/Enseignes-Le-rire-de-larc-en-ciel-enti\u00e8re-1132x1536.jpg 1132w, https:\/\/www.leriredelarcenciel.fr\/Blog\/wp-content\/uploads\/2020\/03\/Enseignes-Le-rire-de-larc-en-ciel-enti\u00e8re-1509x2048.jpg 1509w, https:\/\/www.leriredelarcenciel.fr\/Blog\/wp-content\/uploads\/2020\/03\/Enseignes-Le-rire-de-larc-en-ciel-enti\u00e8re-124x168.jpg 124w, https:\/\/www.leriredelarcenciel.fr\/Blog\/wp-content\/uploads\/2020\/03\/Enseignes-Le-rire-de-larc-en-ciel-enti\u00e8re-scaled.jpg 1886w\" sizes=\"auto, (max-width: 754px) 100vw, 754px\" \/><figcaption><em>Panneau entier en cours de finition<\/em><\/figcaption><\/figure>\n\n\n\n<p>Il me reste encore \u00e0 peindre le logo et \u00e0 inscrire le nom de la boutique. Je vais m\u2019y atteler d\u00e8s \u00e0 pr\u00e9sent. La semaine prochaine, des enseignes fra\u00eechement peintes devraient trouver leur place sur les murs de l\u2019atelier-boutique.<\/p>\n<a class=\"synved-social-button synved-social-button-share synved-social-size-24 synved-social-resolution-single synved-social-provider-facebook nolightbox\" data-provider=\"facebook\" target=\"_blank\" rel=\"nofollow\" title=\"Partager sur Facebook\" href=\"http:\/\/www.facebook.com\/sharer.php?u=https%3A%2F%2Fwww.leriredelarcenciel.fr%2FBlog%2Fwp-json%2Fwp%2Fv2%2Fposts%2F5179&#038;t=Les%20enseignes%20du%20Rire%20de%20l%E2%80%99arc-en-ciel%20reprennent%20des%20couleurs&#038;s=100&#038;p&#091;url&#093;=https%3A%2F%2Fwww.leriredelarcenciel.fr%2FBlog%2Fwp-json%2Fwp%2Fv2%2Fposts%2F5179&#038;p&#091;images&#093;&#091;0&#093;=http%3A%2F%2Fwww.leriredelarcenciel.fr%2FBlog%2Fwp-content%2Fuploads%2F2020%2F03%2FEnseignes-Le-rire-de-larc-en-ciel-d%C3%A9tail-1-1024x680.jpg&#038;p&#091;title&#093;=Les%20enseignes%20du%20Rire%20de%20l%E2%80%99arc-en-ciel%20reprennent%20des%20couleurs\" style=\"font-size: 0px;width:24px;height:24px;margin:0;margin-bottom:10px;margin-right:10px\"><img loading=\"lazy\" decoding=\"async\" alt=\"Facebook\" title=\"Partager sur Facebook\" class=\"synved-share-image synved-social-image synved-social-image-share\" width=\"24\" height=\"24\" style=\"display: inline;width:24px;height:24px;margin: 0;padding: 0;border: none;box-shadow: none\" src=\"https:\/\/www.leriredelarcenciel.fr\/Blog\/wp-content\/plugins\/social-media-feather\/synved-social\/image\/social\/regular\/48x48\/facebook.png\" \/><\/a><a class=\"synved-social-button synved-social-button-share synved-social-size-24 synved-social-resolution-single synved-social-provider-pinterest nolightbox\" data-provider=\"pinterest\" target=\"_blank\" rel=\"nofollow\" title=\"Epingler sur Pinterest\" href=\"https:\/\/pinterest.com\/pin\/create\/button\/?url=https%3A%2F%2Fwww.leriredelarcenciel.fr%2FBlog%2Fwp-json%2Fwp%2Fv2%2Fposts%2F5179&#038;media=http%3A%2F%2Fwww.leriredelarcenciel.fr%2FBlog%2Fwp-content%2Fuploads%2F2020%2F03%2FEnseignes-Le-rire-de-larc-en-ciel-d%C3%A9tail-1-1024x680.jpg&#038;description=Les%20enseignes%20du%20Rire%20de%20l%E2%80%99arc-en-ciel%20reprennent%20des%20couleurs\" style=\"font-size: 0px;width:24px;height:24px;margin:0;margin-bottom:10px;margin-right:10px\"><img loading=\"lazy\" decoding=\"async\" alt=\"pinterest\" title=\"Epingler sur Pinterest\" class=\"synved-share-image synved-social-image synved-social-image-share\" width=\"24\" height=\"24\" style=\"display: inline;width:24px;height:24px;margin: 0;padding: 0;border: none;box-shadow: none\" src=\"https:\/\/www.leriredelarcenciel.fr\/Blog\/wp-content\/plugins\/social-media-feather\/synved-social\/image\/social\/regular\/48x48\/pinterest.png\" \/><\/a><a class=\"synved-social-button synved-social-button-share synved-social-size-24 synved-social-resolution-single synved-social-provider-mail nolightbox\" data-provider=\"mail\" rel=\"nofollow\" title=\"Partager par email\" href=\"mailto:?subject=Les%20enseignes%20du%20Rire%20de%20l%E2%80%99arc-en-ciel%20reprennent%20des%20couleurs&#038;body=Le%20rire%20de%20l%27arc-en-ciel%20:%20https%3A%2F%2Fwww.leriredelarcenciel.fr%2FBlog%2Fwp-json%2Fwp%2Fv2%2Fposts%2F5179\" style=\"font-size: 0px;width:24px;height:24px;margin:0;margin-bottom:10px;margin-right:10px\"><img loading=\"lazy\" decoding=\"async\" alt=\"mail\" title=\"Partager par email\" class=\"synved-share-image synved-social-image synved-social-image-share\" width=\"24\" height=\"24\" style=\"display: inline;width:24px;height:24px;margin: 0;padding: 0;border: none;box-shadow: none\" src=\"https:\/\/www.leriredelarcenciel.fr\/Blog\/wp-content\/plugins\/social-media-feather\/synved-social\/image\/social\/regular\/48x48\/mail.png\" \/><\/a>","protected":false},"excerpt":{"rendered":"<p>Comme vous le savez d\u00e9j\u00e0 pour celles et ceux qui ont lu l\u2019article pr\u00e9c\u00e9dent ou comme vous pouvez ais\u00e9ment vous en douter, mon atelier-boutique est actuellement ferm\u00e9 au public. Coronavirus oblige\u2026 Le travail que j\u2019effectue, m\u00eame s\u2019il continue dans l\u2019intimit\u00e9 et dans l\u2019attente de jours meilleurs, en est du coup modifi\u00e9. Cette parenth\u00e8se m\u2019a entre [&hellip;]<\/p>\n","protected":false},"author":1,"featured_media":0,"comment_status":"open","ping_status":"open","sticky":false,"template":"","format":"standard","meta":{"jetpack_post_was_ever_published":false,"_jetpack_newsletter_access":"","_jetpack_dont_email_post_to_subs":false,"_jetpack_newsletter_tier_id":0,"_jetpack_memberships_contains_paywalled_content":false,"_jetpack_memberships_contains_paid_content":false,"footnotes":"","jetpack_publicize_message":"","jetpack_publicize_feature_enabled":true,"jetpack_social_post_already_shared":true,"jetpack_social_options":{"image_generator_settings":{"template":"highway","default_image_id":0,"font":"","enabled":false},"version":2}},"categories":[4],"tags":[1551,740,150],"class_list":["post-5179","post","type-post","status-publish","format-standard","hentry","category-dans-un-coin-de-l-atelier","tag-enseignes","tag-panneaux-exterieur-boutique","tag-peinture"],"jetpack_publicize_connections":[],"jetpack_featured_media_url":"","jetpack_sharing_enabled":true,"jetpack_shortlink":"https:\/\/wp.me\/p4fKpm-1lx","_links":{"self":[{"href":"https:\/\/www.leriredelarcenciel.fr\/Blog\/wp-json\/wp\/v2\/posts\/5179","targetHints":{"allow":["GET"]}}],"collection":[{"href":"https:\/\/www.leriredelarcenciel.fr\/Blog\/wp-json\/wp\/v2\/posts"}],"about":[{"href":"https:\/\/www.leriredelarcenciel.fr\/Blog\/wp-json\/wp\/v2\/types\/post"}],"author":[{"embeddable":true,"href":"https:\/\/www.leriredelarcenciel.fr\/Blog\/wp-json\/wp\/v2\/users\/1"}],"replies":[{"embeddable":true,"href":"https:\/\/www.leriredelarcenciel.fr\/Blog\/wp-json\/wp\/v2\/comments?post=5179"}],"version-history":[{"count":3,"href":"https:\/\/www.leriredelarcenciel.fr\/Blog\/wp-json\/wp\/v2\/posts\/5179\/revisions"}],"predecessor-version":[{"id":5186,"href":"https:\/\/www.leriredelarcenciel.fr\/Blog\/wp-json\/wp\/v2\/posts\/5179\/revisions\/5186"}],"wp:attachment":[{"href":"https:\/\/www.leriredelarcenciel.fr\/Blog\/wp-json\/wp\/v2\/media?parent=5179"}],"wp:term":[{"taxonomy":"category","embeddable":true,"href":"https:\/\/www.leriredelarcenciel.fr\/Blog\/wp-json\/wp\/v2\/categories?post=5179"},{"taxonomy":"post_tag","embeddable":true,"href":"https:\/\/www.leriredelarcenciel.fr\/Blog\/wp-json\/wp\/v2\/tags?post=5179"}],"curies":[{"name":"wp","href":"https:\/\/api.w.org\/{rel}","templated":true}]}}