{"id":5065,"date":"2019-12-12T12:02:25","date_gmt":"2019-12-12T11:02:25","guid":{"rendered":"http:\/\/www.leriredelarcenciel.fr\/Blog\/?p=5065"},"modified":"2019-12-12T12:02:29","modified_gmt":"2019-12-12T11:02:29","slug":"lespace-boutique-ou-la-valse-des-presentoirs","status":"publish","type":"post","link":"https:\/\/www.leriredelarcenciel.fr\/Blog\/lespace-boutique-ou-la-valse-des-presentoirs\/","title":{"rendered":"L\u2019espace boutique ou la valse des pr\u00e9sentoirs"},"content":{"rendered":"\n<p>D\u00e9but d\u00e9cembre, c\u2019\u00e9tait la grande valse des meubles et des pr\u00e9sentoirs \u00e0 la boutique du Rire de l\u2019arc-en-ciel \u00e0 l\u2019\u00cele Grande. C\u2019\u00e9tait pr\u00e9vu pour janvier mais l\u2019occasion a fait que\u2026 Je vous raconte toute l\u2019histoire.<\/p>\n\n\n\n<figure class=\"wp-block-image\"><a href=\"https:\/\/www.leriredelarcenciel.fr\/Blog\/wp-content\/uploads\/2019\/12\/1-Boutique.jpg\" target=\"_blank\" rel=\"noreferrer noopener\"><img loading=\"lazy\" decoding=\"async\" width=\"1024\" height=\"680\" data-attachment-id=\"5066\" data-permalink=\"https:\/\/www.leriredelarcenciel.fr\/Blog\/lespace-boutique-ou-la-valse-des-presentoirs\/1-boutique\/\" data-orig-file=\"https:\/\/www.leriredelarcenciel.fr\/Blog\/wp-content\/uploads\/2019\/12\/1-Boutique.jpg\" data-orig-size=\"4912,3264\" data-comments-opened=\"1\" data-image-meta=\"{&quot;aperture&quot;:&quot;3.5&quot;,&quot;credit&quot;:&quot;&quot;,&quot;camera&quot;:&quot;NEX-F3&quot;,&quot;caption&quot;:&quot;&quot;,&quot;created_timestamp&quot;:&quot;1575921394&quot;,&quot;copyright&quot;:&quot;&quot;,&quot;focal_length&quot;:&quot;18&quot;,&quot;iso&quot;:&quot;3200&quot;,&quot;shutter_speed&quot;:&quot;0.025&quot;,&quot;title&quot;:&quot;&quot;,&quot;orientation&quot;:&quot;1&quot;}\" data-image-title=\"1 &amp;#8211; Boutique\" data-image-description=\"\" data-image-caption=\"\" data-medium-file=\"https:\/\/www.leriredelarcenciel.fr\/Blog\/wp-content\/uploads\/2019\/12\/1-Boutique-300x199.jpg\" data-large-file=\"https:\/\/www.leriredelarcenciel.fr\/Blog\/wp-content\/uploads\/2019\/12\/1-Boutique-1024x680.jpg\" src=\"https:\/\/www.leriredelarcenciel.fr\/Blog\/wp-content\/uploads\/2019\/12\/1-Boutique-1024x680.jpg\" alt=\"La boutique Le rire de l'arc-en-ciel\" class=\"wp-image-5066\" srcset=\"https:\/\/www.leriredelarcenciel.fr\/Blog\/wp-content\/uploads\/2019\/12\/1-Boutique-1024x680.jpg 1024w, https:\/\/www.leriredelarcenciel.fr\/Blog\/wp-content\/uploads\/2019\/12\/1-Boutique-300x199.jpg 300w, https:\/\/www.leriredelarcenciel.fr\/Blog\/wp-content\/uploads\/2019\/12\/1-Boutique-768x510.jpg 768w, https:\/\/www.leriredelarcenciel.fr\/Blog\/wp-content\/uploads\/2019\/12\/1-Boutique-216x144.jpg 216w\" sizes=\"auto, (max-width: 1024px) 100vw, 1024px\" \/><\/a><figcaption>La boutique Le rire de l&rsquo;arc-en-ciel \u00ab\u00a0nouvelle version\u00a0\u00bb<\/figcaption><\/figure>\n\n\n\n<p>Au retour du march\u00e9 de No\u00ebl de Pleumeur-Bodou au tout d\u00e9but du mois de d\u00e9cembre, je m\u2019\u00e9tais promis de faire une vitrine de No\u00ebl. C\u2019\u00e9tait en effet le moment id\u00e9al puisque j\u2019avais vid\u00e9 l\u2019ancienne vitrine de ses cr\u00e9ations pour les installer sur mon stand d\u2019exposition. Lundi 2 d\u00e9cembre au matin, je me suis donc attel\u00e9e \u00e0 cette t\u00e2che.<\/p>\n\n\n\n<figure class=\"wp-block-image\"><a href=\"https:\/\/www.leriredelarcenciel.fr\/Blog\/wp-content\/uploads\/2019\/12\/2-Vitrine-1.jpg\" target=\"_blank\" rel=\"noreferrer noopener\"><img loading=\"lazy\" decoding=\"async\" width=\"680\" height=\"1024\" data-attachment-id=\"5068\" data-permalink=\"https:\/\/www.leriredelarcenciel.fr\/Blog\/lespace-boutique-ou-la-valse-des-presentoirs\/2-vitrine-2\/\" data-orig-file=\"https:\/\/www.leriredelarcenciel.fr\/Blog\/wp-content\/uploads\/2019\/12\/2-Vitrine-1.jpg\" data-orig-size=\"3264,4912\" data-comments-opened=\"1\" data-image-meta=\"{&quot;aperture&quot;:&quot;7.1&quot;,&quot;credit&quot;:&quot;&quot;,&quot;camera&quot;:&quot;NEX-F3&quot;,&quot;caption&quot;:&quot;&quot;,&quot;created_timestamp&quot;:&quot;1575633463&quot;,&quot;copyright&quot;:&quot;&quot;,&quot;focal_length&quot;:&quot;19&quot;,&quot;iso&quot;:&quot;1600&quot;,&quot;shutter_speed&quot;:&quot;0.016666666666667&quot;,&quot;title&quot;:&quot;&quot;,&quot;orientation&quot;:&quot;0&quot;}\" data-image-title=\"2 &amp;#8211; Vitrine\" data-image-description=\"\" data-image-caption=\"\" data-medium-file=\"https:\/\/www.leriredelarcenciel.fr\/Blog\/wp-content\/uploads\/2019\/12\/2-Vitrine-1-199x300.jpg\" data-large-file=\"https:\/\/www.leriredelarcenciel.fr\/Blog\/wp-content\/uploads\/2019\/12\/2-Vitrine-1-680x1024.jpg\" src=\"https:\/\/www.leriredelarcenciel.fr\/Blog\/wp-content\/uploads\/2019\/12\/2-Vitrine-1-680x1024.jpg\" alt=\"Vitrine de No\u00ebl vue de l'int\u00e9rieur de la boutique\" class=\"wp-image-5068\" srcset=\"https:\/\/www.leriredelarcenciel.fr\/Blog\/wp-content\/uploads\/2019\/12\/2-Vitrine-1-680x1024.jpg 680w, https:\/\/www.leriredelarcenciel.fr\/Blog\/wp-content\/uploads\/2019\/12\/2-Vitrine-1-199x300.jpg 199w, https:\/\/www.leriredelarcenciel.fr\/Blog\/wp-content\/uploads\/2019\/12\/2-Vitrine-1-768x1156.jpg 768w, https:\/\/www.leriredelarcenciel.fr\/Blog\/wp-content\/uploads\/2019\/12\/2-Vitrine-1-112x168.jpg 112w\" sizes=\"auto, (max-width: 680px) 100vw, 680px\" \/><\/a><figcaption>Vitrine de No\u00ebl vue de l&rsquo;int\u00e9rieur de la boutique<\/figcaption><\/figure>\n\n\n\n<p>Quand la vitrine a \u00e9t\u00e9 termin\u00e9e, il ne me restait plus qu\u2019\u00e0 vider mes caisses revenues du march\u00e9 de No\u00ebl et remplies de cr\u00e9ations, et \u00e0 remettre chaque chose \u00e0 sa place. Sauf que j\u2019ai eu envie de d\u00e9placer le paravent pendant qu\u2019il n\u2019y avait pas d\u2019article dessus. C\u2019\u00e9tait pr\u00e9vu et je m\u2019\u00e9tais promis d\u2019attendre le calme de janvier pour m\u2019en occuper. Mais l\u2019occasion \u00e9tait trop belle. Le paravent \u00e9tait vide, \u00e7a me paraissait si simple et si rapide \u00e0 faire. Il fallait juste d\u00e9placer un meuble qui g\u00eanait et pour cela \u00f4ter les pr\u00e9sentoirs qui \u00e9taient install\u00e9s dessus. <\/p>\n\n\n\n<div class=\"wp-block-image\"><figure class=\"aligncenter\"><a href=\"https:\/\/www.leriredelarcenciel.fr\/Blog\/wp-content\/uploads\/2019\/12\/3-Boutique-d\u00e9tail.jpg\" target=\"_blank\" rel=\"noreferrer noopener\"><img loading=\"lazy\" decoding=\"async\" width=\"199\" height=\"300\" data-attachment-id=\"5069\" data-permalink=\"https:\/\/www.leriredelarcenciel.fr\/Blog\/lespace-boutique-ou-la-valse-des-presentoirs\/3-boutique-detail\/\" data-orig-file=\"https:\/\/www.leriredelarcenciel.fr\/Blog\/wp-content\/uploads\/2019\/12\/3-Boutique-d\u00e9tail.jpg\" data-orig-size=\"3264,4912\" data-comments-opened=\"1\" data-image-meta=\"{&quot;aperture&quot;:&quot;7.1&quot;,&quot;credit&quot;:&quot;&quot;,&quot;camera&quot;:&quot;NEX-F3&quot;,&quot;caption&quot;:&quot;&quot;,&quot;created_timestamp&quot;:&quot;1575633294&quot;,&quot;copyright&quot;:&quot;&quot;,&quot;focal_length&quot;:&quot;19&quot;,&quot;iso&quot;:&quot;3200&quot;,&quot;shutter_speed&quot;:&quot;0.05&quot;,&quot;title&quot;:&quot;&quot;,&quot;orientation&quot;:&quot;0&quot;}\" data-image-title=\"3 &amp;#8211; Boutique d\u00e9tail\" data-image-description=\"\" data-image-caption=\"\" data-medium-file=\"https:\/\/www.leriredelarcenciel.fr\/Blog\/wp-content\/uploads\/2019\/12\/3-Boutique-d\u00e9tail-199x300.jpg\" data-large-file=\"https:\/\/www.leriredelarcenciel.fr\/Blog\/wp-content\/uploads\/2019\/12\/3-Boutique-d\u00e9tail-680x1024.jpg\" src=\"https:\/\/www.leriredelarcenciel.fr\/Blog\/wp-content\/uploads\/2019\/12\/3-Boutique-d\u00e9tail-199x300.jpg\" alt=\"D\u00e9tails de la boutique\" class=\"wp-image-5069\" srcset=\"https:\/\/www.leriredelarcenciel.fr\/Blog\/wp-content\/uploads\/2019\/12\/3-Boutique-d\u00e9tail-199x300.jpg 199w, https:\/\/www.leriredelarcenciel.fr\/Blog\/wp-content\/uploads\/2019\/12\/3-Boutique-d\u00e9tail-768x1156.jpg 768w, https:\/\/www.leriredelarcenciel.fr\/Blog\/wp-content\/uploads\/2019\/12\/3-Boutique-d\u00e9tail-680x1024.jpg 680w, https:\/\/www.leriredelarcenciel.fr\/Blog\/wp-content\/uploads\/2019\/12\/3-Boutique-d\u00e9tail-112x168.jpg 112w\" sizes=\"auto, (max-width: 199px) 100vw, 199px\" \/><\/a><figcaption>D\u00e9tails de la boutique \u00ab\u00a0nouvelle version\u00a0\u00bb<\/figcaption><\/figure><\/div>\n\n\n\n<div class=\"wp-block-image\"><figure class=\"aligncenter\"><a href=\"https:\/\/www.leriredelarcenciel.fr\/Blog\/wp-content\/uploads\/2019\/12\/4-Boutique-d\u00e9tail.jpg\" target=\"_blank\" rel=\"noreferrer noopener\"><img loading=\"lazy\" decoding=\"async\" width=\"199\" height=\"300\" data-attachment-id=\"5070\" data-permalink=\"https:\/\/www.leriredelarcenciel.fr\/Blog\/lespace-boutique-ou-la-valse-des-presentoirs\/4-boutique-detail\/\" data-orig-file=\"https:\/\/www.leriredelarcenciel.fr\/Blog\/wp-content\/uploads\/2019\/12\/4-Boutique-d\u00e9tail.jpg\" data-orig-size=\"3264,4912\" data-comments-opened=\"1\" data-image-meta=\"{&quot;aperture&quot;:&quot;7.1&quot;,&quot;credit&quot;:&quot;&quot;,&quot;camera&quot;:&quot;NEX-F3&quot;,&quot;caption&quot;:&quot;&quot;,&quot;created_timestamp&quot;:&quot;1575633358&quot;,&quot;copyright&quot;:&quot;&quot;,&quot;focal_length&quot;:&quot;19&quot;,&quot;iso&quot;:&quot;3200&quot;,&quot;shutter_speed&quot;:&quot;0.1&quot;,&quot;title&quot;:&quot;&quot;,&quot;orientation&quot;:&quot;0&quot;}\" data-image-title=\"4 &amp;#8211; Boutique d\u00e9tail\" data-image-description=\"\" data-image-caption=\"\" data-medium-file=\"https:\/\/www.leriredelarcenciel.fr\/Blog\/wp-content\/uploads\/2019\/12\/4-Boutique-d\u00e9tail-199x300.jpg\" data-large-file=\"https:\/\/www.leriredelarcenciel.fr\/Blog\/wp-content\/uploads\/2019\/12\/4-Boutique-d\u00e9tail-680x1024.jpg\" src=\"https:\/\/www.leriredelarcenciel.fr\/Blog\/wp-content\/uploads\/2019\/12\/4-Boutique-d\u00e9tail-199x300.jpg\" alt=\"D\u00e9tails de la boutique\" class=\"wp-image-5070\" srcset=\"https:\/\/www.leriredelarcenciel.fr\/Blog\/wp-content\/uploads\/2019\/12\/4-Boutique-d\u00e9tail-199x300.jpg 199w, https:\/\/www.leriredelarcenciel.fr\/Blog\/wp-content\/uploads\/2019\/12\/4-Boutique-d\u00e9tail-768x1156.jpg 768w, https:\/\/www.leriredelarcenciel.fr\/Blog\/wp-content\/uploads\/2019\/12\/4-Boutique-d\u00e9tail-680x1024.jpg 680w, https:\/\/www.leriredelarcenciel.fr\/Blog\/wp-content\/uploads\/2019\/12\/4-Boutique-d\u00e9tail-112x168.jpg 112w\" sizes=\"auto, (max-width: 199px) 100vw, 199px\" \/><\/a><figcaption> D\u00e9tails de la boutique \u00ab\u00a0nouvelle version\u00a0\u00bb<\/figcaption><\/figure><\/div>\n\n\n\n<p>Et puis, tout s&rsquo;est emball\u00e9 ! Le meuble enlev\u00e9 n\u2019a pas trouv\u00e9 sa place dans l\u2019espace vide laiss\u00e9 par le paravent. \u00c7a ne \u00ab collait \u00bb pas, ce n\u2019\u00e9tait pas \u00e0 mon go\u00fbt. J\u2019ai donc pouss\u00e9 d\u2019autres meubles et d\u2019autres pr\u00e9sentoirs et au final, au bout d\u2019une heure \u00e0 peine, l\u2019espace boutique ressemblait \u00e0 un grand chantier avec des meubles en travers, des pr\u00e9sentoirs en bataille ici ou l\u00e0&#8230; et les cr\u00e9ations qui attendaient toujours bien sagement dans les caisses.<\/p>\n\n\n\n<div class=\"wp-block-image\"><figure class=\"aligncenter\"><a href=\"https:\/\/www.leriredelarcenciel.fr\/Blog\/wp-content\/uploads\/2019\/12\/5-Boutique-d\u00e9tail.jpg\" target=\"_blank\" rel=\"noreferrer noopener\"><img loading=\"lazy\" decoding=\"async\" width=\"300\" height=\"199\" data-attachment-id=\"5071\" data-permalink=\"https:\/\/www.leriredelarcenciel.fr\/Blog\/lespace-boutique-ou-la-valse-des-presentoirs\/5-boutique-detail\/\" data-orig-file=\"https:\/\/www.leriredelarcenciel.fr\/Blog\/wp-content\/uploads\/2019\/12\/5-Boutique-d\u00e9tail.jpg\" data-orig-size=\"4912,3264\" data-comments-opened=\"1\" data-image-meta=\"{&quot;aperture&quot;:&quot;7.1&quot;,&quot;credit&quot;:&quot;&quot;,&quot;camera&quot;:&quot;NEX-F3&quot;,&quot;caption&quot;:&quot;&quot;,&quot;created_timestamp&quot;:&quot;1575633376&quot;,&quot;copyright&quot;:&quot;&quot;,&quot;focal_length&quot;:&quot;18&quot;,&quot;iso&quot;:&quot;3200&quot;,&quot;shutter_speed&quot;:&quot;0.076923076923077&quot;,&quot;title&quot;:&quot;&quot;,&quot;orientation&quot;:&quot;1&quot;}\" data-image-title=\"5 &amp;#8211; Boutique d\u00e9tail\" data-image-description=\"\" data-image-caption=\"\" data-medium-file=\"https:\/\/www.leriredelarcenciel.fr\/Blog\/wp-content\/uploads\/2019\/12\/5-Boutique-d\u00e9tail-300x199.jpg\" data-large-file=\"https:\/\/www.leriredelarcenciel.fr\/Blog\/wp-content\/uploads\/2019\/12\/5-Boutique-d\u00e9tail-1024x680.jpg\" src=\"https:\/\/www.leriredelarcenciel.fr\/Blog\/wp-content\/uploads\/2019\/12\/5-Boutique-d\u00e9tail-300x199.jpg\" alt=\"D\u00e9tails de la boutique\" class=\"wp-image-5071\" srcset=\"https:\/\/www.leriredelarcenciel.fr\/Blog\/wp-content\/uploads\/2019\/12\/5-Boutique-d\u00e9tail-300x199.jpg 300w, https:\/\/www.leriredelarcenciel.fr\/Blog\/wp-content\/uploads\/2019\/12\/5-Boutique-d\u00e9tail-768x510.jpg 768w, https:\/\/www.leriredelarcenciel.fr\/Blog\/wp-content\/uploads\/2019\/12\/5-Boutique-d\u00e9tail-1024x680.jpg 1024w, https:\/\/www.leriredelarcenciel.fr\/Blog\/wp-content\/uploads\/2019\/12\/5-Boutique-d\u00e9tail-216x144.jpg 216w\" sizes=\"auto, (max-width: 300px) 100vw, 300px\" \/><\/a><figcaption>D\u00e9tails de la boutique \u00ab\u00a0nouvelle version\u00a0\u00bb<\/figcaption><\/figure><\/div>\n\n\n\n<div class=\"wp-block-image\"><figure class=\"aligncenter\"><a href=\"https:\/\/www.leriredelarcenciel.fr\/Blog\/wp-content\/uploads\/2019\/12\/6-Boutique-d\u00e9tail.jpg\" target=\"_blank\" rel=\"noreferrer noopener\"><img loading=\"lazy\" decoding=\"async\" width=\"199\" height=\"300\" data-attachment-id=\"5072\" data-permalink=\"https:\/\/www.leriredelarcenciel.fr\/Blog\/lespace-boutique-ou-la-valse-des-presentoirs\/6-boutique-detail\/\" data-orig-file=\"https:\/\/www.leriredelarcenciel.fr\/Blog\/wp-content\/uploads\/2019\/12\/6-Boutique-d\u00e9tail.jpg\" data-orig-size=\"3264,4912\" data-comments-opened=\"1\" data-image-meta=\"{&quot;aperture&quot;:&quot;7.1&quot;,&quot;credit&quot;:&quot;&quot;,&quot;camera&quot;:&quot;NEX-F3&quot;,&quot;caption&quot;:&quot;&quot;,&quot;created_timestamp&quot;:&quot;1575633425&quot;,&quot;copyright&quot;:&quot;&quot;,&quot;focal_length&quot;:&quot;23&quot;,&quot;iso&quot;:&quot;3200&quot;,&quot;shutter_speed&quot;:&quot;0.066666666666667&quot;,&quot;title&quot;:&quot;&quot;,&quot;orientation&quot;:&quot;0&quot;}\" data-image-title=\"6 &amp;#8211; Boutique d\u00e9tail\" data-image-description=\"\" data-image-caption=\"\" data-medium-file=\"https:\/\/www.leriredelarcenciel.fr\/Blog\/wp-content\/uploads\/2019\/12\/6-Boutique-d\u00e9tail-199x300.jpg\" data-large-file=\"https:\/\/www.leriredelarcenciel.fr\/Blog\/wp-content\/uploads\/2019\/12\/6-Boutique-d\u00e9tail-680x1024.jpg\" src=\"https:\/\/www.leriredelarcenciel.fr\/Blog\/wp-content\/uploads\/2019\/12\/6-Boutique-d\u00e9tail-199x300.jpg\" alt=\"D\u00e9tails de la boutique\" class=\"wp-image-5072\" srcset=\"https:\/\/www.leriredelarcenciel.fr\/Blog\/wp-content\/uploads\/2019\/12\/6-Boutique-d\u00e9tail-199x300.jpg 199w, https:\/\/www.leriredelarcenciel.fr\/Blog\/wp-content\/uploads\/2019\/12\/6-Boutique-d\u00e9tail-768x1156.jpg 768w, https:\/\/www.leriredelarcenciel.fr\/Blog\/wp-content\/uploads\/2019\/12\/6-Boutique-d\u00e9tail-680x1024.jpg 680w, https:\/\/www.leriredelarcenciel.fr\/Blog\/wp-content\/uploads\/2019\/12\/6-Boutique-d\u00e9tail-112x168.jpg 112w\" sizes=\"auto, (max-width: 199px) 100vw, 199px\" \/><\/a><figcaption> D\u00e9tails de la boutique \u00ab\u00a0nouvelle version\u00a0\u00bb<\/figcaption><\/figure><\/div>\n\n\n\n<p>Bref, au bout du compte, meubles et pr\u00e9sentoirs ont trouv\u00e9\nleurs places d\u00e9finitives (enfin je pense) et j\u2019ai pu enfin vider les caisses. A\nquand la prochaine valse&nbsp;?<\/p>\n<a class=\"synved-social-button synved-social-button-share synved-social-size-24 synved-social-resolution-single synved-social-provider-facebook nolightbox\" data-provider=\"facebook\" target=\"_blank\" rel=\"nofollow\" title=\"Partager sur Facebook\" href=\"http:\/\/www.facebook.com\/sharer.php?u=https%3A%2F%2Fwww.leriredelarcenciel.fr%2FBlog%2Fwp-json%2Fwp%2Fv2%2Fposts%2F5065&#038;t=L%E2%80%99espace%20boutique%20ou%20la%20valse%20des%20pr%C3%A9sentoirs&#038;s=100&#038;p&#091;url&#093;=https%3A%2F%2Fwww.leriredelarcenciel.fr%2FBlog%2Fwp-json%2Fwp%2Fv2%2Fposts%2F5065&#038;p&#091;images&#093;&#091;0&#093;=http%3A%2F%2Fwww.leriredelarcenciel.fr%2FBlog%2Fwp-content%2Fuploads%2F2019%2F12%2F1-Boutique-1024x680.jpg&#038;p&#091;title&#093;=L%E2%80%99espace%20boutique%20ou%20la%20valse%20des%20pr%C3%A9sentoirs\" style=\"font-size: 0px;width:24px;height:24px;margin:0;margin-bottom:10px;margin-right:10px\"><img loading=\"lazy\" decoding=\"async\" alt=\"Facebook\" title=\"Partager sur Facebook\" class=\"synved-share-image synved-social-image synved-social-image-share\" width=\"24\" height=\"24\" style=\"display: inline;width:24px;height:24px;margin: 0;padding: 0;border: none;box-shadow: none\" src=\"https:\/\/www.leriredelarcenciel.fr\/Blog\/wp-content\/plugins\/social-media-feather\/synved-social\/image\/social\/regular\/48x48\/facebook.png\" \/><\/a><a class=\"synved-social-button synved-social-button-share synved-social-size-24 synved-social-resolution-single synved-social-provider-pinterest nolightbox\" data-provider=\"pinterest\" target=\"_blank\" rel=\"nofollow\" title=\"Epingler sur Pinterest\" href=\"https:\/\/pinterest.com\/pin\/create\/button\/?url=https%3A%2F%2Fwww.leriredelarcenciel.fr%2FBlog%2Fwp-json%2Fwp%2Fv2%2Fposts%2F5065&#038;media=http%3A%2F%2Fwww.leriredelarcenciel.fr%2FBlog%2Fwp-content%2Fuploads%2F2019%2F12%2F1-Boutique-1024x680.jpg&#038;description=L%E2%80%99espace%20boutique%20ou%20la%20valse%20des%20pr%C3%A9sentoirs\" style=\"font-size: 0px;width:24px;height:24px;margin:0;margin-bottom:10px;margin-right:10px\"><img loading=\"lazy\" decoding=\"async\" alt=\"pinterest\" title=\"Epingler sur Pinterest\" class=\"synved-share-image synved-social-image synved-social-image-share\" width=\"24\" height=\"24\" style=\"display: inline;width:24px;height:24px;margin: 0;padding: 0;border: none;box-shadow: none\" src=\"https:\/\/www.leriredelarcenciel.fr\/Blog\/wp-content\/plugins\/social-media-feather\/synved-social\/image\/social\/regular\/48x48\/pinterest.png\" \/><\/a><a class=\"synved-social-button synved-social-button-share synved-social-size-24 synved-social-resolution-single synved-social-provider-mail nolightbox\" data-provider=\"mail\" rel=\"nofollow\" title=\"Partager par email\" href=\"mailto:?subject=L%E2%80%99espace%20boutique%20ou%20la%20valse%20des%20pr%C3%A9sentoirs&#038;body=Le%20rire%20de%20l%27arc-en-ciel%20:%20https%3A%2F%2Fwww.leriredelarcenciel.fr%2FBlog%2Fwp-json%2Fwp%2Fv2%2Fposts%2F5065\" style=\"font-size: 0px;width:24px;height:24px;margin:0;margin-bottom:10px;margin-right:10px\"><img loading=\"lazy\" decoding=\"async\" alt=\"mail\" title=\"Partager par email\" class=\"synved-share-image synved-social-image synved-social-image-share\" width=\"24\" height=\"24\" style=\"display: inline;width:24px;height:24px;margin: 0;padding: 0;border: none;box-shadow: none\" src=\"https:\/\/www.leriredelarcenciel.fr\/Blog\/wp-content\/plugins\/social-media-feather\/synved-social\/image\/social\/regular\/48x48\/mail.png\" \/><\/a>","protected":false},"excerpt":{"rendered":"<p>D\u00e9but d\u00e9cembre, c\u2019\u00e9tait la grande valse des meubles et des pr\u00e9sentoirs \u00e0 la boutique du Rire de l\u2019arc-en-ciel \u00e0 l\u2019\u00cele Grande. C\u2019\u00e9tait pr\u00e9vu pour janvier mais l\u2019occasion a fait que\u2026 Je vous raconte toute l\u2019histoire. Au retour du march\u00e9 de No\u00ebl de Pleumeur-Bodou au tout d\u00e9but du mois de d\u00e9cembre, je m\u2019\u00e9tais promis de faire [&hellip;]<\/p>\n","protected":false},"author":1,"featured_media":0,"comment_status":"open","ping_status":"open","sticky":false,"template":"","format":"standard","meta":{"jetpack_post_was_ever_published":false,"_jetpack_newsletter_access":"","_jetpack_dont_email_post_to_subs":false,"_jetpack_newsletter_tier_id":0,"_jetpack_memberships_contains_paywalled_content":false,"_jetpack_memberships_contains_paid_content":false,"footnotes":"","jetpack_publicize_message":"","jetpack_publicize_feature_enabled":true,"jetpack_social_post_already_shared":true,"jetpack_social_options":{"image_generator_settings":{"template":"highway","default_image_id":0,"font":"","enabled":false},"version":2}},"categories":[4],"tags":[722,1498,1496,1495,1497],"class_list":["post-5065","post","type-post","status-publish","format-standard","hentry","category-dans-un-coin-de-l-atelier","tag-boutique-le-rire-de-larc-en-ciel","tag-demenagement-boutique","tag-espace-boutique","tag-nouveautes-boutique","tag-vitrine-noel"],"jetpack_publicize_connections":[],"jetpack_featured_media_url":"","jetpack_sharing_enabled":true,"jetpack_shortlink":"https:\/\/wp.me\/p4fKpm-1jH","_links":{"self":[{"href":"https:\/\/www.leriredelarcenciel.fr\/Blog\/wp-json\/wp\/v2\/posts\/5065","targetHints":{"allow":["GET"]}}],"collection":[{"href":"https:\/\/www.leriredelarcenciel.fr\/Blog\/wp-json\/wp\/v2\/posts"}],"about":[{"href":"https:\/\/www.leriredelarcenciel.fr\/Blog\/wp-json\/wp\/v2\/types\/post"}],"author":[{"embeddable":true,"href":"https:\/\/www.leriredelarcenciel.fr\/Blog\/wp-json\/wp\/v2\/users\/1"}],"replies":[{"embeddable":true,"href":"https:\/\/www.leriredelarcenciel.fr\/Blog\/wp-json\/wp\/v2\/comments?post=5065"}],"version-history":[{"count":2,"href":"https:\/\/www.leriredelarcenciel.fr\/Blog\/wp-json\/wp\/v2\/posts\/5065\/revisions"}],"predecessor-version":[{"id":5074,"href":"https:\/\/www.leriredelarcenciel.fr\/Blog\/wp-json\/wp\/v2\/posts\/5065\/revisions\/5074"}],"wp:attachment":[{"href":"https:\/\/www.leriredelarcenciel.fr\/Blog\/wp-json\/wp\/v2\/media?parent=5065"}],"wp:term":[{"taxonomy":"category","embeddable":true,"href":"https:\/\/www.leriredelarcenciel.fr\/Blog\/wp-json\/wp\/v2\/categories?post=5065"},{"taxonomy":"post_tag","embeddable":true,"href":"https:\/\/www.leriredelarcenciel.fr\/Blog\/wp-json\/wp\/v2\/tags?post=5065"}],"curies":[{"name":"wp","href":"https:\/\/api.w.org\/{rel}","templated":true}]}}