{"id":5054,"date":"2019-12-05T10:31:45","date_gmt":"2019-12-05T09:31:45","guid":{"rendered":"http:\/\/www.leriredelarcenciel.fr\/Blog\/?p=5054"},"modified":"2019-12-05T10:36:24","modified_gmt":"2019-12-05T09:36:24","slug":"latelier-boutik","status":"publish","type":"post","link":"https:\/\/www.leriredelarcenciel.fr\/Blog\/latelier-boutik\/","title":{"rendered":"L\u2019Atelier Boutik"},"content":{"rendered":"\n<p>Aujourd\u2019hui, je vous emm\u00e8ne \u00e0 l\u2019Atelier Boutik, \u00e0 l\u2019\u00cele Grande. Ce sera pour vous l\u2019occasion de d\u00e9couvrir les sympathiques personnes qui animent ce lieu et la diversit\u00e9 de leurs cr\u00e9ations. <\/p>\n\n\n\n<figure class=\"wp-block-image\"><a href=\"https:\/\/www.leriredelarcenciel.fr\/Blog\/wp-content\/uploads\/2019\/12\/LAtelier-Boutik-carte-de-visite.jpg\" target=\"_blank\" rel=\"noreferrer noopener\"><img loading=\"lazy\" decoding=\"async\" width=\"960\" height=\"642\" data-attachment-id=\"5055\" data-permalink=\"https:\/\/www.leriredelarcenciel.fr\/Blog\/latelier-boutik\/latelier-boutik-carte-de-visite\/\" data-orig-file=\"https:\/\/www.leriredelarcenciel.fr\/Blog\/wp-content\/uploads\/2019\/12\/LAtelier-Boutik-carte-de-visite.jpg\" data-orig-size=\"960,642\" data-comments-opened=\"1\" data-image-meta=\"{&quot;aperture&quot;:&quot;0&quot;,&quot;credit&quot;:&quot;&quot;,&quot;camera&quot;:&quot;&quot;,&quot;caption&quot;:&quot;&quot;,&quot;created_timestamp&quot;:&quot;0&quot;,&quot;copyright&quot;:&quot;&quot;,&quot;focal_length&quot;:&quot;0&quot;,&quot;iso&quot;:&quot;0&quot;,&quot;shutter_speed&quot;:&quot;0&quot;,&quot;title&quot;:&quot;&quot;,&quot;orientation&quot;:&quot;0&quot;}\" data-image-title=\"L&amp;rsquo;Atelier Boutik carte de visite\" data-image-description=\"\" data-image-caption=\"\" data-medium-file=\"https:\/\/www.leriredelarcenciel.fr\/Blog\/wp-content\/uploads\/2019\/12\/LAtelier-Boutik-carte-de-visite-300x201.jpg\" data-large-file=\"https:\/\/www.leriredelarcenciel.fr\/Blog\/wp-content\/uploads\/2019\/12\/LAtelier-Boutik-carte-de-visite.jpg\" src=\"https:\/\/www.leriredelarcenciel.fr\/Blog\/wp-content\/uploads\/2019\/12\/LAtelier-Boutik-carte-de-visite.jpg\" alt=\"Carte de visite de l'Atelier Boutik\" class=\"wp-image-5055\" srcset=\"https:\/\/www.leriredelarcenciel.fr\/Blog\/wp-content\/uploads\/2019\/12\/LAtelier-Boutik-carte-de-visite.jpg 960w, https:\/\/www.leriredelarcenciel.fr\/Blog\/wp-content\/uploads\/2019\/12\/LAtelier-Boutik-carte-de-visite-300x201.jpg 300w, https:\/\/www.leriredelarcenciel.fr\/Blog\/wp-content\/uploads\/2019\/12\/LAtelier-Boutik-carte-de-visite-768x514.jpg 768w, https:\/\/www.leriredelarcenciel.fr\/Blog\/wp-content\/uploads\/2019\/12\/LAtelier-Boutik-carte-de-visite-216x144.jpg 216w\" sizes=\"auto, (max-width: 960px) 100vw, 960px\" \/><\/a><\/figure>\n\n\n\n<p><strong>Bonjour \u00e0 toutes&nbsp;! Que\npouvez-vous nous dire sur l\u2019Atelier Boutik&nbsp;?<\/strong><\/p>\n\n\n\n<p>L\u2019Atelier Boutik est une boutique proposant le travail de 4 personnes. Chacune a son propre domaine.<\/p>\n\n\n\n<figure class=\"wp-block-image\"><a href=\"https:\/\/www.leriredelarcenciel.fr\/Blog\/wp-content\/uploads\/2019\/12\/Mam-Joss.jpg\" target=\"_blank\" rel=\"noreferrer noopener\"><img loading=\"lazy\" decoding=\"async\" width=\"1024\" height=\"576\" data-attachment-id=\"5056\" data-permalink=\"https:\/\/www.leriredelarcenciel.fr\/Blog\/latelier-boutik\/mam-joss\/\" data-orig-file=\"https:\/\/www.leriredelarcenciel.fr\/Blog\/wp-content\/uploads\/2019\/12\/Mam-Joss.jpg\" data-orig-size=\"1280,720\" data-comments-opened=\"1\" data-image-meta=\"{&quot;aperture&quot;:&quot;0&quot;,&quot;credit&quot;:&quot;&quot;,&quot;camera&quot;:&quot;&quot;,&quot;caption&quot;:&quot;&quot;,&quot;created_timestamp&quot;:&quot;0&quot;,&quot;copyright&quot;:&quot;&quot;,&quot;focal_length&quot;:&quot;0&quot;,&quot;iso&quot;:&quot;0&quot;,&quot;shutter_speed&quot;:&quot;0&quot;,&quot;title&quot;:&quot;&quot;,&quot;orientation&quot;:&quot;0&quot;}\" data-image-title=\"Mam Joss\" data-image-description=\"\" data-image-caption=\"\" data-medium-file=\"https:\/\/www.leriredelarcenciel.fr\/Blog\/wp-content\/uploads\/2019\/12\/Mam-Joss-300x169.jpg\" data-large-file=\"https:\/\/www.leriredelarcenciel.fr\/Blog\/wp-content\/uploads\/2019\/12\/Mam-Joss-1024x576.jpg\" src=\"https:\/\/www.leriredelarcenciel.fr\/Blog\/wp-content\/uploads\/2019\/12\/Mam-Joss-1024x576.jpg\" alt=\"Cr\u00e9ations Mam'Joss\" class=\"wp-image-5056\" srcset=\"https:\/\/www.leriredelarcenciel.fr\/Blog\/wp-content\/uploads\/2019\/12\/Mam-Joss-1024x576.jpg 1024w, https:\/\/www.leriredelarcenciel.fr\/Blog\/wp-content\/uploads\/2019\/12\/Mam-Joss-300x169.jpg 300w, https:\/\/www.leriredelarcenciel.fr\/Blog\/wp-content\/uploads\/2019\/12\/Mam-Joss-768x432.jpg 768w, https:\/\/www.leriredelarcenciel.fr\/Blog\/wp-content\/uploads\/2019\/12\/Mam-Joss-216x122.jpg 216w, https:\/\/www.leriredelarcenciel.fr\/Blog\/wp-content\/uploads\/2019\/12\/Mam-Joss.jpg 1280w\" sizes=\"auto, (max-width: 1024px) 100vw, 1024px\" \/><\/a><figcaption> Mam&rsquo;Joss <\/figcaption><\/figure>\n\n\n\n<p>Mam&rsquo;Joss : le tricot, bonnets, mitaines, ch\u00e2les, layette&#8230;. <\/p>\n\n\n\n<figure class=\"wp-block-image\"><a href=\"https:\/\/www.leriredelarcenciel.fr\/Blog\/wp-content\/uploads\/2019\/12\/M\u00e9li-M\u00e9lo.jpg\" target=\"_blank\" rel=\"noreferrer noopener\"><img loading=\"lazy\" decoding=\"async\" width=\"1024\" height=\"576\" data-attachment-id=\"5057\" data-permalink=\"https:\/\/www.leriredelarcenciel.fr\/Blog\/latelier-boutik\/meli-melo\/\" data-orig-file=\"https:\/\/www.leriredelarcenciel.fr\/Blog\/wp-content\/uploads\/2019\/12\/M\u00e9li-M\u00e9lo.jpg\" data-orig-size=\"1280,720\" data-comments-opened=\"1\" data-image-meta=\"{&quot;aperture&quot;:&quot;0&quot;,&quot;credit&quot;:&quot;&quot;,&quot;camera&quot;:&quot;&quot;,&quot;caption&quot;:&quot;&quot;,&quot;created_timestamp&quot;:&quot;0&quot;,&quot;copyright&quot;:&quot;&quot;,&quot;focal_length&quot;:&quot;0&quot;,&quot;iso&quot;:&quot;0&quot;,&quot;shutter_speed&quot;:&quot;0&quot;,&quot;title&quot;:&quot;&quot;,&quot;orientation&quot;:&quot;0&quot;}\" data-image-title=\"M\u00e9li M\u00e9lo\" data-image-description=\"\" data-image-caption=\"\" data-medium-file=\"https:\/\/www.leriredelarcenciel.fr\/Blog\/wp-content\/uploads\/2019\/12\/M\u00e9li-M\u00e9lo-300x169.jpg\" data-large-file=\"https:\/\/www.leriredelarcenciel.fr\/Blog\/wp-content\/uploads\/2019\/12\/M\u00e9li-M\u00e9lo-1024x576.jpg\" src=\"https:\/\/www.leriredelarcenciel.fr\/Blog\/wp-content\/uploads\/2019\/12\/M\u00e9li-M\u00e9lo-1024x576.jpg\" alt=\"Cr\u00e9ations Au Meli M\u00e9lo\" class=\"wp-image-5057\" srcset=\"https:\/\/www.leriredelarcenciel.fr\/Blog\/wp-content\/uploads\/2019\/12\/M\u00e9li-M\u00e9lo-1024x576.jpg 1024w, https:\/\/www.leriredelarcenciel.fr\/Blog\/wp-content\/uploads\/2019\/12\/M\u00e9li-M\u00e9lo-300x169.jpg 300w, https:\/\/www.leriredelarcenciel.fr\/Blog\/wp-content\/uploads\/2019\/12\/M\u00e9li-M\u00e9lo-768x432.jpg 768w, https:\/\/www.leriredelarcenciel.fr\/Blog\/wp-content\/uploads\/2019\/12\/M\u00e9li-M\u00e9lo-216x122.jpg 216w, https:\/\/www.leriredelarcenciel.fr\/Blog\/wp-content\/uploads\/2019\/12\/M\u00e9li-M\u00e9lo.jpg 1280w\" sizes=\"auto, (max-width: 1024px) 100vw, 1024px\" \/><\/a><figcaption> Au Meli M\u00e9lo <\/figcaption><\/figure>\n\n\n\n<p>Au Meli M\u00e9lo : bijoux, bois flott\u00e9, plantes&#8230;<\/p>\n\n\n\n<figure class=\"wp-block-image\"><a href=\"https:\/\/www.leriredelarcenciel.fr\/Blog\/wp-content\/uploads\/2019\/12\/Coton-Organza.jpg\" target=\"_blank\" rel=\"noreferrer noopener\"><img loading=\"lazy\" decoding=\"async\" width=\"1024\" height=\"576\" data-attachment-id=\"5058\" data-permalink=\"https:\/\/www.leriredelarcenciel.fr\/Blog\/latelier-boutik\/coton-organza\/\" data-orig-file=\"https:\/\/www.leriredelarcenciel.fr\/Blog\/wp-content\/uploads\/2019\/12\/Coton-Organza.jpg\" data-orig-size=\"1280,720\" data-comments-opened=\"1\" data-image-meta=\"{&quot;aperture&quot;:&quot;0&quot;,&quot;credit&quot;:&quot;&quot;,&quot;camera&quot;:&quot;&quot;,&quot;caption&quot;:&quot;&quot;,&quot;created_timestamp&quot;:&quot;0&quot;,&quot;copyright&quot;:&quot;&quot;,&quot;focal_length&quot;:&quot;0&quot;,&quot;iso&quot;:&quot;0&quot;,&quot;shutter_speed&quot;:&quot;0&quot;,&quot;title&quot;:&quot;&quot;,&quot;orientation&quot;:&quot;0&quot;}\" data-image-title=\"Coton &amp;#038; Organza\" data-image-description=\"\" data-image-caption=\"\" data-medium-file=\"https:\/\/www.leriredelarcenciel.fr\/Blog\/wp-content\/uploads\/2019\/12\/Coton-Organza-300x169.jpg\" data-large-file=\"https:\/\/www.leriredelarcenciel.fr\/Blog\/wp-content\/uploads\/2019\/12\/Coton-Organza-1024x576.jpg\" src=\"https:\/\/www.leriredelarcenciel.fr\/Blog\/wp-content\/uploads\/2019\/12\/Coton-Organza-1024x576.jpg\" alt=\"Cr\u00e9ations Coton &amp; Organza\" class=\"wp-image-5058\" srcset=\"https:\/\/www.leriredelarcenciel.fr\/Blog\/wp-content\/uploads\/2019\/12\/Coton-Organza-1024x576.jpg 1024w, https:\/\/www.leriredelarcenciel.fr\/Blog\/wp-content\/uploads\/2019\/12\/Coton-Organza-300x169.jpg 300w, https:\/\/www.leriredelarcenciel.fr\/Blog\/wp-content\/uploads\/2019\/12\/Coton-Organza-768x432.jpg 768w, https:\/\/www.leriredelarcenciel.fr\/Blog\/wp-content\/uploads\/2019\/12\/Coton-Organza-216x122.jpg 216w, https:\/\/www.leriredelarcenciel.fr\/Blog\/wp-content\/uploads\/2019\/12\/Coton-Organza.jpg 1280w\" sizes=\"auto, (max-width: 1024px) 100vw, 1024px\" \/><\/a><figcaption> Coton &amp; Organza <\/figcaption><\/figure>\n\n\n\n<p>Coton &amp; Organza : cr\u00e9ations textiles, d\u00eenette en feutrine, produits \u00e9co tex&#8230;.<\/p>\n\n\n\n<figure class=\"wp-block-image\"><a href=\"https:\/\/www.leriredelarcenciel.fr\/Blog\/wp-content\/uploads\/2019\/12\/Miss-Yanta.jpg\" target=\"_blank\" rel=\"noreferrer noopener\"><img loading=\"lazy\" decoding=\"async\" width=\"1024\" height=\"576\" data-attachment-id=\"5059\" data-permalink=\"https:\/\/www.leriredelarcenciel.fr\/Blog\/latelier-boutik\/miss-yanta\/\" data-orig-file=\"https:\/\/www.leriredelarcenciel.fr\/Blog\/wp-content\/uploads\/2019\/12\/Miss-Yanta.jpg\" data-orig-size=\"1280,720\" data-comments-opened=\"1\" data-image-meta=\"{&quot;aperture&quot;:&quot;0&quot;,&quot;credit&quot;:&quot;&quot;,&quot;camera&quot;:&quot;&quot;,&quot;caption&quot;:&quot;&quot;,&quot;created_timestamp&quot;:&quot;0&quot;,&quot;copyright&quot;:&quot;&quot;,&quot;focal_length&quot;:&quot;0&quot;,&quot;iso&quot;:&quot;0&quot;,&quot;shutter_speed&quot;:&quot;0&quot;,&quot;title&quot;:&quot;&quot;,&quot;orientation&quot;:&quot;0&quot;}\" data-image-title=\"Miss Yanta\" data-image-description=\"\" data-image-caption=\"\" data-medium-file=\"https:\/\/www.leriredelarcenciel.fr\/Blog\/wp-content\/uploads\/2019\/12\/Miss-Yanta-300x169.jpg\" data-large-file=\"https:\/\/www.leriredelarcenciel.fr\/Blog\/wp-content\/uploads\/2019\/12\/Miss-Yanta-1024x576.jpg\" src=\"https:\/\/www.leriredelarcenciel.fr\/Blog\/wp-content\/uploads\/2019\/12\/Miss-Yanta-1024x576.jpg\" alt=\"Cr\u00e9ations Miss Yanta\" class=\"wp-image-5059\" srcset=\"https:\/\/www.leriredelarcenciel.fr\/Blog\/wp-content\/uploads\/2019\/12\/Miss-Yanta-1024x576.jpg 1024w, https:\/\/www.leriredelarcenciel.fr\/Blog\/wp-content\/uploads\/2019\/12\/Miss-Yanta-300x169.jpg 300w, https:\/\/www.leriredelarcenciel.fr\/Blog\/wp-content\/uploads\/2019\/12\/Miss-Yanta-768x432.jpg 768w, https:\/\/www.leriredelarcenciel.fr\/Blog\/wp-content\/uploads\/2019\/12\/Miss-Yanta-216x122.jpg 216w, https:\/\/www.leriredelarcenciel.fr\/Blog\/wp-content\/uploads\/2019\/12\/Miss-Yanta.jpg 1280w\" sizes=\"auto, (max-width: 1024px) 100vw, 1024px\" \/><\/a><figcaption> Miss Yanta <\/figcaption><\/figure>\n\n\n\n<p>Miss Yanta : peinture sur textile, sacs, pochettes, bijoux et (nouveau) cr\u00e9ation de savon&#8230;<\/p>\n\n\n\n<p><strong>O\u00f9 peut-on vous rencontrer et\nd\u00e9couvrir vos cr\u00e9ations&nbsp;?<\/strong><\/p>\n\n\n\n<p>A l\u2019Atelier Boutik <\/p>\n\n\n\n<ul class=\"wp-block-list\"><li>Adresse\u00a0: <a href=\"https:\/\/www.google.com\/maps\/place\/16+Rue+des+%C3%8Eles,+22343+Pleumeur-Bodou\/@48.8002134,-3.5761684,17z\/data=!3m1!4b1!4m5!3m4!1s0x4813d2ec10a20aaf:0x2a0b50d04545f3c4!8m2!3d48.8002134!4d-3.5739797\"><em>16 rue des \u00celes &#8211; 22560 \u00cele Grande<\/em><\/a> <\/li><li>Horaires : de 10h \u00e0 12h et de 14h \u00e0 18h30 du lundi au dimanche<\/li><li>D&rsquo;avril \u00e0 fin septembre, rendez-vous sur la plage de Tresmeur \u00e0 Trebeurden o\u00f9 vous retrouverez Am\u00e9lie dans le chalet<\/li><\/ul>\n\n\n\n<p>Dates\net lieux des expos et march\u00e9s \u00e0 venir&nbsp;: <\/p>\n\n\n\n<ul class=\"wp-block-list\"><li>A Lannion, aux Ursulines le 15 d\u00e9cembre<\/li><li>A Trebeurden, place Crech&rsquo;Hery les 20\/21\/22 d\u00e9cembre<\/li><\/ul>\n\n\n\n<p>Fb\u00a0: <a href=\"https:\/\/www.facebook.com\/LAtelierboutik\/\"><em>L&rsquo;Atelier Boutik<\/em><\/a><\/p>\n\n\n\n<p>Merci\nd\u2019avoir pris sur votre temps pour r\u00e9pondre \u00e0 ces questions, surtout \u00e0 cette\np\u00e9riode dense de pr\u00e9paration des f\u00eates de fin d\u2019ann\u00e9e. A bient\u00f4t, \u00e0 votre\nAtelier Boutik ou sur un prochain march\u00e9&nbsp;!<\/p>\n\n\n\n<p>Apr\u00e8s\nla lecture de cet article, j\u2019esp\u00e8re que vous avez h\u00e2te de rendre visite \u00e0 ces 4\ncr\u00e9atrices. Je suis certaine que vous trouverez \u00e0 L\u2019Atelier Boutik des id\u00e9es de\ncadeaux pour No\u00ebl. Alors n\u2019h\u00e9sitez pas&nbsp;!<\/p>\n\n\n\n<p><strong>Pour joindre L\u2019Atelier\nBoutik&nbsp;:<\/strong><strong><\/strong><\/p>\n\n\n\n<ul class=\"wp-block-list\"><li>Par mail\u00a0: <a href=\"mailto:j.lecalvez279@laposte.net\"><em>j.lecalvez279@laposte.net<\/em><\/a> ou <a href=\"mailto:melie5786@Hotmail.fr\"><em>melie5786@Hotmail.fr<\/em><\/a><\/li><li>Par t\u00e9l\u00e9phone\u00a0:\u00a006 14 24 20 82 ou 06 21 88 40 74<\/li><\/ul>\n<a class=\"synved-social-button synved-social-button-share synved-social-size-24 synved-social-resolution-single synved-social-provider-facebook nolightbox\" data-provider=\"facebook\" target=\"_blank\" rel=\"nofollow\" title=\"Partager sur Facebook\" href=\"http:\/\/www.facebook.com\/sharer.php?u=https%3A%2F%2Fwww.leriredelarcenciel.fr%2FBlog%2Fwp-json%2Fwp%2Fv2%2Fposts%2F5054&#038;t=L%E2%80%99Atelier%20Boutik&#038;s=100&#038;p&#091;url&#093;=https%3A%2F%2Fwww.leriredelarcenciel.fr%2FBlog%2Fwp-json%2Fwp%2Fv2%2Fposts%2F5054&#038;p&#091;images&#093;&#091;0&#093;=http%3A%2F%2Fwww.leriredelarcenciel.fr%2FBlog%2Fwp-content%2Fuploads%2F2019%2F12%2FLAtelier-Boutik-carte-de-visite.jpg&#038;p&#091;title&#093;=L%E2%80%99Atelier%20Boutik\" style=\"font-size: 0px;width:24px;height:24px;margin:0;margin-bottom:10px;margin-right:10px\"><img loading=\"lazy\" decoding=\"async\" alt=\"Facebook\" title=\"Partager sur Facebook\" class=\"synved-share-image synved-social-image synved-social-image-share\" width=\"24\" height=\"24\" style=\"display: inline;width:24px;height:24px;margin: 0;padding: 0;border: none;box-shadow: none\" src=\"https:\/\/www.leriredelarcenciel.fr\/Blog\/wp-content\/plugins\/social-media-feather\/synved-social\/image\/social\/regular\/48x48\/facebook.png\" \/><\/a><a class=\"synved-social-button synved-social-button-share synved-social-size-24 synved-social-resolution-single synved-social-provider-pinterest nolightbox\" data-provider=\"pinterest\" target=\"_blank\" rel=\"nofollow\" title=\"Epingler sur Pinterest\" href=\"https:\/\/pinterest.com\/pin\/create\/button\/?url=https%3A%2F%2Fwww.leriredelarcenciel.fr%2FBlog%2Fwp-json%2Fwp%2Fv2%2Fposts%2F5054&#038;media=http%3A%2F%2Fwww.leriredelarcenciel.fr%2FBlog%2Fwp-content%2Fuploads%2F2019%2F12%2FLAtelier-Boutik-carte-de-visite.jpg&#038;description=L%E2%80%99Atelier%20Boutik\" style=\"font-size: 0px;width:24px;height:24px;margin:0;margin-bottom:10px;margin-right:10px\"><img loading=\"lazy\" decoding=\"async\" alt=\"pinterest\" title=\"Epingler sur Pinterest\" class=\"synved-share-image synved-social-image synved-social-image-share\" width=\"24\" height=\"24\" style=\"display: inline;width:24px;height:24px;margin: 0;padding: 0;border: none;box-shadow: none\" src=\"https:\/\/www.leriredelarcenciel.fr\/Blog\/wp-content\/plugins\/social-media-feather\/synved-social\/image\/social\/regular\/48x48\/pinterest.png\" \/><\/a><a class=\"synved-social-button synved-social-button-share synved-social-size-24 synved-social-resolution-single synved-social-provider-mail nolightbox\" data-provider=\"mail\" rel=\"nofollow\" title=\"Partager par email\" href=\"mailto:?subject=L%E2%80%99Atelier%20Boutik&#038;body=Le%20rire%20de%20l%27arc-en-ciel%20:%20https%3A%2F%2Fwww.leriredelarcenciel.fr%2FBlog%2Fwp-json%2Fwp%2Fv2%2Fposts%2F5054\" style=\"font-size: 0px;width:24px;height:24px;margin:0;margin-bottom:10px;margin-right:10px\"><img loading=\"lazy\" decoding=\"async\" alt=\"mail\" title=\"Partager par email\" class=\"synved-share-image synved-social-image synved-social-image-share\" width=\"24\" height=\"24\" style=\"display: inline;width:24px;height:24px;margin: 0;padding: 0;border: none;box-shadow: none\" src=\"https:\/\/www.leriredelarcenciel.fr\/Blog\/wp-content\/plugins\/social-media-feather\/synved-social\/image\/social\/regular\/48x48\/mail.png\" \/><\/a>","protected":false},"excerpt":{"rendered":"<p>Aujourd\u2019hui, je vous emm\u00e8ne \u00e0 l\u2019Atelier Boutik, \u00e0 l\u2019\u00cele Grande. Ce sera pour vous l\u2019occasion de d\u00e9couvrir les sympathiques personnes qui animent ce lieu et la diversit\u00e9 de leurs cr\u00e9ations. Bonjour \u00e0 toutes&nbsp;! Que pouvez-vous nous dire sur l\u2019Atelier Boutik&nbsp;? L\u2019Atelier Boutik est une boutique proposant le travail de 4 personnes. Chacune a son propre [&hellip;]<\/p>\n","protected":false},"author":1,"featured_media":0,"comment_status":"open","ping_status":"open","sticky":false,"template":"","format":"standard","meta":{"jetpack_post_was_ever_published":false,"_jetpack_newsletter_access":"","_jetpack_dont_email_post_to_subs":false,"_jetpack_newsletter_tier_id":0,"_jetpack_memberships_contains_paywalled_content":false,"_jetpack_memberships_contains_paid_content":false,"footnotes":"","jetpack_publicize_message":"","jetpack_publicize_feature_enabled":true,"jetpack_social_post_already_shared":true,"jetpack_social_options":{"image_generator_settings":{"template":"highway","default_image_id":0,"font":"","enabled":false},"version":2}},"categories":[13,12],"tags":[1494,1227,19],"class_list":["post-5054","post","type-post","status-publish","format-standard","hentry","category-bons-baisers-de-l-ile-grande","category-et-ailleurs-quoi-de-beau","tag-atelier-boutik","tag-boutique-artisanat","tag-creations-artisanales"],"jetpack_publicize_connections":[],"jetpack_featured_media_url":"","jetpack_sharing_enabled":true,"jetpack_shortlink":"https:\/\/wp.me\/p4fKpm-1jw","_links":{"self":[{"href":"https:\/\/www.leriredelarcenciel.fr\/Blog\/wp-json\/wp\/v2\/posts\/5054","targetHints":{"allow":["GET"]}}],"collection":[{"href":"https:\/\/www.leriredelarcenciel.fr\/Blog\/wp-json\/wp\/v2\/posts"}],"about":[{"href":"https:\/\/www.leriredelarcenciel.fr\/Blog\/wp-json\/wp\/v2\/types\/post"}],"author":[{"embeddable":true,"href":"https:\/\/www.leriredelarcenciel.fr\/Blog\/wp-json\/wp\/v2\/users\/1"}],"replies":[{"embeddable":true,"href":"https:\/\/www.leriredelarcenciel.fr\/Blog\/wp-json\/wp\/v2\/comments?post=5054"}],"version-history":[{"count":3,"href":"https:\/\/www.leriredelarcenciel.fr\/Blog\/wp-json\/wp\/v2\/posts\/5054\/revisions"}],"predecessor-version":[{"id":5063,"href":"https:\/\/www.leriredelarcenciel.fr\/Blog\/wp-json\/wp\/v2\/posts\/5054\/revisions\/5063"}],"wp:attachment":[{"href":"https:\/\/www.leriredelarcenciel.fr\/Blog\/wp-json\/wp\/v2\/media?parent=5054"}],"wp:term":[{"taxonomy":"category","embeddable":true,"href":"https:\/\/www.leriredelarcenciel.fr\/Blog\/wp-json\/wp\/v2\/categories?post=5054"},{"taxonomy":"post_tag","embeddable":true,"href":"https:\/\/www.leriredelarcenciel.fr\/Blog\/wp-json\/wp\/v2\/tags?post=5054"}],"curies":[{"name":"wp","href":"https:\/\/api.w.org\/{rel}","templated":true}]}}