{"id":5050,"date":"2019-11-29T12:07:17","date_gmt":"2019-11-29T11:07:17","guid":{"rendered":"http:\/\/www.leriredelarcenciel.fr\/Blog\/?p=5050"},"modified":"2019-11-29T12:07:22","modified_gmt":"2019-11-29T11:07:22","slug":"marche-de-noel-a-pleumeur-bodou-2","status":"publish","type":"post","link":"https:\/\/www.leriredelarcenciel.fr\/Blog\/marche-de-noel-a-pleumeur-bodou-2\/","title":{"rendered":"March\u00e9 de No\u00ebl \u00e0 Pleumeur-Bodou"},"content":{"rendered":"\n<p>Oy\u00e9 oy\u00e9\u00a0! Nouvelle \u00e9dition du March\u00e9 de No\u00ebl de Pleumeur-Bodou\u2026 dans une belle salle lumineuse et chauff\u00e9e\u00a0! Ce samedi 30 novembre et dimanche 1<sup>er<\/sup> d\u00e9cembre, venez nous rendre visite au P\u00f4le Phoenix (route du Rad\u00f4me). C\u2019est qui, nous ? Il s\u2019agit de l\u2019association La Crois\u00e9e des Arts (l\u2019organisatrice) et des artisans qui vous proposeront leurs oeuvres ou leurs produits du terroir. Je serai pr\u00e9sente \u00e0 ce march\u00e9 avec mes cr\u00e9ations Le rire de l\u2019arc-en-ciel et je me ferai une joie de vous rencontrer.<\/p>\n\n\n\n<div class=\"wp-block-image\"><figure class=\"aligncenter\"><a href=\"https:\/\/www.leriredelarcenciel.fr\/Blog\/wp-content\/uploads\/2019\/11\/March\u00e9-de-No\u00ebl-Pleumeur-Bodou.jpg\" target=\"_blank\" rel=\"noreferrer noopener\"><img loading=\"lazy\" decoding=\"async\" width=\"330\" height=\"471\" data-attachment-id=\"5051\" data-permalink=\"https:\/\/www.leriredelarcenciel.fr\/Blog\/marche-de-noel-a-pleumeur-bodou-2\/marche-de-noel-pleumeur-bodou\/\" data-orig-file=\"https:\/\/www.leriredelarcenciel.fr\/Blog\/wp-content\/uploads\/2019\/11\/March\u00e9-de-No\u00ebl-Pleumeur-Bodou.jpg\" data-orig-size=\"330,471\" data-comments-opened=\"1\" data-image-meta=\"{&quot;aperture&quot;:&quot;0&quot;,&quot;credit&quot;:&quot;&quot;,&quot;camera&quot;:&quot;&quot;,&quot;caption&quot;:&quot;&quot;,&quot;created_timestamp&quot;:&quot;0&quot;,&quot;copyright&quot;:&quot;&quot;,&quot;focal_length&quot;:&quot;0&quot;,&quot;iso&quot;:&quot;0&quot;,&quot;shutter_speed&quot;:&quot;0&quot;,&quot;title&quot;:&quot;&quot;,&quot;orientation&quot;:&quot;0&quot;}\" data-image-title=\"March\u00e9 de No\u00ebl Pleumeur-Bodou\" data-image-description=\"\" data-image-caption=\"\" data-medium-file=\"https:\/\/www.leriredelarcenciel.fr\/Blog\/wp-content\/uploads\/2019\/11\/March\u00e9-de-No\u00ebl-Pleumeur-Bodou-210x300.jpg\" data-large-file=\"https:\/\/www.leriredelarcenciel.fr\/Blog\/wp-content\/uploads\/2019\/11\/March\u00e9-de-No\u00ebl-Pleumeur-Bodou.jpg\" src=\"https:\/\/www.leriredelarcenciel.fr\/Blog\/wp-content\/uploads\/2019\/11\/March\u00e9-de-No\u00ebl-Pleumeur-Bodou.jpg\" alt=\"Affiche du march\u00e9 de No\u00ebl\" class=\"wp-image-5051\" srcset=\"https:\/\/www.leriredelarcenciel.fr\/Blog\/wp-content\/uploads\/2019\/11\/March\u00e9-de-No\u00ebl-Pleumeur-Bodou.jpg 330w, https:\/\/www.leriredelarcenciel.fr\/Blog\/wp-content\/uploads\/2019\/11\/March\u00e9-de-No\u00ebl-Pleumeur-Bodou-210x300.jpg 210w, https:\/\/www.leriredelarcenciel.fr\/Blog\/wp-content\/uploads\/2019\/11\/March\u00e9-de-No\u00ebl-Pleumeur-Bodou-118x168.jpg 118w\" sizes=\"auto, (max-width: 330px) 100vw, 330px\" \/><\/a><figcaption>Le march\u00e9 de No\u00ebl 2019<\/figcaption><\/figure><\/div>\n\n\n\n<p> <\/p>\n\n\n\n<p>N&rsquo;h\u00e9sitez pas. De nombreuses raisons peuvent vous inciter \u00e0 venir nous voir :<\/p>\n\n\n\n<ul class=\"wp-block-list\"><li>Vous\n\u00eates \u00e0 la recherche de cadeaux originaux et uniques<\/li><li>Vous\nsouhaitez acheter local<\/li><li>Vous\naimez vous laisser surprendre par la cr\u00e9ativit\u00e9<\/li><li>Vous\n\u00eates sensible au travail artisanal<\/li><li>Vous\nvous \u00e9tiez promis de ne pas vous y prendre la veille de No\u00ebl, cette fois-ci<\/li><li>Vous\nd\u00e9testez faire les magasins \u00e0 cette p\u00e9riode (et \u00e0 cette saison)<\/li><li>Vous\naimez l\u2019id\u00e9e de trouver tous vos cadeaux au m\u00eame endroit<\/li><li>\u2026 (je\nvous laisse compl\u00e9ter&nbsp;!)<\/li><\/ul>\n\n\n\n<p>Pour info&nbsp;:<\/p>\n\n\n\n<ul class=\"wp-block-list\"><li>March\u00e9\nde No\u00ebl<\/li><li>22560 Pleumeur-Bodou<\/li><li>Salle P\u00f4le\nPhoenix, route du Rad\u00f4me<\/li><li>Samedi\n30 novembre et dimanche 1er d\u00e9cembre 2019<\/li><li>De 10h30\n\u00e0 18h<\/li><\/ul>\n<a class=\"synved-social-button synved-social-button-share synved-social-size-24 synved-social-resolution-single synved-social-provider-facebook nolightbox\" data-provider=\"facebook\" target=\"_blank\" rel=\"nofollow\" title=\"Partager sur Facebook\" href=\"http:\/\/www.facebook.com\/sharer.php?u=https%3A%2F%2Fwww.leriredelarcenciel.fr%2FBlog%2Fwp-json%2Fwp%2Fv2%2Fposts%2F5050&#038;t=March%C3%A9%20de%20No%C3%ABl%20%C3%A0%20Pleumeur-Bodou&#038;s=100&#038;p&#091;url&#093;=https%3A%2F%2Fwww.leriredelarcenciel.fr%2FBlog%2Fwp-json%2Fwp%2Fv2%2Fposts%2F5050&#038;p&#091;images&#093;&#091;0&#093;=http%3A%2F%2Fwww.leriredelarcenciel.fr%2FBlog%2Fwp-content%2Fuploads%2F2019%2F11%2FMarch%C3%A9-de-No%C3%ABl-Pleumeur-Bodou.jpg&#038;p&#091;title&#093;=March%C3%A9%20de%20No%C3%ABl%20%C3%A0%20Pleumeur-Bodou\" style=\"font-size: 0px;width:24px;height:24px;margin:0;margin-bottom:10px;margin-right:10px\"><img loading=\"lazy\" decoding=\"async\" alt=\"Facebook\" title=\"Partager sur Facebook\" class=\"synved-share-image synved-social-image synved-social-image-share\" width=\"24\" height=\"24\" style=\"display: inline;width:24px;height:24px;margin: 0;padding: 0;border: none;box-shadow: none\" src=\"https:\/\/www.leriredelarcenciel.fr\/Blog\/wp-content\/plugins\/social-media-feather\/synved-social\/image\/social\/regular\/48x48\/facebook.png\" \/><\/a><a class=\"synved-social-button synved-social-button-share synved-social-size-24 synved-social-resolution-single synved-social-provider-pinterest nolightbox\" data-provider=\"pinterest\" target=\"_blank\" rel=\"nofollow\" title=\"Epingler sur Pinterest\" href=\"https:\/\/pinterest.com\/pin\/create\/button\/?url=https%3A%2F%2Fwww.leriredelarcenciel.fr%2FBlog%2Fwp-json%2Fwp%2Fv2%2Fposts%2F5050&#038;media=http%3A%2F%2Fwww.leriredelarcenciel.fr%2FBlog%2Fwp-content%2Fuploads%2F2019%2F11%2FMarch%C3%A9-de-No%C3%ABl-Pleumeur-Bodou.jpg&#038;description=March%C3%A9%20de%20No%C3%ABl%20%C3%A0%20Pleumeur-Bodou\" style=\"font-size: 0px;width:24px;height:24px;margin:0;margin-bottom:10px;margin-right:10px\"><img loading=\"lazy\" decoding=\"async\" alt=\"pinterest\" title=\"Epingler sur Pinterest\" class=\"synved-share-image synved-social-image synved-social-image-share\" width=\"24\" height=\"24\" style=\"display: inline;width:24px;height:24px;margin: 0;padding: 0;border: none;box-shadow: none\" src=\"https:\/\/www.leriredelarcenciel.fr\/Blog\/wp-content\/plugins\/social-media-feather\/synved-social\/image\/social\/regular\/48x48\/pinterest.png\" \/><\/a><a class=\"synved-social-button synved-social-button-share synved-social-size-24 synved-social-resolution-single synved-social-provider-mail nolightbox\" data-provider=\"mail\" rel=\"nofollow\" title=\"Partager par email\" href=\"mailto:?subject=March%C3%A9%20de%20No%C3%ABl%20%C3%A0%20Pleumeur-Bodou&#038;body=Le%20rire%20de%20l%27arc-en-ciel%20:%20https%3A%2F%2Fwww.leriredelarcenciel.fr%2FBlog%2Fwp-json%2Fwp%2Fv2%2Fposts%2F5050\" style=\"font-size: 0px;width:24px;height:24px;margin:0;margin-bottom:10px;margin-right:10px\"><img loading=\"lazy\" decoding=\"async\" alt=\"mail\" title=\"Partager par email\" class=\"synved-share-image synved-social-image synved-social-image-share\" width=\"24\" height=\"24\" style=\"display: inline;width:24px;height:24px;margin: 0;padding: 0;border: none;box-shadow: none\" src=\"https:\/\/www.leriredelarcenciel.fr\/Blog\/wp-content\/plugins\/social-media-feather\/synved-social\/image\/social\/regular\/48x48\/mail.png\" \/><\/a>","protected":false},"excerpt":{"rendered":"<p>Oy\u00e9 oy\u00e9\u00a0! Nouvelle \u00e9dition du March\u00e9 de No\u00ebl de Pleumeur-Bodou\u2026 dans une belle salle lumineuse et chauff\u00e9e\u00a0! Ce samedi 30 novembre et dimanche 1er d\u00e9cembre, venez nous rendre visite au P\u00f4le Phoenix (route du Rad\u00f4me). C\u2019est qui, nous ? Il s\u2019agit de l\u2019association La Crois\u00e9e des Arts (l\u2019organisatrice) et des artisans qui vous proposeront leurs [&hellip;]<\/p>\n","protected":false},"author":1,"featured_media":0,"comment_status":"open","ping_status":"open","sticky":false,"template":"","format":"standard","meta":{"jetpack_post_was_ever_published":false,"_jetpack_newsletter_access":"","_jetpack_dont_email_post_to_subs":false,"_jetpack_newsletter_tier_id":0,"_jetpack_memberships_contains_paywalled_content":false,"_jetpack_memberships_contains_paid_content":false,"footnotes":"","jetpack_publicize_message":"","jetpack_publicize_feature_enabled":true,"jetpack_social_post_already_shared":true,"jetpack_social_options":{"image_generator_settings":{"template":"highway","default_image_id":0,"font":"","enabled":false},"version":2}},"categories":[12],"tags":[454,1195,1194,75,31,1493],"class_list":["post-5050","post","type-post","status-publish","format-standard","hentry","category-et-ailleurs-quoi-de-beau","tag-cadeaux-de-noel","tag-marche-artisanal","tag-marche-de-createurs","tag-marche-de-noel","tag-pleumeur-bodou","tag-pole-phoenix"],"jetpack_publicize_connections":[],"jetpack_featured_media_url":"","jetpack_sharing_enabled":true,"jetpack_shortlink":"https:\/\/wp.me\/p4fKpm-1js","_links":{"self":[{"href":"https:\/\/www.leriredelarcenciel.fr\/Blog\/wp-json\/wp\/v2\/posts\/5050","targetHints":{"allow":["GET"]}}],"collection":[{"href":"https:\/\/www.leriredelarcenciel.fr\/Blog\/wp-json\/wp\/v2\/posts"}],"about":[{"href":"https:\/\/www.leriredelarcenciel.fr\/Blog\/wp-json\/wp\/v2\/types\/post"}],"author":[{"embeddable":true,"href":"https:\/\/www.leriredelarcenciel.fr\/Blog\/wp-json\/wp\/v2\/users\/1"}],"replies":[{"embeddable":true,"href":"https:\/\/www.leriredelarcenciel.fr\/Blog\/wp-json\/wp\/v2\/comments?post=5050"}],"version-history":[{"count":1,"href":"https:\/\/www.leriredelarcenciel.fr\/Blog\/wp-json\/wp\/v2\/posts\/5050\/revisions"}],"predecessor-version":[{"id":5052,"href":"https:\/\/www.leriredelarcenciel.fr\/Blog\/wp-json\/wp\/v2\/posts\/5050\/revisions\/5052"}],"wp:attachment":[{"href":"https:\/\/www.leriredelarcenciel.fr\/Blog\/wp-json\/wp\/v2\/media?parent=5050"}],"wp:term":[{"taxonomy":"category","embeddable":true,"href":"https:\/\/www.leriredelarcenciel.fr\/Blog\/wp-json\/wp\/v2\/categories?post=5050"},{"taxonomy":"post_tag","embeddable":true,"href":"https:\/\/www.leriredelarcenciel.fr\/Blog\/wp-json\/wp\/v2\/tags?post=5050"}],"curies":[{"name":"wp","href":"https:\/\/api.w.org\/{rel}","templated":true}]}}