{"id":5040,"date":"2019-11-25T16:46:36","date_gmt":"2019-11-25T15:46:36","guid":{"rendered":"http:\/\/www.leriredelarcenciel.fr\/Blog\/?p=5040"},"modified":"2019-11-25T16:46:42","modified_gmt":"2019-11-25T15:46:42","slug":"il-ny-a-pas-que-le-pere-noel-qui-aime-de-rouge","status":"publish","type":"post","link":"https:\/\/www.leriredelarcenciel.fr\/Blog\/il-ny-a-pas-que-le-pere-noel-qui-aime-de-rouge\/","title":{"rendered":"Il n\u2019y a pas que le P\u00e8re No\u00ebl qui aime de rouge"},"content":{"rendered":"\n<p>Le rire de l\u2019arc-en-ciel aussi. <\/p>\n\n\n\n<p>Et vous\u00a0?<\/p>\n\n\n\n<figure class=\"wp-block-image\"><a href=\"https:\/\/leriredelarcenciel.com\/wordpress\/produit\/broche-figurine-rouge-noir-blanc\/\" target=\"_blank\" rel=\"noreferrer noopener\"><img loading=\"lazy\" decoding=\"async\" width=\"1024\" height=\"680\" data-attachment-id=\"5041\" data-permalink=\"https:\/\/www.leriredelarcenciel.fr\/Blog\/il-ny-a-pas-que-le-pere-noel-qui-aime-de-rouge\/106-broche-poupee-11\/\" data-orig-file=\"https:\/\/www.leriredelarcenciel.fr\/Blog\/wp-content\/uploads\/2019\/11\/106-Broche-poup\u00e9e-11.jpg\" data-orig-size=\"4912,3264\" data-comments-opened=\"1\" data-image-meta=\"{&quot;aperture&quot;:&quot;9&quot;,&quot;credit&quot;:&quot;&quot;,&quot;camera&quot;:&quot;NEX-F3&quot;,&quot;caption&quot;:&quot;&quot;,&quot;created_timestamp&quot;:&quot;1542124291&quot;,&quot;copyright&quot;:&quot;&quot;,&quot;focal_length&quot;:&quot;55&quot;,&quot;iso&quot;:&quot;3200&quot;,&quot;shutter_speed&quot;:&quot;0.01&quot;,&quot;title&quot;:&quot;&quot;,&quot;orientation&quot;:&quot;0&quot;}\" data-image-title=\"106 &amp;#8211; Broche poup\u00e9e 11\" data-image-description=\"\" data-image-caption=\"\" data-medium-file=\"https:\/\/www.leriredelarcenciel.fr\/Blog\/wp-content\/uploads\/2019\/11\/106-Broche-poup\u00e9e-11-300x199.jpg\" data-large-file=\"https:\/\/www.leriredelarcenciel.fr\/Blog\/wp-content\/uploads\/2019\/11\/106-Broche-poup\u00e9e-11-1024x680.jpg\" src=\"https:\/\/www.leriredelarcenciel.fr\/Blog\/wp-content\/uploads\/2019\/11\/106-Broche-poup\u00e9e-11-1024x680.jpg\" alt=\"Broche figurine rouge\" class=\"wp-image-5041\" srcset=\"https:\/\/www.leriredelarcenciel.fr\/Blog\/wp-content\/uploads\/2019\/11\/106-Broche-poup\u00e9e-11-1024x680.jpg 1024w, https:\/\/www.leriredelarcenciel.fr\/Blog\/wp-content\/uploads\/2019\/11\/106-Broche-poup\u00e9e-11-300x199.jpg 300w, https:\/\/www.leriredelarcenciel.fr\/Blog\/wp-content\/uploads\/2019\/11\/106-Broche-poup\u00e9e-11-768x510.jpg 768w, https:\/\/www.leriredelarcenciel.fr\/Blog\/wp-content\/uploads\/2019\/11\/106-Broche-poup\u00e9e-11-216x144.jpg 216w\" sizes=\"auto, (max-width: 1024px) 100vw, 1024px\" \/><\/a><figcaption><a rel=\"noreferrer noopener\" aria-label=\" Une broche rouge pour mettre de la gait\u00e9 sur vos \u00e9toles cet hiver  (s\u2019ouvre dans un nouvel onglet)\" href=\"https:\/\/leriredelarcenciel.com\/wordpress\/produit\/broche-figurine-rouge-noir-blanc\/\" target=\"_blank\"> Une broche rouge pour mettre de la gait\u00e9 sur vos \u00e9toles cet hiver <\/a><\/figcaption><\/figure>\n\n\n\n<p>A l\u2019approche de No\u00ebl, la couleur rouge est forc\u00e9ment de mise. J\u2019ai donc d\u00e9cid\u00e9 de vous faire un article tout rouge, ou presque. <\/p>\n\n\n\n<figure class=\"wp-block-image\"><a href=\"https:\/\/leriredelarcenciel.com\/wordpress\/produit\/atebas-amovible-50-cm-rouge-orange-coquillages\/\" target=\"_blank\" rel=\"noreferrer noopener\"><img loading=\"lazy\" decoding=\"async\" width=\"1024\" height=\"680\" data-attachment-id=\"5042\" data-permalink=\"https:\/\/www.leriredelarcenciel.fr\/Blog\/il-ny-a-pas-que-le-pere-noel-qui-aime-de-rouge\/769-atebas-amovible-50cm-4\/\" data-orig-file=\"https:\/\/www.leriredelarcenciel.fr\/Blog\/wp-content\/uploads\/2019\/11\/769-At\u00e9bas-amovible-50cm-4.jpg\" data-orig-size=\"4912,3264\" data-comments-opened=\"1\" data-image-meta=\"{&quot;aperture&quot;:&quot;6.3&quot;,&quot;credit&quot;:&quot;&quot;,&quot;camera&quot;:&quot;NEX-F3&quot;,&quot;caption&quot;:&quot;&quot;,&quot;created_timestamp&quot;:&quot;1497631583&quot;,&quot;copyright&quot;:&quot;&quot;,&quot;focal_length&quot;:&quot;33&quot;,&quot;iso&quot;:&quot;200&quot;,&quot;shutter_speed&quot;:&quot;0.0125&quot;,&quot;title&quot;:&quot;&quot;,&quot;orientation&quot;:&quot;0&quot;}\" data-image-title=\"769 &amp;#8211; At\u00e9bas amovible 50cm 4\" data-image-description=\"\" data-image-caption=\"\" data-medium-file=\"https:\/\/www.leriredelarcenciel.fr\/Blog\/wp-content\/uploads\/2019\/11\/769-At\u00e9bas-amovible-50cm-4-300x199.jpg\" data-large-file=\"https:\/\/www.leriredelarcenciel.fr\/Blog\/wp-content\/uploads\/2019\/11\/769-At\u00e9bas-amovible-50cm-4-1024x680.jpg\" src=\"https:\/\/www.leriredelarcenciel.fr\/Blog\/wp-content\/uploads\/2019\/11\/769-At\u00e9bas-amovible-50cm-4-1024x680.jpg\" alt=\"At\u00e9bas amovible rouge\" class=\"wp-image-5042\" srcset=\"https:\/\/www.leriredelarcenciel.fr\/Blog\/wp-content\/uploads\/2019\/11\/769-At\u00e9bas-amovible-50cm-4-1024x680.jpg 1024w, https:\/\/www.leriredelarcenciel.fr\/Blog\/wp-content\/uploads\/2019\/11\/769-At\u00e9bas-amovible-50cm-4-300x199.jpg 300w, https:\/\/www.leriredelarcenciel.fr\/Blog\/wp-content\/uploads\/2019\/11\/769-At\u00e9bas-amovible-50cm-4-768x510.jpg 768w, https:\/\/www.leriredelarcenciel.fr\/Blog\/wp-content\/uploads\/2019\/11\/769-At\u00e9bas-amovible-50cm-4-216x144.jpg 216w\" sizes=\"auto, (max-width: 1024px) 100vw, 1024px\" \/><\/a><figcaption><a rel=\"noreferrer noopener\" aria-label=\" Osez une nouvelle coiffure avec une at\u00e9bas amovible rouge (s\u2019ouvre dans un nouvel onglet)\" href=\"https:\/\/leriredelarcenciel.com\/wordpress\/produit\/atebas-amovible-50-cm-rouge-orange-coquillages\/\" target=\"_blank\"> Osez une nouvelle coiffure avec une at\u00e9bas amovible rouge<\/a><\/figcaption><\/figure>\n\n\n\n<p>Du rouge vermillon tendant vers l\u2019orange au rouge grenat tr\u00e8s sombre, il y a une quantit\u00e9 infinie de rouges. On leur a donn\u00e9 des noms vari\u00e9s tels que corail, magenta, pourpre, cardinal, feu, \u00e9carlate\u2026 <\/p>\n\n\n\n<figure class=\"wp-block-image\"><a href=\"https:\/\/leriredelarcenciel.com\/wordpress\/produit\/lettre-decorative-c-rouge\/\" target=\"_blank\" rel=\"noreferrer noopener\"><img loading=\"lazy\" decoding=\"async\" width=\"1024\" height=\"680\" data-attachment-id=\"5043\" data-permalink=\"https:\/\/www.leriredelarcenciel.fr\/Blog\/il-ny-a-pas-que-le-pere-noel-qui-aime-de-rouge\/lettre-decorative-c-24-garcon-11\/\" data-orig-file=\"https:\/\/www.leriredelarcenciel.fr\/Blog\/wp-content\/uploads\/2019\/11\/Lettre-d\u00e9corative-C-24-gar\u00e7on-11.jpg\" data-orig-size=\"4912,3264\" data-comments-opened=\"1\" data-image-meta=\"{&quot;aperture&quot;:&quot;10&quot;,&quot;credit&quot;:&quot;&quot;,&quot;camera&quot;:&quot;NEX-F3&quot;,&quot;caption&quot;:&quot;&quot;,&quot;created_timestamp&quot;:&quot;1544458372&quot;,&quot;copyright&quot;:&quot;&quot;,&quot;focal_length&quot;:&quot;35&quot;,&quot;iso&quot;:&quot;3200&quot;,&quot;shutter_speed&quot;:&quot;0.02&quot;,&quot;title&quot;:&quot;&quot;,&quot;orientation&quot;:&quot;0&quot;}\" data-image-title=\"Lettre d\u00e9corative C 24 gar\u00e7on 11\" data-image-description=\"\" data-image-caption=\"\" data-medium-file=\"https:\/\/www.leriredelarcenciel.fr\/Blog\/wp-content\/uploads\/2019\/11\/Lettre-d\u00e9corative-C-24-gar\u00e7on-11-300x199.jpg\" data-large-file=\"https:\/\/www.leriredelarcenciel.fr\/Blog\/wp-content\/uploads\/2019\/11\/Lettre-d\u00e9corative-C-24-gar\u00e7on-11-1024x680.jpg\" src=\"https:\/\/www.leriredelarcenciel.fr\/Blog\/wp-content\/uploads\/2019\/11\/Lettre-d\u00e9corative-C-24-gar\u00e7on-11-1024x680.jpg\" alt=\"Lettre d\u00e9corative rouge C\" class=\"wp-image-5043\" srcset=\"https:\/\/www.leriredelarcenciel.fr\/Blog\/wp-content\/uploads\/2019\/11\/Lettre-d\u00e9corative-C-24-gar\u00e7on-11-1024x680.jpg 1024w, https:\/\/www.leriredelarcenciel.fr\/Blog\/wp-content\/uploads\/2019\/11\/Lettre-d\u00e9corative-C-24-gar\u00e7on-11-300x199.jpg 300w, https:\/\/www.leriredelarcenciel.fr\/Blog\/wp-content\/uploads\/2019\/11\/Lettre-d\u00e9corative-C-24-gar\u00e7on-11-768x510.jpg 768w, https:\/\/www.leriredelarcenciel.fr\/Blog\/wp-content\/uploads\/2019\/11\/Lettre-d\u00e9corative-C-24-gar\u00e7on-11-216x144.jpg 216w\" sizes=\"auto, (max-width: 1024px) 100vw, 1024px\" \/><\/a><figcaption><a rel=\"noreferrer noopener\" aria-label=\"Une lettre d\u00e9corative rouge pour un cadeau  personnalis\u00e9  et unique  (s\u2019ouvre dans un nouvel onglet)\" href=\"https:\/\/leriredelarcenciel.com\/wordpress\/produit\/lettre-decorative-c-rouge\/\" target=\"_blank\">Une lettre d\u00e9corative rouge pour un cadeau  personnalis\u00e9  et unique <\/a><\/figcaption><\/figure>\n\n\n\n<p>Certains rouges nous mettent en app\u00e9tit : tomate, cerise, groseille\u2026<\/p>\n\n\n\n<figure class=\"wp-block-image\"><a href=\"https:\/\/leriredelarcenciel.com\/wordpress\/produit\/collier-ras-de-cou-avec-pendentif-brode-rouge-sombre\/\" target=\"_blank\" rel=\"noreferrer noopener\"><img loading=\"lazy\" decoding=\"async\" width=\"1024\" height=\"680\" data-attachment-id=\"5044\" data-permalink=\"https:\/\/www.leriredelarcenciel.fr\/Blog\/il-ny-a-pas-que-le-pere-noel-qui-aime-de-rouge\/304-collier-argent-medaillon-brode-11\/\" data-orig-file=\"https:\/\/www.leriredelarcenciel.fr\/Blog\/wp-content\/uploads\/2019\/11\/304-Collier-argent-m\u00e9daillon-brod\u00e9-11.jpg\" data-orig-size=\"4912,3264\" data-comments-opened=\"1\" data-image-meta=\"{&quot;aperture&quot;:&quot;20&quot;,&quot;credit&quot;:&quot;&quot;,&quot;camera&quot;:&quot;NEX-F3&quot;,&quot;caption&quot;:&quot;&quot;,&quot;created_timestamp&quot;:&quot;1573577224&quot;,&quot;copyright&quot;:&quot;&quot;,&quot;focal_length&quot;:&quot;30&quot;,&quot;iso&quot;:&quot;3200&quot;,&quot;shutter_speed&quot;:&quot;0.016666666666667&quot;,&quot;title&quot;:&quot;&quot;,&quot;orientation&quot;:&quot;0&quot;}\" data-image-title=\"304 &amp;#8211; Collier argent m\u00e9daillon brod\u00e9 11\" data-image-description=\"\" data-image-caption=\"\" data-medium-file=\"https:\/\/www.leriredelarcenciel.fr\/Blog\/wp-content\/uploads\/2019\/11\/304-Collier-argent-m\u00e9daillon-brod\u00e9-11-300x199.jpg\" data-large-file=\"https:\/\/www.leriredelarcenciel.fr\/Blog\/wp-content\/uploads\/2019\/11\/304-Collier-argent-m\u00e9daillon-brod\u00e9-11-1024x680.jpg\" src=\"https:\/\/www.leriredelarcenciel.fr\/Blog\/wp-content\/uploads\/2019\/11\/304-Collier-argent-m\u00e9daillon-brod\u00e9-11-1024x680.jpg\" alt=\"Collier rouge\" class=\"wp-image-5044\" srcset=\"https:\/\/www.leriredelarcenciel.fr\/Blog\/wp-content\/uploads\/2019\/11\/304-Collier-argent-m\u00e9daillon-brod\u00e9-11-1024x680.jpg 1024w, https:\/\/www.leriredelarcenciel.fr\/Blog\/wp-content\/uploads\/2019\/11\/304-Collier-argent-m\u00e9daillon-brod\u00e9-11-300x199.jpg 300w, https:\/\/www.leriredelarcenciel.fr\/Blog\/wp-content\/uploads\/2019\/11\/304-Collier-argent-m\u00e9daillon-brod\u00e9-11-768x510.jpg 768w, https:\/\/www.leriredelarcenciel.fr\/Blog\/wp-content\/uploads\/2019\/11\/304-Collier-argent-m\u00e9daillon-brod\u00e9-11-216x144.jpg 216w\" sizes=\"auto, (max-width: 1024px) 100vw, 1024px\" \/><\/a><figcaption><a rel=\"noreferrer noopener\" aria-label=\"Un paysage brod\u00e9 miniature \u00e0 votre cou avec ce collier rouge (s\u2019ouvre dans un nouvel onglet)\" href=\"https:\/\/leriredelarcenciel.com\/wordpress\/produit\/collier-ras-de-cou-avec-pendentif-brode-rouge-sombre\/\" target=\"_blank\">Un paysage brod\u00e9 miniature \u00e0 votre cou avec ce collier rouge<\/a><\/figcaption><\/figure>\n\n\n\n<p>D\u2019autres nous font voyager\u00a0: rouge Bourgogne, rouge anglais, rouge turc ou d\u2019Andrinople<\/p>\n\n\n\n<figure class=\"wp-block-image\"><a href=\"https:\/\/leriredelarcenciel.com\/wordpress\/produit\/boucles-doreilles-brodees-arbuste-rouge-sombre\/\" target=\"_blank\" rel=\"noreferrer noopener\"><img loading=\"lazy\" decoding=\"async\" width=\"1024\" height=\"680\" data-attachment-id=\"5045\" data-permalink=\"https:\/\/www.leriredelarcenciel.fr\/Blog\/il-ny-a-pas-que-le-pere-noel-qui-aime-de-rouge\/268-boucles-doreilles-argent-brodees-11\/\" data-orig-file=\"https:\/\/www.leriredelarcenciel.fr\/Blog\/wp-content\/uploads\/2019\/11\/268-Boucles-doreilles-argent-brod\u00e9es-11.jpg\" data-orig-size=\"4912,3264\" data-comments-opened=\"1\" data-image-meta=\"{&quot;aperture&quot;:&quot;14&quot;,&quot;credit&quot;:&quot;&quot;,&quot;camera&quot;:&quot;NEX-F3&quot;,&quot;caption&quot;:&quot;&quot;,&quot;created_timestamp&quot;:&quot;1571840688&quot;,&quot;copyright&quot;:&quot;&quot;,&quot;focal_length&quot;:&quot;30&quot;,&quot;iso&quot;:&quot;250&quot;,&quot;shutter_speed&quot;:&quot;0.016666666666667&quot;,&quot;title&quot;:&quot;&quot;,&quot;orientation&quot;:&quot;0&quot;}\" data-image-title=\"268 &amp;#8211; Boucles d&amp;rsquo;oreilles argent brod\u00e9es 11\" data-image-description=\"\" data-image-caption=\"\" data-medium-file=\"https:\/\/www.leriredelarcenciel.fr\/Blog\/wp-content\/uploads\/2019\/11\/268-Boucles-doreilles-argent-brod\u00e9es-11-300x199.jpg\" data-large-file=\"https:\/\/www.leriredelarcenciel.fr\/Blog\/wp-content\/uploads\/2019\/11\/268-Boucles-doreilles-argent-brod\u00e9es-11-1024x680.jpg\" src=\"https:\/\/www.leriredelarcenciel.fr\/Blog\/wp-content\/uploads\/2019\/11\/268-Boucles-doreilles-argent-brod\u00e9es-11-1024x680.jpg\" alt=\"Boucles d'oreilles brod\u00e9es rouges\" class=\"wp-image-5045\" srcset=\"https:\/\/www.leriredelarcenciel.fr\/Blog\/wp-content\/uploads\/2019\/11\/268-Boucles-doreilles-argent-brod\u00e9es-11-1024x680.jpg 1024w, https:\/\/www.leriredelarcenciel.fr\/Blog\/wp-content\/uploads\/2019\/11\/268-Boucles-doreilles-argent-brod\u00e9es-11-300x199.jpg 300w, https:\/\/www.leriredelarcenciel.fr\/Blog\/wp-content\/uploads\/2019\/11\/268-Boucles-doreilles-argent-brod\u00e9es-11-768x510.jpg 768w, https:\/\/www.leriredelarcenciel.fr\/Blog\/wp-content\/uploads\/2019\/11\/268-Boucles-doreilles-argent-brod\u00e9es-11-216x144.jpg 216w\" sizes=\"auto, (max-width: 1024px) 100vw, 1024px\" \/><\/a><figcaption><a href=\"https:\/\/leriredelarcenciel.com\/wordpress\/produit\/boucles-doreilles-brodees-arbuste-rouge-sombre\/\" target=\"_blank\" rel=\"noreferrer noopener\" aria-label=\"Paysage brod\u00e9 encore, mais \u00e0 vos oreilles cette fois-ci (s\u2019ouvre dans un nouvel onglet)\">Paysage brod\u00e9 encore, mais \u00e0 vos oreilles cette fois-ci<\/a><\/figcaption><\/figure>\n\n\n\n<p>Et m\u00eame plus loin encore comme le rouge de mars.<\/p>\n\n\n\n<figure class=\"wp-block-image\"><a href=\"https:\/\/leriredelarcenciel.com\/wordpress\/produit\/barrette-cheveux-9-cm-figurine-grand-mere-couleur-rouge-et-bleu-marine\/\" target=\"_blank\" rel=\"noreferrer noopener\"><img loading=\"lazy\" decoding=\"async\" width=\"1024\" height=\"680\" data-attachment-id=\"5046\" data-permalink=\"https:\/\/www.leriredelarcenciel.fr\/Blog\/il-ny-a-pas-que-le-pere-noel-qui-aime-de-rouge\/221-barrette-a-cheveux-9cm-poupee-11\/\" data-orig-file=\"https:\/\/www.leriredelarcenciel.fr\/Blog\/wp-content\/uploads\/2019\/11\/221-Barrette-\u00e0-cheveux-9cm-poup\u00e9e-11.jpg\" data-orig-size=\"4912,3264\" data-comments-opened=\"1\" data-image-meta=\"{&quot;aperture&quot;:&quot;11&quot;,&quot;credit&quot;:&quot;&quot;,&quot;camera&quot;:&quot;NEX-F3&quot;,&quot;caption&quot;:&quot;&quot;,&quot;created_timestamp&quot;:&quot;1568302655&quot;,&quot;copyright&quot;:&quot;&quot;,&quot;focal_length&quot;:&quot;30&quot;,&quot;iso&quot;:&quot;200&quot;,&quot;shutter_speed&quot;:&quot;0.008&quot;,&quot;title&quot;:&quot;&quot;,&quot;orientation&quot;:&quot;0&quot;}\" data-image-title=\"221 &amp;#8211; Barrette \u00e0 cheveux 9cm poup\u00e9e 11\" data-image-description=\"\" data-image-caption=\"\" data-medium-file=\"https:\/\/www.leriredelarcenciel.fr\/Blog\/wp-content\/uploads\/2019\/11\/221-Barrette-\u00e0-cheveux-9cm-poup\u00e9e-11-300x199.jpg\" data-large-file=\"https:\/\/www.leriredelarcenciel.fr\/Blog\/wp-content\/uploads\/2019\/11\/221-Barrette-\u00e0-cheveux-9cm-poup\u00e9e-11-1024x680.jpg\" src=\"https:\/\/www.leriredelarcenciel.fr\/Blog\/wp-content\/uploads\/2019\/11\/221-Barrette-\u00e0-cheveux-9cm-poup\u00e9e-11-1024x680.jpg\" alt=\"Barrette figurine rouge\" class=\"wp-image-5046\" srcset=\"https:\/\/www.leriredelarcenciel.fr\/Blog\/wp-content\/uploads\/2019\/11\/221-Barrette-\u00e0-cheveux-9cm-poup\u00e9e-11-1024x680.jpg 1024w, https:\/\/www.leriredelarcenciel.fr\/Blog\/wp-content\/uploads\/2019\/11\/221-Barrette-\u00e0-cheveux-9cm-poup\u00e9e-11-300x199.jpg 300w, https:\/\/www.leriredelarcenciel.fr\/Blog\/wp-content\/uploads\/2019\/11\/221-Barrette-\u00e0-cheveux-9cm-poup\u00e9e-11-768x510.jpg 768w, https:\/\/www.leriredelarcenciel.fr\/Blog\/wp-content\/uploads\/2019\/11\/221-Barrette-\u00e0-cheveux-9cm-poup\u00e9e-11-216x144.jpg 216w\" sizes=\"auto, (max-width: 1024px) 100vw, 1024px\" \/><\/a><figcaption><a rel=\"noreferrer noopener\" aria-label=\" Domptez votre chevelure, oui mais avec fantaisie avec une barrette figurine rouge (s\u2019ouvre dans un nouvel onglet)\" href=\"https:\/\/leriredelarcenciel.com\/wordpress\/produit\/barrette-cheveux-9-cm-figurine-grand-mere-couleur-rouge-et-bleu-marine\/\" target=\"_blank\"> Domptez votre chevelure, oui mais avec fantaisie avec une barrette figurine rouge<\/a><\/figcaption><\/figure>\n\n\n\n<p>Mais c\u2019est dr\u00f4le, il n\u2019existe pas de \u00ab&nbsp;rouge P\u00e8re No\u00ebl&nbsp;\u00bb&nbsp;!<\/p>\n<a class=\"synved-social-button synved-social-button-share synved-social-size-24 synved-social-resolution-single synved-social-provider-facebook nolightbox\" data-provider=\"facebook\" target=\"_blank\" rel=\"nofollow\" title=\"Partager sur Facebook\" href=\"http:\/\/www.facebook.com\/sharer.php?u=https%3A%2F%2Fwww.leriredelarcenciel.fr%2FBlog%2Fwp-json%2Fwp%2Fv2%2Fposts%2F5040&#038;t=Il%20n%E2%80%99y%20a%20pas%20que%20le%20P%C3%A8re%20No%C3%ABl%20qui%20aime%20de%20rouge&#038;s=100&#038;p&#091;url&#093;=https%3A%2F%2Fwww.leriredelarcenciel.fr%2FBlog%2Fwp-json%2Fwp%2Fv2%2Fposts%2F5040&#038;p&#091;images&#093;&#091;0&#093;=http%3A%2F%2Fwww.leriredelarcenciel.fr%2FBlog%2Fwp-content%2Fuploads%2F2019%2F11%2F106-Broche-poup%C3%A9e-11-1024x680.jpg&#038;p&#091;title&#093;=Il%20n%E2%80%99y%20a%20pas%20que%20le%20P%C3%A8re%20No%C3%ABl%20qui%20aime%20de%20rouge\" style=\"font-size: 0px;width:24px;height:24px;margin:0;margin-bottom:10px;margin-right:10px\"><img loading=\"lazy\" decoding=\"async\" alt=\"Facebook\" title=\"Partager sur Facebook\" class=\"synved-share-image synved-social-image synved-social-image-share\" width=\"24\" height=\"24\" style=\"display: inline;width:24px;height:24px;margin: 0;padding: 0;border: none;box-shadow: none\" src=\"https:\/\/www.leriredelarcenciel.fr\/Blog\/wp-content\/plugins\/social-media-feather\/synved-social\/image\/social\/regular\/48x48\/facebook.png\" \/><\/a><a class=\"synved-social-button synved-social-button-share synved-social-size-24 synved-social-resolution-single synved-social-provider-pinterest nolightbox\" data-provider=\"pinterest\" target=\"_blank\" rel=\"nofollow\" title=\"Epingler sur Pinterest\" href=\"https:\/\/pinterest.com\/pin\/create\/button\/?url=https%3A%2F%2Fwww.leriredelarcenciel.fr%2FBlog%2Fwp-json%2Fwp%2Fv2%2Fposts%2F5040&#038;media=http%3A%2F%2Fwww.leriredelarcenciel.fr%2FBlog%2Fwp-content%2Fuploads%2F2019%2F11%2F106-Broche-poup%C3%A9e-11-1024x680.jpg&#038;description=Il%20n%E2%80%99y%20a%20pas%20que%20le%20P%C3%A8re%20No%C3%ABl%20qui%20aime%20de%20rouge\" style=\"font-size: 0px;width:24px;height:24px;margin:0;margin-bottom:10px;margin-right:10px\"><img loading=\"lazy\" decoding=\"async\" alt=\"pinterest\" title=\"Epingler sur Pinterest\" class=\"synved-share-image synved-social-image synved-social-image-share\" width=\"24\" height=\"24\" style=\"display: inline;width:24px;height:24px;margin: 0;padding: 0;border: none;box-shadow: none\" src=\"https:\/\/www.leriredelarcenciel.fr\/Blog\/wp-content\/plugins\/social-media-feather\/synved-social\/image\/social\/regular\/48x48\/pinterest.png\" \/><\/a><a class=\"synved-social-button synved-social-button-share synved-social-size-24 synved-social-resolution-single synved-social-provider-mail nolightbox\" data-provider=\"mail\" rel=\"nofollow\" title=\"Partager par email\" href=\"mailto:?subject=Il%20n%E2%80%99y%20a%20pas%20que%20le%20P%C3%A8re%20No%C3%ABl%20qui%20aime%20de%20rouge&#038;body=Le%20rire%20de%20l%27arc-en-ciel%20:%20https%3A%2F%2Fwww.leriredelarcenciel.fr%2FBlog%2Fwp-json%2Fwp%2Fv2%2Fposts%2F5040\" style=\"font-size: 0px;width:24px;height:24px;margin:0;margin-bottom:10px;margin-right:10px\"><img loading=\"lazy\" decoding=\"async\" alt=\"mail\" title=\"Partager par email\" class=\"synved-share-image synved-social-image synved-social-image-share\" width=\"24\" height=\"24\" style=\"display: inline;width:24px;height:24px;margin: 0;padding: 0;border: none;box-shadow: none\" src=\"https:\/\/www.leriredelarcenciel.fr\/Blog\/wp-content\/plugins\/social-media-feather\/synved-social\/image\/social\/regular\/48x48\/mail.png\" \/><\/a>","protected":false},"excerpt":{"rendered":"<p>Le rire de l\u2019arc-en-ciel aussi. Et vous\u00a0? A l\u2019approche de No\u00ebl, la couleur rouge est forc\u00e9ment de mise. J\u2019ai donc d\u00e9cid\u00e9 de vous faire un article tout rouge, ou presque. Du rouge vermillon tendant vers l\u2019orange au rouge grenat tr\u00e8s sombre, il y a une quantit\u00e9 infinie de rouges. On leur a donn\u00e9 des noms [&hellip;]<\/p>\n","protected":false},"author":1,"featured_media":0,"comment_status":"open","ping_status":"open","sticky":false,"template":"","format":"standard","meta":{"jetpack_post_was_ever_published":false,"_jetpack_newsletter_access":"","_jetpack_dont_email_post_to_subs":false,"_jetpack_newsletter_tier_id":0,"_jetpack_memberships_contains_paywalled_content":false,"_jetpack_memberships_contains_paid_content":false,"footnotes":"","jetpack_publicize_message":"","jetpack_publicize_feature_enabled":true,"jetpack_social_post_already_shared":true,"jetpack_social_options":{"image_generator_settings":{"template":"highway","default_image_id":0,"font":"","enabled":false},"version":2}},"categories":[4],"tags":[1490,446,1488,1491,1492,1487,1401,1489],"class_list":["post-5040","post","type-post","status-publish","format-standard","hentry","category-dans-un-coin-de-l-atelier","tag-accessoires-mode-rouges","tag-barrettes-rouges","tag-bijoux-rouges","tag-boucles-doreilles-rouges","tag-broches-rouges","tag-cadeau-rouge","tag-couleur-rouge","tag-decorations-rouges"],"jetpack_publicize_connections":[],"jetpack_featured_media_url":"","jetpack_sharing_enabled":true,"jetpack_shortlink":"https:\/\/wp.me\/p4fKpm-1ji","_links":{"self":[{"href":"https:\/\/www.leriredelarcenciel.fr\/Blog\/wp-json\/wp\/v2\/posts\/5040","targetHints":{"allow":["GET"]}}],"collection":[{"href":"https:\/\/www.leriredelarcenciel.fr\/Blog\/wp-json\/wp\/v2\/posts"}],"about":[{"href":"https:\/\/www.leriredelarcenciel.fr\/Blog\/wp-json\/wp\/v2\/types\/post"}],"author":[{"embeddable":true,"href":"https:\/\/www.leriredelarcenciel.fr\/Blog\/wp-json\/wp\/v2\/users\/1"}],"replies":[{"embeddable":true,"href":"https:\/\/www.leriredelarcenciel.fr\/Blog\/wp-json\/wp\/v2\/comments?post=5040"}],"version-history":[{"count":2,"href":"https:\/\/www.leriredelarcenciel.fr\/Blog\/wp-json\/wp\/v2\/posts\/5040\/revisions"}],"predecessor-version":[{"id":5048,"href":"https:\/\/www.leriredelarcenciel.fr\/Blog\/wp-json\/wp\/v2\/posts\/5040\/revisions\/5048"}],"wp:attachment":[{"href":"https:\/\/www.leriredelarcenciel.fr\/Blog\/wp-json\/wp\/v2\/media?parent=5040"}],"wp:term":[{"taxonomy":"category","embeddable":true,"href":"https:\/\/www.leriredelarcenciel.fr\/Blog\/wp-json\/wp\/v2\/categories?post=5040"},{"taxonomy":"post_tag","embeddable":true,"href":"https:\/\/www.leriredelarcenciel.fr\/Blog\/wp-json\/wp\/v2\/tags?post=5040"}],"curies":[{"name":"wp","href":"https:\/\/api.w.org\/{rel}","templated":true}]}}