{"id":5028,"date":"2019-11-14T16:49:53","date_gmt":"2019-11-14T15:49:53","guid":{"rendered":"http:\/\/www.leriredelarcenciel.fr\/Blog\/?p=5028"},"modified":"2019-11-14T16:50:00","modified_gmt":"2019-11-14T15:50:00","slug":"chouette-il-pleut","status":"publish","type":"post","link":"https:\/\/www.leriredelarcenciel.fr\/Blog\/chouette-il-pleut\/","title":{"rendered":"Chouette, il pleut !"},"content":{"rendered":"\n<p>Flic floc ! A l\u2019instant m\u00eame o\u00f9 je vous \u00e9cris ces quelques lignes, la pluie bat son plein dans les rues de l\u2019\u00cele Grande. On ne peut m\u00eame pas se dire : \u00ab\u00a0c\u2019est bien, le sol en avait besoin\u00a0\u00bb puisque la terre est d\u00e9j\u00e0 gorg\u00e9e d\u2019eau ! Dans le journal, on parle de records battus\u2026 <\/p>\n\n\n\n<p>Mais je n\u2019\u00e9cris pas cet article pour me lamenter sur la m\u00e9t\u00e9o plus qu\u2019humide. Non, non ! C&rsquo;est juste que ce matin, alors que j&rsquo;allais acheter mon pain&#8230; sous la pluie, une question m&rsquo;a travers\u00e9 l&rsquo;esprit : \u00ab\u00a0Que faire quand il pleut ?\u00a0\u00bb R\u00e9fl\u00e9chissons.<\/p>\n\n\n\n<figure class=\"wp-block-image\"><a href=\"https:\/\/www.leriredelarcenciel.fr\/Blog\/wp-content\/uploads\/2019\/11\/Gouttes-deau-sur-les-capucines.jpg\" target=\"_blank\" rel=\"noreferrer noopener\"><img loading=\"lazy\" decoding=\"async\" width=\"1024\" height=\"680\" data-attachment-id=\"5029\" data-permalink=\"https:\/\/www.leriredelarcenciel.fr\/Blog\/chouette-il-pleut\/gouttes-deau-sur-les-capucines\/\" data-orig-file=\"https:\/\/www.leriredelarcenciel.fr\/Blog\/wp-content\/uploads\/2019\/11\/Gouttes-deau-sur-les-capucines.jpg\" data-orig-size=\"4912,3264\" data-comments-opened=\"1\" data-image-meta=\"{&quot;aperture&quot;:&quot;13&quot;,&quot;credit&quot;:&quot;&quot;,&quot;camera&quot;:&quot;NEX-F3&quot;,&quot;caption&quot;:&quot;&quot;,&quot;created_timestamp&quot;:&quot;1573752395&quot;,&quot;copyright&quot;:&quot;&quot;,&quot;focal_length&quot;:&quot;30&quot;,&quot;iso&quot;:&quot;2500&quot;,&quot;shutter_speed&quot;:&quot;0.016666666666667&quot;,&quot;title&quot;:&quot;&quot;,&quot;orientation&quot;:&quot;1&quot;}\" data-image-title=\"Gouttes d&amp;rsquo;eau sur les capucines\" data-image-description=\"\" data-image-caption=\"\" data-medium-file=\"https:\/\/www.leriredelarcenciel.fr\/Blog\/wp-content\/uploads\/2019\/11\/Gouttes-deau-sur-les-capucines-300x199.jpg\" data-large-file=\"https:\/\/www.leriredelarcenciel.fr\/Blog\/wp-content\/uploads\/2019\/11\/Gouttes-deau-sur-les-capucines-1024x680.jpg\" src=\"https:\/\/www.leriredelarcenciel.fr\/Blog\/wp-content\/uploads\/2019\/11\/Gouttes-deau-sur-les-capucines-1024x680.jpg\" alt=\"Au jardin - Gouttes d'eau sur une feuille de capucine\" class=\"wp-image-5029\" srcset=\"https:\/\/www.leriredelarcenciel.fr\/Blog\/wp-content\/uploads\/2019\/11\/Gouttes-deau-sur-les-capucines-1024x680.jpg 1024w, https:\/\/www.leriredelarcenciel.fr\/Blog\/wp-content\/uploads\/2019\/11\/Gouttes-deau-sur-les-capucines-300x199.jpg 300w, https:\/\/www.leriredelarcenciel.fr\/Blog\/wp-content\/uploads\/2019\/11\/Gouttes-deau-sur-les-capucines-768x510.jpg 768w, https:\/\/www.leriredelarcenciel.fr\/Blog\/wp-content\/uploads\/2019\/11\/Gouttes-deau-sur-les-capucines-216x144.jpg 216w\" sizes=\"auto, (max-width: 1024px) 100vw, 1024px\" \/><\/a><figcaption>Au jardin &#8211; Gouttes d&rsquo;eau sur une feuille de capucine<\/figcaption><\/figure>\n\n\n\n<p>La premi\u00e8re id\u00e9e qui me vient en t\u00eate est d\u2019enfiler des bottes, de mettre une capuche et d\u2019aller sauter dans les flaques d\u2019eau. Et ne me parlez pas de votre \u00e2ge et de votre sagesse d\u2019adulte responsable. Je vous assure qu\u2019il n\u2019y a pas d\u2019\u00e2ge pour sauter dans les flaques. Vous devriez essayer\u00a0!<\/p>\n\n\n\n<figure class=\"wp-block-image\"><a href=\"https:\/\/www.leriredelarcenciel.fr\/Blog\/wp-content\/uploads\/2019\/11\/Pluie-sur-la-vitre.jpg\" target=\"_blank\" rel=\"noreferrer noopener\"><img loading=\"lazy\" decoding=\"async\" width=\"1024\" height=\"680\" data-attachment-id=\"5030\" data-permalink=\"https:\/\/www.leriredelarcenciel.fr\/Blog\/chouette-il-pleut\/pluie-sur-la-vitre\/\" data-orig-file=\"https:\/\/www.leriredelarcenciel.fr\/Blog\/wp-content\/uploads\/2019\/11\/Pluie-sur-la-vitre.jpg\" data-orig-size=\"4912,3264\" data-comments-opened=\"1\" data-image-meta=\"{&quot;aperture&quot;:&quot;5&quot;,&quot;credit&quot;:&quot;&quot;,&quot;camera&quot;:&quot;NEX-F3&quot;,&quot;caption&quot;:&quot;&quot;,&quot;created_timestamp&quot;:&quot;1573749841&quot;,&quot;copyright&quot;:&quot;&quot;,&quot;focal_length&quot;:&quot;48&quot;,&quot;iso&quot;:&quot;400&quot;,&quot;shutter_speed&quot;:&quot;0.0125&quot;,&quot;title&quot;:&quot;&quot;,&quot;orientation&quot;:&quot;1&quot;}\" data-image-title=\"Pluie sur la vitre\" data-image-description=\"\" data-image-caption=\"\" data-medium-file=\"https:\/\/www.leriredelarcenciel.fr\/Blog\/wp-content\/uploads\/2019\/11\/Pluie-sur-la-vitre-300x199.jpg\" data-large-file=\"https:\/\/www.leriredelarcenciel.fr\/Blog\/wp-content\/uploads\/2019\/11\/Pluie-sur-la-vitre-1024x680.jpg\" src=\"https:\/\/www.leriredelarcenciel.fr\/Blog\/wp-content\/uploads\/2019\/11\/Pluie-sur-la-vitre-1024x680.jpg\" alt=\"Gouttes d'eau sur la vitre\" class=\"wp-image-5030\" srcset=\"https:\/\/www.leriredelarcenciel.fr\/Blog\/wp-content\/uploads\/2019\/11\/Pluie-sur-la-vitre-1024x680.jpg 1024w, https:\/\/www.leriredelarcenciel.fr\/Blog\/wp-content\/uploads\/2019\/11\/Pluie-sur-la-vitre-300x199.jpg 300w, https:\/\/www.leriredelarcenciel.fr\/Blog\/wp-content\/uploads\/2019\/11\/Pluie-sur-la-vitre-768x510.jpg 768w, https:\/\/www.leriredelarcenciel.fr\/Blog\/wp-content\/uploads\/2019\/11\/Pluie-sur-la-vitre-216x144.jpg 216w\" sizes=\"auto, (max-width: 1024px) 100vw, 1024px\" \/><\/a><figcaption>A l&rsquo;atelier &#8211; Gouttes d&rsquo;eau sur la vitre<\/figcaption><\/figure>\n\n\n\n<p>L\u2019id\u00e9e suivante est de prendre des photos. Les escargots se font rares \u00e0 cette saison, mais la pluie courant dans le caniveau ou glissant sur les vitres est un excellent sujet \u00e0 photographier.<\/p>\n\n\n\n<figure class=\"wp-block-image\"><a href=\"https:\/\/www.leriredelarcenciel.fr\/Blog\/wp-content\/uploads\/2019\/11\/Th\u00e9-\u00e0-latelier.jpg\" target=\"_blank\" rel=\"noreferrer noopener\"><img loading=\"lazy\" decoding=\"async\" width=\"1024\" height=\"680\" data-attachment-id=\"5031\" data-permalink=\"https:\/\/www.leriredelarcenciel.fr\/Blog\/chouette-il-pleut\/the-a-latelier\/\" data-orig-file=\"https:\/\/www.leriredelarcenciel.fr\/Blog\/wp-content\/uploads\/2019\/11\/Th\u00e9-\u00e0-latelier.jpg\" data-orig-size=\"4912,3264\" data-comments-opened=\"1\" data-image-meta=\"{&quot;aperture&quot;:&quot;4&quot;,&quot;credit&quot;:&quot;&quot;,&quot;camera&quot;:&quot;NEX-F3&quot;,&quot;caption&quot;:&quot;&quot;,&quot;created_timestamp&quot;:&quot;1573752732&quot;,&quot;copyright&quot;:&quot;&quot;,&quot;focal_length&quot;:&quot;30&quot;,&quot;iso&quot;:&quot;1250&quot;,&quot;shutter_speed&quot;:&quot;0.016666666666667&quot;,&quot;title&quot;:&quot;&quot;,&quot;orientation&quot;:&quot;1&quot;}\" data-image-title=\"Th\u00e9 \u00e0 l&amp;rsquo;atelier\" data-image-description=\"\" data-image-caption=\"\" data-medium-file=\"https:\/\/www.leriredelarcenciel.fr\/Blog\/wp-content\/uploads\/2019\/11\/Th\u00e9-\u00e0-latelier-300x199.jpg\" data-large-file=\"https:\/\/www.leriredelarcenciel.fr\/Blog\/wp-content\/uploads\/2019\/11\/Th\u00e9-\u00e0-latelier-1024x680.jpg\" src=\"https:\/\/www.leriredelarcenciel.fr\/Blog\/wp-content\/uploads\/2019\/11\/Th\u00e9-\u00e0-latelier-1024x680.jpg\" alt=\"Th\u00e9 sur la table de travail\" class=\"wp-image-5031\" srcset=\"https:\/\/www.leriredelarcenciel.fr\/Blog\/wp-content\/uploads\/2019\/11\/Th\u00e9-\u00e0-latelier-1024x680.jpg 1024w, https:\/\/www.leriredelarcenciel.fr\/Blog\/wp-content\/uploads\/2019\/11\/Th\u00e9-\u00e0-latelier-300x199.jpg 300w, https:\/\/www.leriredelarcenciel.fr\/Blog\/wp-content\/uploads\/2019\/11\/Th\u00e9-\u00e0-latelier-768x510.jpg 768w, https:\/\/www.leriredelarcenciel.fr\/Blog\/wp-content\/uploads\/2019\/11\/Th\u00e9-\u00e0-latelier-216x144.jpg 216w\" sizes=\"auto, (max-width: 1024px) 100vw, 1024px\" \/><\/a><figcaption>A l&rsquo;atelier &#8211; Th\u00e9 bien chaud pendant le travail<\/figcaption><\/figure>\n\n\n\n<p>Et une fois revenu \u00e0 la maison, apr\u00e8s avoir parcouru les rues ou les chemins sous la pluie, on peut se pr\u00e9parer une boisson chaude et se pelotonner dans un plaid, tout au fond du canap\u00e9.<\/p>\n\n\n\n<p>Bon, en ce qui me concerne, pas de plaid ni de canap\u00e9 pour l&rsquo;instant. Mais  ma tasse de th\u00e9 me tient compagnie pendant que je travaille.<\/p>\n\n\n\n<p>Et vous, que\nfaites-vous quand il pleut&nbsp;?<\/p>\n<a class=\"synved-social-button synved-social-button-share synved-social-size-24 synved-social-resolution-single synved-social-provider-facebook nolightbox\" data-provider=\"facebook\" target=\"_blank\" rel=\"nofollow\" title=\"Partager sur Facebook\" href=\"http:\/\/www.facebook.com\/sharer.php?u=https%3A%2F%2Fwww.leriredelarcenciel.fr%2FBlog%2Fwp-json%2Fwp%2Fv2%2Fposts%2F5028&#038;t=Chouette%2C%20il%20pleut%20%21&#038;s=100&#038;p&#091;url&#093;=https%3A%2F%2Fwww.leriredelarcenciel.fr%2FBlog%2Fwp-json%2Fwp%2Fv2%2Fposts%2F5028&#038;p&#091;images&#093;&#091;0&#093;=http%3A%2F%2Fwww.leriredelarcenciel.fr%2FBlog%2Fwp-content%2Fuploads%2F2019%2F11%2FGouttes-deau-sur-les-capucines-1024x680.jpg&#038;p&#091;title&#093;=Chouette%2C%20il%20pleut%20%21\" style=\"font-size: 0px;width:24px;height:24px;margin:0;margin-bottom:10px;margin-right:10px\"><img loading=\"lazy\" decoding=\"async\" alt=\"Facebook\" title=\"Partager sur Facebook\" class=\"synved-share-image synved-social-image synved-social-image-share\" width=\"24\" height=\"24\" style=\"display: inline;width:24px;height:24px;margin: 0;padding: 0;border: none;box-shadow: none\" src=\"https:\/\/www.leriredelarcenciel.fr\/Blog\/wp-content\/plugins\/social-media-feather\/synved-social\/image\/social\/regular\/48x48\/facebook.png\" \/><\/a><a class=\"synved-social-button synved-social-button-share synved-social-size-24 synved-social-resolution-single synved-social-provider-pinterest nolightbox\" data-provider=\"pinterest\" target=\"_blank\" rel=\"nofollow\" title=\"Epingler sur Pinterest\" href=\"https:\/\/pinterest.com\/pin\/create\/button\/?url=https%3A%2F%2Fwww.leriredelarcenciel.fr%2FBlog%2Fwp-json%2Fwp%2Fv2%2Fposts%2F5028&#038;media=http%3A%2F%2Fwww.leriredelarcenciel.fr%2FBlog%2Fwp-content%2Fuploads%2F2019%2F11%2FGouttes-deau-sur-les-capucines-1024x680.jpg&#038;description=Chouette%2C%20il%20pleut%20%21\" style=\"font-size: 0px;width:24px;height:24px;margin:0;margin-bottom:10px;margin-right:10px\"><img loading=\"lazy\" decoding=\"async\" alt=\"pinterest\" title=\"Epingler sur Pinterest\" class=\"synved-share-image synved-social-image synved-social-image-share\" width=\"24\" height=\"24\" style=\"display: inline;width:24px;height:24px;margin: 0;padding: 0;border: none;box-shadow: none\" src=\"https:\/\/www.leriredelarcenciel.fr\/Blog\/wp-content\/plugins\/social-media-feather\/synved-social\/image\/social\/regular\/48x48\/pinterest.png\" \/><\/a><a class=\"synved-social-button synved-social-button-share synved-social-size-24 synved-social-resolution-single synved-social-provider-mail nolightbox\" data-provider=\"mail\" rel=\"nofollow\" title=\"Partager par email\" href=\"mailto:?subject=Chouette%2C%20il%20pleut%20%21&#038;body=Le%20rire%20de%20l%27arc-en-ciel%20:%20https%3A%2F%2Fwww.leriredelarcenciel.fr%2FBlog%2Fwp-json%2Fwp%2Fv2%2Fposts%2F5028\" style=\"font-size: 0px;width:24px;height:24px;margin:0;margin-bottom:10px;margin-right:10px\"><img loading=\"lazy\" decoding=\"async\" alt=\"mail\" title=\"Partager par email\" class=\"synved-share-image synved-social-image synved-social-image-share\" width=\"24\" height=\"24\" style=\"display: inline;width:24px;height:24px;margin: 0;padding: 0;border: none;box-shadow: none\" src=\"https:\/\/www.leriredelarcenciel.fr\/Blog\/wp-content\/plugins\/social-media-feather\/synved-social\/image\/social\/regular\/48x48\/mail.png\" \/><\/a>","protected":false},"excerpt":{"rendered":"<p>Flic floc ! A l\u2019instant m\u00eame o\u00f9 je vous \u00e9cris ces quelques lignes, la pluie bat son plein dans les rues de l\u2019\u00cele Grande. On ne peut m\u00eame pas se dire : \u00ab\u00a0c\u2019est bien, le sol en avait besoin\u00a0\u00bb puisque la terre est d\u00e9j\u00e0 gorg\u00e9e d\u2019eau ! Dans le journal, on parle de records battus\u2026 [&hellip;]<\/p>\n","protected":false},"author":1,"featured_media":0,"comment_status":"open","ping_status":"open","sticky":false,"template":"","format":"standard","meta":{"jetpack_post_was_ever_published":false,"_jetpack_newsletter_access":"","_jetpack_dont_email_post_to_subs":false,"_jetpack_newsletter_tier_id":0,"_jetpack_memberships_contains_paywalled_content":false,"_jetpack_memberships_contains_paid_content":false,"footnotes":"","jetpack_publicize_message":"","jetpack_publicize_feature_enabled":true,"jetpack_social_post_already_shared":true,"jetpack_social_options":{"image_generator_settings":{"template":"highway","default_image_id":0,"font":"","enabled":false},"version":2}},"categories":[14],"tags":[1486,1481,1482,1485,1483,1484],"class_list":["post-5028","post","type-post","status-publish","format-standard","hentry","category-et-aussi","tag-gouttes-deau","tag-il-pleut","tag-jour-de-pluie","tag-photos-sous-la-pluie","tag-reflexions-sur-la-pluie","tag-sauter-dans-les-flaques"],"jetpack_publicize_connections":[],"jetpack_featured_media_url":"","jetpack_sharing_enabled":true,"jetpack_shortlink":"https:\/\/wp.me\/p4fKpm-1j6","_links":{"self":[{"href":"https:\/\/www.leriredelarcenciel.fr\/Blog\/wp-json\/wp\/v2\/posts\/5028","targetHints":{"allow":["GET"]}}],"collection":[{"href":"https:\/\/www.leriredelarcenciel.fr\/Blog\/wp-json\/wp\/v2\/posts"}],"about":[{"href":"https:\/\/www.leriredelarcenciel.fr\/Blog\/wp-json\/wp\/v2\/types\/post"}],"author":[{"embeddable":true,"href":"https:\/\/www.leriredelarcenciel.fr\/Blog\/wp-json\/wp\/v2\/users\/1"}],"replies":[{"embeddable":true,"href":"https:\/\/www.leriredelarcenciel.fr\/Blog\/wp-json\/wp\/v2\/comments?post=5028"}],"version-history":[{"count":1,"href":"https:\/\/www.leriredelarcenciel.fr\/Blog\/wp-json\/wp\/v2\/posts\/5028\/revisions"}],"predecessor-version":[{"id":5032,"href":"https:\/\/www.leriredelarcenciel.fr\/Blog\/wp-json\/wp\/v2\/posts\/5028\/revisions\/5032"}],"wp:attachment":[{"href":"https:\/\/www.leriredelarcenciel.fr\/Blog\/wp-json\/wp\/v2\/media?parent=5028"}],"wp:term":[{"taxonomy":"category","embeddable":true,"href":"https:\/\/www.leriredelarcenciel.fr\/Blog\/wp-json\/wp\/v2\/categories?post=5028"},{"taxonomy":"post_tag","embeddable":true,"href":"https:\/\/www.leriredelarcenciel.fr\/Blog\/wp-json\/wp\/v2\/tags?post=5028"}],"curies":[{"name":"wp","href":"https:\/\/api.w.org\/{rel}","templated":true}]}}