{"id":5019,"date":"2019-11-08T09:36:12","date_gmt":"2019-11-08T08:36:12","guid":{"rendered":"http:\/\/www.leriredelarcenciel.fr\/Blog\/?p=5019"},"modified":"2019-11-08T09:36:18","modified_gmt":"2019-11-08T08:36:18","slug":"preparatifs-pour-les-marches","status":"publish","type":"post","link":"https:\/\/www.leriredelarcenciel.fr\/Blog\/preparatifs-pour-les-marches\/","title":{"rendered":"Pr\u00e9paratifs pour les march\u00e9s"},"content":{"rendered":"\n<p>En vue du march\u00e9 de No\u00ebl auquel je participerai bient\u00f4t (*) et des expositions que je souhaite faire l\u2019ann\u00e9e prochaine, je revois actuellement ma pr\u00e9sentation de stand. Rien de bien r\u00e9volutionnaire par rapport \u00e0 ce que je fais habituellement mais tout de m\u00eame. <\/p>\n\n\n\n<figure class=\"wp-block-image\"><a href=\"https:\/\/www.leriredelarcenciel.fr\/Blog\/wp-content\/uploads\/2019\/11\/Stand.jpg\" target=\"_blank\" rel=\"noreferrer noopener\"><img loading=\"lazy\" decoding=\"async\" width=\"1024\" height=\"576\" data-attachment-id=\"5020\" data-permalink=\"https:\/\/www.leriredelarcenciel.fr\/Blog\/preparatifs-pour-les-marches\/stand\/\" data-orig-file=\"https:\/\/www.leriredelarcenciel.fr\/Blog\/wp-content\/uploads\/2019\/11\/Stand.jpg\" data-orig-size=\"4032,2268\" data-comments-opened=\"1\" data-image-meta=\"{&quot;aperture&quot;:&quot;1.7&quot;,&quot;credit&quot;:&quot;&quot;,&quot;camera&quot;:&quot;SM-G935F&quot;,&quot;caption&quot;:&quot;&quot;,&quot;created_timestamp&quot;:&quot;1541876245&quot;,&quot;copyright&quot;:&quot;&quot;,&quot;focal_length&quot;:&quot;4.2&quot;,&quot;iso&quot;:&quot;200&quot;,&quot;shutter_speed&quot;:&quot;0.02&quot;,&quot;title&quot;:&quot;&quot;,&quot;orientation&quot;:&quot;0&quot;}\" data-image-title=\"Stand\" data-image-description=\"\" data-image-caption=\"\" data-medium-file=\"https:\/\/www.leriredelarcenciel.fr\/Blog\/wp-content\/uploads\/2019\/11\/Stand-300x169.jpg\" data-large-file=\"https:\/\/www.leriredelarcenciel.fr\/Blog\/wp-content\/uploads\/2019\/11\/Stand-1024x576.jpg\" src=\"https:\/\/www.leriredelarcenciel.fr\/Blog\/wp-content\/uploads\/2019\/11\/Stand-1024x576.jpg\" alt=\"Installation de mon stand sur un pr\u00e9c\u00e9dent march\u00e9\" class=\"wp-image-5020\" srcset=\"https:\/\/www.leriredelarcenciel.fr\/Blog\/wp-content\/uploads\/2019\/11\/Stand-1024x576.jpg 1024w, https:\/\/www.leriredelarcenciel.fr\/Blog\/wp-content\/uploads\/2019\/11\/Stand-300x169.jpg 300w, https:\/\/www.leriredelarcenciel.fr\/Blog\/wp-content\/uploads\/2019\/11\/Stand-768x432.jpg 768w, https:\/\/www.leriredelarcenciel.fr\/Blog\/wp-content\/uploads\/2019\/11\/Stand-216x122.jpg 216w\" sizes=\"auto, (max-width: 1024px) 100vw, 1024px\" \/><\/a><figcaption>Installation de mon stand sur un pr\u00e9c\u00e9dent march\u00e9<\/figcaption><\/figure>\n\n\n\n<p>De nouvelles cr\u00e9ations sont apparues depuis ma derni\u00e8re exposition, comme les \u00e9charpes par exemple. D\u2019autres ont disparu. Certains articles seront d\u00e9sormais disponibles uniquement \u00e0 la boutique de l\u2019\u00cele Grande et sur mon site. Je ne les proposerai plus sur les march\u00e9s. Bref, tout cela fait que la pr\u00e9sentation de mon stand change. Certains pr\u00e9sentoirs ne sont plus utiles, d\u2019autres manquent \u00e0 l\u2019appel. Le recyclage et la transformation des anciens pr\u00e9sentoirs s\u2019imposent donc autant que possible. Je veux \u00e9galement optimiser l\u2019utilisation du paravent. Et pour finir, je vous avoue que je mets toute ma mati\u00e8re grise en \u00e9bullition pour que le montage et le d\u00e9montage de mon stand se fasse le plus facilement et le plus rapidement possible ! <\/p>\n\n\n\n<figure class=\"wp-block-image\"><a href=\"https:\/\/www.leriredelarcenciel.fr\/Blog\/wp-content\/uploads\/2019\/11\/DSC07883.jpg\" target=\"_blank\" rel=\"noreferrer noopener\"><img loading=\"lazy\" decoding=\"async\" width=\"1024\" height=\"680\" data-attachment-id=\"5021\" data-permalink=\"https:\/\/www.leriredelarcenciel.fr\/Blog\/preparatifs-pour-les-marches\/dsc07883\/\" data-orig-file=\"https:\/\/www.leriredelarcenciel.fr\/Blog\/wp-content\/uploads\/2019\/11\/DSC07883.jpg\" data-orig-size=\"4912,3264\" data-comments-opened=\"1\" data-image-meta=\"{&quot;aperture&quot;:&quot;10&quot;,&quot;credit&quot;:&quot;&quot;,&quot;camera&quot;:&quot;NEX-F3&quot;,&quot;caption&quot;:&quot;&quot;,&quot;created_timestamp&quot;:&quot;1573149829&quot;,&quot;copyright&quot;:&quot;&quot;,&quot;focal_length&quot;:&quot;18&quot;,&quot;iso&quot;:&quot;2500&quot;,&quot;shutter_speed&quot;:&quot;0.016666666666667&quot;,&quot;title&quot;:&quot;&quot;,&quot;orientation&quot;:&quot;1&quot;}\" data-image-title=\"DSC07883\" data-image-description=\"\" data-image-caption=\"\" data-medium-file=\"https:\/\/www.leriredelarcenciel.fr\/Blog\/wp-content\/uploads\/2019\/11\/DSC07883-300x199.jpg\" data-large-file=\"https:\/\/www.leriredelarcenciel.fr\/Blog\/wp-content\/uploads\/2019\/11\/DSC07883-1024x680.jpg\" src=\"https:\/\/www.leriredelarcenciel.fr\/Blog\/wp-content\/uploads\/2019\/11\/DSC07883-1024x680.jpg\" alt=\"Test pour pr\u00e9sentation des broches\" class=\"wp-image-5021\" srcset=\"https:\/\/www.leriredelarcenciel.fr\/Blog\/wp-content\/uploads\/2019\/11\/DSC07883-1024x680.jpg 1024w, https:\/\/www.leriredelarcenciel.fr\/Blog\/wp-content\/uploads\/2019\/11\/DSC07883-300x199.jpg 300w, https:\/\/www.leriredelarcenciel.fr\/Blog\/wp-content\/uploads\/2019\/11\/DSC07883-768x510.jpg 768w, https:\/\/www.leriredelarcenciel.fr\/Blog\/wp-content\/uploads\/2019\/11\/DSC07883-216x144.jpg 216w\" sizes=\"auto, (max-width: 1024px) 100vw, 1024px\" \/><\/a><figcaption>Test pour pr\u00e9sentation des broches<\/figcaption><\/figure>\n\n\n\n<p>Par exemple, je vous proposerai des broches sur d\u2019anciens pr\u00e9sentoirs \u00e0 bagues. Explications\u00a0: je me servais de b\u00e2tons autour desquels je pla\u00e7ais les bagues et que je piquais dans des pots. Aujourd\u2019hui, je viens d\u2019entourer ces b\u00e2tons d\u2019une \u00e9paisseur de tissu pour pouvoir y accrocher des broches. <\/p>\n\n\n\n<figure class=\"wp-block-image\"><a href=\"https:\/\/www.leriredelarcenciel.fr\/Blog\/wp-content\/uploads\/2019\/11\/DSC07885.jpg\" target=\"_blank\" rel=\"noreferrer noopener\"><img loading=\"lazy\" decoding=\"async\" width=\"1024\" height=\"680\" data-attachment-id=\"5022\" data-permalink=\"https:\/\/www.leriredelarcenciel.fr\/Blog\/preparatifs-pour-les-marches\/dsc07885\/\" data-orig-file=\"https:\/\/www.leriredelarcenciel.fr\/Blog\/wp-content\/uploads\/2019\/11\/DSC07885.jpg\" data-orig-size=\"4912,3264\" data-comments-opened=\"1\" data-image-meta=\"{&quot;aperture&quot;:&quot;10&quot;,&quot;credit&quot;:&quot;&quot;,&quot;camera&quot;:&quot;NEX-F3&quot;,&quot;caption&quot;:&quot;&quot;,&quot;created_timestamp&quot;:&quot;1573149867&quot;,&quot;copyright&quot;:&quot;&quot;,&quot;focal_length&quot;:&quot;18&quot;,&quot;iso&quot;:&quot;3200&quot;,&quot;shutter_speed&quot;:&quot;0.02&quot;,&quot;title&quot;:&quot;&quot;,&quot;orientation&quot;:&quot;1&quot;}\" data-image-title=\"DSC07885\" data-image-description=\"\" data-image-caption=\"\" data-medium-file=\"https:\/\/www.leriredelarcenciel.fr\/Blog\/wp-content\/uploads\/2019\/11\/DSC07885-300x199.jpg\" data-large-file=\"https:\/\/www.leriredelarcenciel.fr\/Blog\/wp-content\/uploads\/2019\/11\/DSC07885-1024x680.jpg\" src=\"https:\/\/www.leriredelarcenciel.fr\/Blog\/wp-content\/uploads\/2019\/11\/DSC07885-1024x680.jpg\" alt=\"D\u00e9tail du b\u00e2ton pour pr\u00e9senter les broches\" class=\"wp-image-5022\" srcset=\"https:\/\/www.leriredelarcenciel.fr\/Blog\/wp-content\/uploads\/2019\/11\/DSC07885-1024x680.jpg 1024w, https:\/\/www.leriredelarcenciel.fr\/Blog\/wp-content\/uploads\/2019\/11\/DSC07885-300x199.jpg 300w, https:\/\/www.leriredelarcenciel.fr\/Blog\/wp-content\/uploads\/2019\/11\/DSC07885-768x510.jpg 768w, https:\/\/www.leriredelarcenciel.fr\/Blog\/wp-content\/uploads\/2019\/11\/DSC07885-216x144.jpg 216w\" sizes=\"auto, (max-width: 1024px) 100vw, 1024px\" \/><\/a><figcaption>D\u00e9tail du b\u00e2ton pour pr\u00e9senter les broches<\/figcaption><\/figure>\n\n\n\n<p>Le petit plus\u00a0: je pourrai installer toutes les broches par avance sur les b\u00e2tons. Arriv\u00e9e sur l\u2019exposition, je n\u2019aurai plus qu\u2019\u00e0 piquer les b\u00e2tons dans les pots.<\/p>\n\n\n\n<figure class=\"wp-block-image\"><a href=\"https:\/\/www.leriredelarcenciel.fr\/Blog\/wp-content\/uploads\/2019\/11\/DSC07887.jpg\" target=\"_blank\" rel=\"noreferrer noopener\"><img loading=\"lazy\" decoding=\"async\" width=\"1024\" height=\"680\" data-attachment-id=\"5023\" data-permalink=\"https:\/\/www.leriredelarcenciel.fr\/Blog\/preparatifs-pour-les-marches\/dsc07887\/\" data-orig-file=\"https:\/\/www.leriredelarcenciel.fr\/Blog\/wp-content\/uploads\/2019\/11\/DSC07887.jpg\" data-orig-size=\"4912,3264\" data-comments-opened=\"1\" data-image-meta=\"{&quot;aperture&quot;:&quot;4&quot;,&quot;credit&quot;:&quot;&quot;,&quot;camera&quot;:&quot;NEX-F3&quot;,&quot;caption&quot;:&quot;&quot;,&quot;created_timestamp&quot;:&quot;1573150441&quot;,&quot;copyright&quot;:&quot;&quot;,&quot;focal_length&quot;:&quot;19&quot;,&quot;iso&quot;:&quot;1000&quot;,&quot;shutter_speed&quot;:&quot;0.016666666666667&quot;,&quot;title&quot;:&quot;&quot;,&quot;orientation&quot;:&quot;1&quot;}\" data-image-title=\"DSC07887\" data-image-description=\"\" data-image-caption=\"\" data-medium-file=\"https:\/\/www.leriredelarcenciel.fr\/Blog\/wp-content\/uploads\/2019\/11\/DSC07887-300x199.jpg\" data-large-file=\"https:\/\/www.leriredelarcenciel.fr\/Blog\/wp-content\/uploads\/2019\/11\/DSC07887-1024x680.jpg\" src=\"https:\/\/www.leriredelarcenciel.fr\/Blog\/wp-content\/uploads\/2019\/11\/DSC07887-1024x680.jpg\" alt=\"Le paravent, support pour tableaux hublots\" class=\"wp-image-5023\" srcset=\"https:\/\/www.leriredelarcenciel.fr\/Blog\/wp-content\/uploads\/2019\/11\/DSC07887-1024x680.jpg 1024w, https:\/\/www.leriredelarcenciel.fr\/Blog\/wp-content\/uploads\/2019\/11\/DSC07887-300x199.jpg 300w, https:\/\/www.leriredelarcenciel.fr\/Blog\/wp-content\/uploads\/2019\/11\/DSC07887-768x510.jpg 768w, https:\/\/www.leriredelarcenciel.fr\/Blog\/wp-content\/uploads\/2019\/11\/DSC07887-216x144.jpg 216w\" sizes=\"auto, (max-width: 1024px) 100vw, 1024px\" \/><\/a><figcaption>Le paravent, support pour tableaux hublots<\/figcaption><\/figure>\n\n\n\n<p>Il y a aussi l\u2019histoire du paravent\u2026 Il s\u2019agit d\u2019un vieux paravent d\u00e9nich\u00e9 dans un d\u00e9p\u00f4t-vente. Apr\u00e8s l\u2019avoir repeint et avoir chang\u00e9 le tissu, je l\u2019avais mis en fonction l\u2019ann\u00e9e derni\u00e8re pour pr\u00e9senter les tableaux hublots. Chaque tableau \u00e9tait reli\u00e9 \u00e0 la barre sup\u00e9rieure \u00e0 l\u2019aide d\u2019un fil. L\u2019installation \u00e9tait longue et laborieuse. Et le probl\u00e8me, c\u2019est qu\u2019\u00e0 chaque vente je devais changer les tableaux de place pour ne pas laisser de \u00ab\u00a0trou\u00a0\u00bb dans la pr\u00e9sentation. Ce qui m\u2019obligeait \u00e0 recouper des fils \u00e0 la bonne longueur. <\/p>\n\n\n\n<div class=\"wp-block-image\"><figure class=\"aligncenter\"><a href=\"https:\/\/www.leriredelarcenciel.fr\/Blog\/wp-content\/uploads\/2019\/11\/DSC07891-1.jpg\" target=\"_blank\" rel=\"noreferrer noopener\"><img loading=\"lazy\" decoding=\"async\" width=\"680\" height=\"1024\" data-attachment-id=\"5025\" data-permalink=\"https:\/\/www.leriredelarcenciel.fr\/Blog\/preparatifs-pour-les-marches\/dsc07891-2\/\" data-orig-file=\"https:\/\/www.leriredelarcenciel.fr\/Blog\/wp-content\/uploads\/2019\/11\/DSC07891-1.jpg\" data-orig-size=\"3264,4912\" data-comments-opened=\"1\" data-image-meta=\"{&quot;aperture&quot;:&quot;4&quot;,&quot;credit&quot;:&quot;&quot;,&quot;camera&quot;:&quot;NEX-F3&quot;,&quot;caption&quot;:&quot;&quot;,&quot;created_timestamp&quot;:&quot;1573150499&quot;,&quot;copyright&quot;:&quot;&quot;,&quot;focal_length&quot;:&quot;19&quot;,&quot;iso&quot;:&quot;1250&quot;,&quot;shutter_speed&quot;:&quot;0.016666666666667&quot;,&quot;title&quot;:&quot;&quot;,&quot;orientation&quot;:&quot;0&quot;}\" data-image-title=\"DSC07891\" data-image-description=\"\" data-image-caption=\"\" data-medium-file=\"https:\/\/www.leriredelarcenciel.fr\/Blog\/wp-content\/uploads\/2019\/11\/DSC07891-1-199x300.jpg\" data-large-file=\"https:\/\/www.leriredelarcenciel.fr\/Blog\/wp-content\/uploads\/2019\/11\/DSC07891-1-680x1024.jpg\" src=\"https:\/\/www.leriredelarcenciel.fr\/Blog\/wp-content\/uploads\/2019\/11\/DSC07891-1-680x1024.jpg\" alt=\"Suspension des tableaux, d\u00e9tail\" class=\"wp-image-5025\" srcset=\"https:\/\/www.leriredelarcenciel.fr\/Blog\/wp-content\/uploads\/2019\/11\/DSC07891-1-680x1024.jpg 680w, https:\/\/www.leriredelarcenciel.fr\/Blog\/wp-content\/uploads\/2019\/11\/DSC07891-1-199x300.jpg 199w, https:\/\/www.leriredelarcenciel.fr\/Blog\/wp-content\/uploads\/2019\/11\/DSC07891-1-768x1156.jpg 768w, https:\/\/www.leriredelarcenciel.fr\/Blog\/wp-content\/uploads\/2019\/11\/DSC07891-1-112x168.jpg 112w\" sizes=\"auto, (max-width: 680px) 100vw, 680px\" \/><\/a><figcaption>Suspension des tableaux, d\u00e9tail<\/figcaption><\/figure><\/div>\n\n\n\n<p>J\u2019ai donc trouv\u00e9 une solution que j\u2019esp\u00e8re meilleure\u2026 (on\nverra \u00e0 l\u2019usage). Un syst\u00e8me de cordelettes \u00e0 noeuds et de crochets en S me\npermettra de suspendre les tableaux rapidement \u00e0 la hauteur voulue et de les\nd\u00e9placer facilement au fur et \u00e0 mesure des ventes.<\/p>\n\n\n\n<p>Verdict apr\u00e8s le march\u00e9 de No\u00ebl ! Et\u2026 nouvelles am\u00e9liorations \u00e0 pr\u00e9voir d\u2019ici l\u2019exposition suivante (je me connais) !<\/p>\n\n\n\n<p>(*) : Cette fin ann\u00e9e, je ferai un seul march\u00e9 de No\u00ebl. Si vous souhaitez me retrouver, r\u00e9servez tout de suite le week-end : samedi 30 novembre et dimanche 1<sup>er<\/sup> d\u00e9cembre. Le march\u00e9 se d\u00e9roulera au P\u00f4le Phoenix, \u00e0 Pleumeur-Bodou.<\/p>\n<a class=\"synved-social-button synved-social-button-share synved-social-size-24 synved-social-resolution-single synved-social-provider-facebook nolightbox\" data-provider=\"facebook\" target=\"_blank\" rel=\"nofollow\" title=\"Partager sur Facebook\" href=\"http:\/\/www.facebook.com\/sharer.php?u=https%3A%2F%2Fwww.leriredelarcenciel.fr%2FBlog%2Fwp-json%2Fwp%2Fv2%2Fposts%2F5019&#038;t=Pr%C3%A9paratifs%20pour%20les%20march%C3%A9s&#038;s=100&#038;p&#091;url&#093;=https%3A%2F%2Fwww.leriredelarcenciel.fr%2FBlog%2Fwp-json%2Fwp%2Fv2%2Fposts%2F5019&#038;p&#091;images&#093;&#091;0&#093;=http%3A%2F%2Fwww.leriredelarcenciel.fr%2FBlog%2Fwp-content%2Fuploads%2F2019%2F11%2FStand-1024x576.jpg&#038;p&#091;title&#093;=Pr%C3%A9paratifs%20pour%20les%20march%C3%A9s\" style=\"font-size: 0px;width:24px;height:24px;margin:0;margin-bottom:10px;margin-right:10px\"><img loading=\"lazy\" decoding=\"async\" alt=\"Facebook\" title=\"Partager sur Facebook\" class=\"synved-share-image synved-social-image synved-social-image-share\" width=\"24\" height=\"24\" style=\"display: inline;width:24px;height:24px;margin: 0;padding: 0;border: none;box-shadow: none\" src=\"https:\/\/www.leriredelarcenciel.fr\/Blog\/wp-content\/plugins\/social-media-feather\/synved-social\/image\/social\/regular\/48x48\/facebook.png\" \/><\/a><a class=\"synved-social-button synved-social-button-share synved-social-size-24 synved-social-resolution-single synved-social-provider-pinterest nolightbox\" data-provider=\"pinterest\" target=\"_blank\" rel=\"nofollow\" title=\"Epingler sur Pinterest\" href=\"https:\/\/pinterest.com\/pin\/create\/button\/?url=https%3A%2F%2Fwww.leriredelarcenciel.fr%2FBlog%2Fwp-json%2Fwp%2Fv2%2Fposts%2F5019&#038;media=http%3A%2F%2Fwww.leriredelarcenciel.fr%2FBlog%2Fwp-content%2Fuploads%2F2019%2F11%2FStand-1024x576.jpg&#038;description=Pr%C3%A9paratifs%20pour%20les%20march%C3%A9s\" style=\"font-size: 0px;width:24px;height:24px;margin:0;margin-bottom:10px;margin-right:10px\"><img loading=\"lazy\" decoding=\"async\" alt=\"pinterest\" title=\"Epingler sur Pinterest\" class=\"synved-share-image synved-social-image synved-social-image-share\" width=\"24\" height=\"24\" style=\"display: inline;width:24px;height:24px;margin: 0;padding: 0;border: none;box-shadow: none\" src=\"https:\/\/www.leriredelarcenciel.fr\/Blog\/wp-content\/plugins\/social-media-feather\/synved-social\/image\/social\/regular\/48x48\/pinterest.png\" \/><\/a><a class=\"synved-social-button synved-social-button-share synved-social-size-24 synved-social-resolution-single synved-social-provider-mail nolightbox\" data-provider=\"mail\" rel=\"nofollow\" title=\"Partager par email\" href=\"mailto:?subject=Pr%C3%A9paratifs%20pour%20les%20march%C3%A9s&#038;body=Le%20rire%20de%20l%27arc-en-ciel%20:%20https%3A%2F%2Fwww.leriredelarcenciel.fr%2FBlog%2Fwp-json%2Fwp%2Fv2%2Fposts%2F5019\" style=\"font-size: 0px;width:24px;height:24px;margin:0;margin-bottom:10px;margin-right:10px\"><img loading=\"lazy\" decoding=\"async\" alt=\"mail\" title=\"Partager par email\" class=\"synved-share-image synved-social-image synved-social-image-share\" width=\"24\" height=\"24\" style=\"display: inline;width:24px;height:24px;margin: 0;padding: 0;border: none;box-shadow: none\" src=\"https:\/\/www.leriredelarcenciel.fr\/Blog\/wp-content\/plugins\/social-media-feather\/synved-social\/image\/social\/regular\/48x48\/mail.png\" \/><\/a>","protected":false},"excerpt":{"rendered":"<p>En vue du march\u00e9 de No\u00ebl auquel je participerai bient\u00f4t (*) et des expositions que je souhaite faire l\u2019ann\u00e9e prochaine, je revois actuellement ma pr\u00e9sentation de stand. Rien de bien r\u00e9volutionnaire par rapport \u00e0 ce que je fais habituellement mais tout de m\u00eame. De nouvelles cr\u00e9ations sont apparues depuis ma derni\u00e8re exposition, comme les \u00e9charpes [&hellip;]<\/p>\n","protected":false},"author":1,"featured_media":0,"comment_status":"open","ping_status":"open","sticky":false,"template":"","format":"standard","meta":{"jetpack_post_was_ever_published":false,"_jetpack_newsletter_access":"","_jetpack_dont_email_post_to_subs":false,"_jetpack_newsletter_tier_id":0,"_jetpack_memberships_contains_paywalled_content":false,"_jetpack_memberships_contains_paid_content":false,"footnotes":"","jetpack_publicize_message":"","jetpack_publicize_feature_enabled":true,"jetpack_social_post_already_shared":true,"jetpack_social_options":{"image_generator_settings":{"template":"highway","default_image_id":0,"font":"","enabled":false},"version":2}},"categories":[4],"tags":[1476,1477,1480,1479,1478],"class_list":["post-5019","post","type-post","status-publish","format-standard","hentry","category-dans-un-coin-de-l-atelier","tag-astuces-presentoirs","tag-comment-faire-des-presentoirs","tag-installation-marches","tag-presentoirs-fait-main","tag-presentoirs-marches"],"jetpack_publicize_connections":[],"jetpack_featured_media_url":"","jetpack_sharing_enabled":true,"jetpack_shortlink":"https:\/\/wp.me\/p4fKpm-1iX","_links":{"self":[{"href":"https:\/\/www.leriredelarcenciel.fr\/Blog\/wp-json\/wp\/v2\/posts\/5019","targetHints":{"allow":["GET"]}}],"collection":[{"href":"https:\/\/www.leriredelarcenciel.fr\/Blog\/wp-json\/wp\/v2\/posts"}],"about":[{"href":"https:\/\/www.leriredelarcenciel.fr\/Blog\/wp-json\/wp\/v2\/types\/post"}],"author":[{"embeddable":true,"href":"https:\/\/www.leriredelarcenciel.fr\/Blog\/wp-json\/wp\/v2\/users\/1"}],"replies":[{"embeddable":true,"href":"https:\/\/www.leriredelarcenciel.fr\/Blog\/wp-json\/wp\/v2\/comments?post=5019"}],"version-history":[{"count":2,"href":"https:\/\/www.leriredelarcenciel.fr\/Blog\/wp-json\/wp\/v2\/posts\/5019\/revisions"}],"predecessor-version":[{"id":5027,"href":"https:\/\/www.leriredelarcenciel.fr\/Blog\/wp-json\/wp\/v2\/posts\/5019\/revisions\/5027"}],"wp:attachment":[{"href":"https:\/\/www.leriredelarcenciel.fr\/Blog\/wp-json\/wp\/v2\/media?parent=5019"}],"wp:term":[{"taxonomy":"category","embeddable":true,"href":"https:\/\/www.leriredelarcenciel.fr\/Blog\/wp-json\/wp\/v2\/categories?post=5019"},{"taxonomy":"post_tag","embeddable":true,"href":"https:\/\/www.leriredelarcenciel.fr\/Blog\/wp-json\/wp\/v2\/tags?post=5019"}],"curies":[{"name":"wp","href":"https:\/\/api.w.org\/{rel}","templated":true}]}}