{"id":1421,"date":"2016-06-08T11:17:39","date_gmt":"2016-06-08T10:17:39","guid":{"rendered":"http:\/\/www.leriredelarcenciel.fr\/Blog\/?p=1421"},"modified":"2016-06-10T09:18:52","modified_gmt":"2016-06-10T08:18:52","slug":"5-bonnes-raisons-de-venir-a-lile-grande-cet-ete","status":"publish","type":"post","link":"https:\/\/www.leriredelarcenciel.fr\/Blog\/5-bonnes-raisons-de-venir-a-lile-grande-cet-ete\/","title":{"rendered":"5 bonnes raisons de venir \u00e0 l\u2019Ile Grande cet \u00e9t\u00e9"},"content":{"rendered":"<p>Que faites-vous cet \u00e9t\u00e9\u00a0? Je vous propose une visite, un s\u00e9jour (ou plus si affinit\u00e9) sur l\u2019Ile Grande, dans les C\u00f4tes d\u2019Armor, tout pr\u00e8s de la C\u00f4te de Granit Rose.<\/p>\n<p><a href=\"https:\/\/www.leriredelarcenciel.fr\/Blog\/wp-content\/uploads\/2016\/06\/Hortensias.jpg\"><img loading=\"lazy\" decoding=\"async\" data-attachment-id=\"1425\" data-permalink=\"https:\/\/www.leriredelarcenciel.fr\/Blog\/5-bonnes-raisons-de-venir-a-lile-grande-cet-ete\/hortensias\/\" data-orig-file=\"https:\/\/www.leriredelarcenciel.fr\/Blog\/wp-content\/uploads\/2016\/06\/Hortensias.jpg\" data-orig-size=\"2048,1536\" data-comments-opened=\"1\" data-image-meta=\"{&quot;aperture&quot;:&quot;4.7&quot;,&quot;credit&quot;:&quot;&quot;,&quot;camera&quot;:&quot;Konica Digital Camera KD-500Z&quot;,&quot;caption&quot;:&quot;&quot;,&quot;created_timestamp&quot;:&quot;1152997409&quot;,&quot;copyright&quot;:&quot;&quot;,&quot;focal_length&quot;:&quot;8&quot;,&quot;iso&quot;:&quot;100&quot;,&quot;shutter_speed&quot;:&quot;0.0027&quot;,&quot;title&quot;:&quot;&quot;,&quot;orientation&quot;:&quot;0&quot;}\" data-image-title=\"Hortensias\" data-image-description=\"\" data-image-caption=\"\" data-medium-file=\"https:\/\/www.leriredelarcenciel.fr\/Blog\/wp-content\/uploads\/2016\/06\/Hortensias-300x225.jpg\" data-large-file=\"https:\/\/www.leriredelarcenciel.fr\/Blog\/wp-content\/uploads\/2016\/06\/Hortensias-1024x768.jpg\" class=\"alignnone size-medium wp-image-1425\" src=\"https:\/\/www.leriredelarcenciel.fr\/Blog\/wp-content\/uploads\/2016\/06\/Hortensias-300x225.jpg\" alt=\"Hortensias\" width=\"300\" height=\"225\" srcset=\"https:\/\/www.leriredelarcenciel.fr\/Blog\/wp-content\/uploads\/2016\/06\/Hortensias-300x225.jpg 300w, https:\/\/www.leriredelarcenciel.fr\/Blog\/wp-content\/uploads\/2016\/06\/Hortensias-768x576.jpg 768w, https:\/\/www.leriredelarcenciel.fr\/Blog\/wp-content\/uploads\/2016\/06\/Hortensias-1024x768.jpg 1024w, https:\/\/www.leriredelarcenciel.fr\/Blog\/wp-content\/uploads\/2016\/06\/Hortensias-216x162.jpg 216w, https:\/\/www.leriredelarcenciel.fr\/Blog\/wp-content\/uploads\/2016\/06\/Hortensias.jpg 2048w\" sizes=\"auto, (max-width: 300px) 100vw, 300px\" \/><\/a><\/p>\n<p>Vous h\u00e9sitez\u00a0? Vous pensiez plut\u00f4t aller voir Tante Jeanine \u00e0 la\u00a0montagne ? Certes, Tante Jeanine est surement une charmante personne et l&rsquo;\u00e9t\u00e9, la montagne est magnifique. Mais vous connaissez d\u00e9j\u00e0 puisque vous y allez tous les ans ou presque. Et si je vous donnais 5 bonnes raisons de partir pour l\u2019Ile Grande cette ann\u00e9e\u00a0? C\u2019est parti\u00a0!<\/p>\n<p>&nbsp;<\/p>\n<p><strong>Raison n\u00b01 \u2013 Vous profiterez de ses plages tranquilles<\/strong><\/p>\n<p><a href=\"https:\/\/www.leriredelarcenciel.fr\/Blog\/wp-content\/uploads\/2016\/06\/Reflets-dans-leau.jpg\"><img loading=\"lazy\" decoding=\"async\" data-attachment-id=\"1428\" data-permalink=\"https:\/\/www.leriredelarcenciel.fr\/Blog\/5-bonnes-raisons-de-venir-a-lile-grande-cet-ete\/reflets-dans-leau\/\" data-orig-file=\"https:\/\/www.leriredelarcenciel.fr\/Blog\/wp-content\/uploads\/2016\/06\/Reflets-dans-leau.jpg\" data-orig-size=\"2048,1536\" data-comments-opened=\"1\" data-image-meta=\"{&quot;aperture&quot;:&quot;4.7&quot;,&quot;credit&quot;:&quot;&quot;,&quot;camera&quot;:&quot;Konica Digital Camera KD-500Z&quot;,&quot;caption&quot;:&quot;&quot;,&quot;created_timestamp&quot;:&quot;1201448120&quot;,&quot;copyright&quot;:&quot;&quot;,&quot;focal_length&quot;:&quot;8&quot;,&quot;iso&quot;:&quot;100&quot;,&quot;shutter_speed&quot;:&quot;0.0047&quot;,&quot;title&quot;:&quot;&quot;,&quot;orientation&quot;:&quot;1&quot;}\" data-image-title=\"Reflets dans l&amp;rsquo;eau\" data-image-description=\"\" data-image-caption=\"\" data-medium-file=\"https:\/\/www.leriredelarcenciel.fr\/Blog\/wp-content\/uploads\/2016\/06\/Reflets-dans-leau-300x225.jpg\" data-large-file=\"https:\/\/www.leriredelarcenciel.fr\/Blog\/wp-content\/uploads\/2016\/06\/Reflets-dans-leau-1024x768.jpg\" class=\"alignnone size-medium wp-image-1428\" src=\"https:\/\/www.leriredelarcenciel.fr\/Blog\/wp-content\/uploads\/2016\/06\/Reflets-dans-leau-300x225.jpg\" alt=\"Reflets dans l'eau\" width=\"300\" height=\"225\" srcset=\"https:\/\/www.leriredelarcenciel.fr\/Blog\/wp-content\/uploads\/2016\/06\/Reflets-dans-leau-300x225.jpg 300w, https:\/\/www.leriredelarcenciel.fr\/Blog\/wp-content\/uploads\/2016\/06\/Reflets-dans-leau-768x576.jpg 768w, https:\/\/www.leriredelarcenciel.fr\/Blog\/wp-content\/uploads\/2016\/06\/Reflets-dans-leau-1024x768.jpg 1024w, https:\/\/www.leriredelarcenciel.fr\/Blog\/wp-content\/uploads\/2016\/06\/Reflets-dans-leau-216x162.jpg 216w, https:\/\/www.leriredelarcenciel.fr\/Blog\/wp-content\/uploads\/2016\/06\/Reflets-dans-leau.jpg 2048w\" sizes=\"auto, (max-width: 300px) 100vw, 300px\" \/><\/a><\/p>\n<p>L\u00e0, vous ne pouvez pas me dire le contraire, il n\u2019y en a pas chez Tante Jeanine. De petites plages sympathiques avec un sable tout doux s\u2019\u00e9parpillent ici et l\u00e0 le long de la c\u00f4te sauvage.<\/p>\n<p>A l\u2019Est, Toul Gwenn est une plage \u00e0 l\u2019abri des grosses vagues. Elle est id\u00e9ale pour les petits enfants car une pente tr\u00e8s douce leur permet d\u2019avoir pied longtemps. Rassurant pour eux et pour les parents\u2026<\/p>\n<p>Sinon il y a la plage de Pors Gelen, un peu plus au Nord, plus pentue et lieu des activit\u00e9s nautiques de l\u2019\u00eele (voir d\u00e9tails dans \u00ab\u00a0raison n\u00b02\u00a0\u00bb).<\/p>\n<p>A l\u2019Ouest, la Plage des Dames vous permettra de profiter du soleil jusqu\u2019\u00e0 ses derniers rayons.<\/p>\n<p>Et tout le long de la c\u00f4te nord, vous trouverez des petits coins de sable, des plages plus ou moins grandes o\u00f9 il fait bon se poser ou se baigner, faire des ch\u00e2teaux de sable ou lire tranquillement.<\/p>\n<p>&nbsp;<\/p>\n<p><strong>Raison n\u00b02 \u2013 Vous aurez le choix des activit\u00e9s<\/strong><\/p>\n<p><a href=\"https:\/\/www.leriredelarcenciel.fr\/Blog\/wp-content\/uploads\/2016\/06\/Dans-les-flaques-\u00e0-mar\u00e9e-basse....jpg\"><img loading=\"lazy\" decoding=\"async\" data-attachment-id=\"1422\" data-permalink=\"https:\/\/www.leriredelarcenciel.fr\/Blog\/5-bonnes-raisons-de-venir-a-lile-grande-cet-ete\/exif_jpeg_picture-13\/\" data-orig-file=\"https:\/\/www.leriredelarcenciel.fr\/Blog\/wp-content\/uploads\/2016\/06\/Dans-les-flaques-\u00e0-mar\u00e9e-basse....jpg\" data-orig-size=\"1280,960\" data-comments-opened=\"1\" data-image-meta=\"{&quot;aperture&quot;:&quot;4.4&quot;,&quot;credit&quot;:&quot;&quot;,&quot;camera&quot;:&quot;RICOH R8&quot;,&quot;caption&quot;:&quot;Exif_JPEG_PICTURE&quot;,&quot;created_timestamp&quot;:&quot;1266169298&quot;,&quot;copyright&quot;:&quot;(C) by RICOH R8 User&quot;,&quot;focal_length&quot;:&quot;11.7&quot;,&quot;iso&quot;:&quot;100&quot;,&quot;shutter_speed&quot;:&quot;0.010309278350515&quot;,&quot;title&quot;:&quot;Exif_JPEG_PICTURE&quot;,&quot;orientation&quot;:&quot;1&quot;}\" data-image-title=\"Exif_JPEG_PICTURE\" data-image-description=\"\" data-image-caption=\"\" data-medium-file=\"https:\/\/www.leriredelarcenciel.fr\/Blog\/wp-content\/uploads\/2016\/06\/Dans-les-flaques-\u00e0-mar\u00e9e-basse...-300x225.jpg\" data-large-file=\"https:\/\/www.leriredelarcenciel.fr\/Blog\/wp-content\/uploads\/2016\/06\/Dans-les-flaques-\u00e0-mar\u00e9e-basse...-1024x768.jpg\" class=\"alignnone size-medium wp-image-1422\" src=\"https:\/\/www.leriredelarcenciel.fr\/Blog\/wp-content\/uploads\/2016\/06\/Dans-les-flaques-\u00e0-mar\u00e9e-basse...-300x225.jpg\" alt=\"Exif_JPEG_PICTURE\" width=\"300\" height=\"225\" srcset=\"https:\/\/www.leriredelarcenciel.fr\/Blog\/wp-content\/uploads\/2016\/06\/Dans-les-flaques-\u00e0-mar\u00e9e-basse...-300x225.jpg 300w, https:\/\/www.leriredelarcenciel.fr\/Blog\/wp-content\/uploads\/2016\/06\/Dans-les-flaques-\u00e0-mar\u00e9e-basse...-768x576.jpg 768w, https:\/\/www.leriredelarcenciel.fr\/Blog\/wp-content\/uploads\/2016\/06\/Dans-les-flaques-\u00e0-mar\u00e9e-basse...-1024x768.jpg 1024w, https:\/\/www.leriredelarcenciel.fr\/Blog\/wp-content\/uploads\/2016\/06\/Dans-les-flaques-\u00e0-mar\u00e9e-basse...-216x162.jpg 216w, https:\/\/www.leriredelarcenciel.fr\/Blog\/wp-content\/uploads\/2016\/06\/Dans-les-flaques-\u00e0-mar\u00e9e-basse....jpg 1280w\" sizes=\"auto, (max-width: 300px) 100vw, 300px\" \/><\/a><\/p>\n<p>Vous ne souhaitez pas passer toutes vos journ\u00e9es \u00e0 la plage, entre baignade et bronzage\u00a0? C\u2019est tant mieux car vous pourrez profiter des activit\u00e9s qui vous sont propos\u00e9es sur l\u2019\u00eele. A la <em><a href=\"http:\/\/bnig.free.fr\/\" target=\"_blank\">Base Nautique<\/a><\/em> (plage de Pors Gelen), vous aurez la possibilit\u00e9 de louer kayak, bateau, planche \u00e0 voile ou stand up paddle. Vous pourrez \u00e9galement prendre des cours pour vous initier \u00e0 l\u2019une de ces pratiques ou pour vous perfectionner.<\/p>\n<p>Vous aimez la p\u00eache\u00a0? Et si vous alliez chercher le menu du jour vous-m\u00eame\u00a0? Faites une <em><a href=\"http:\/\/www.pleumeur-bodou.com\/Bleu-Mer-Peche-Ile-Grande.html\" target=\"_blank\">sortie en mer<\/a><\/em> avec un p\u00eacheur de l\u2019association Bleu Mer P\u00eache qui vous fera passer un agr\u00e9able moment \u00e0 bord de son bateau.<\/p>\n<p>Diverses <em><a href=\"https:\/\/sept-iles.lpo.fr\/maison-de-la-reserve\/sorties-et-animations\" target=\"_blank\">sorties \u00ab\u00a0nature\u00a0\u00bb<\/a><\/em> &#8211; d\u00e9couverte de la faune de l\u2019estran \u00e0 mar\u00e9e basse, de la flore du littoral ou des oiseaux \u2013 sont programm\u00e9es par la LPO (Ligue pour la Protection des Oiseaux). Cette station ornithologique vous propose m\u00eame de visiter <em><a href=\"https:\/\/fr.wikipedia.org\/wiki\/R%C3%A9serve_naturelle_nationale_des_Sept-%C3%8Eles\" target=\"_blank\">les Sept-Iles<\/a><\/em>.<\/p>\n<p>Et bien entendu, vous avez la p\u00eache \u00e0 pied, moment de d\u00e9tente qui vous permettra, cerise sur le g\u00e2teau, de d\u00e9guster des coquillages tout frais&#8230;\u00a0Je vous propose une petite <em><a href=\"https:\/\/www.leriredelarcenciel.fr\/Blog\/apero-aux-coques\/\" target=\"_blank\">recette toute simple avec des coques<\/a><\/em> (en cliquant sur le lien).<\/p>\n<p>&nbsp;<\/p>\n<p><strong>Raison n\u00b03 \u2013 Vous ne vous mouillerez pas s\u2019il pleut (sauf si vous le souhaitez\u2026)<\/strong><\/p>\n<p><a href=\"https:\/\/www.leriredelarcenciel.fr\/Blog\/wp-content\/uploads\/2016\/06\/Escargot.jpg\"><img loading=\"lazy\" decoding=\"async\" data-attachment-id=\"1423\" data-permalink=\"https:\/\/www.leriredelarcenciel.fr\/Blog\/5-bonnes-raisons-de-venir-a-lile-grande-cet-ete\/exif_jpeg_picture-14\/\" data-orig-file=\"https:\/\/www.leriredelarcenciel.fr\/Blog\/wp-content\/uploads\/2016\/06\/Escargot.jpg\" data-orig-size=\"2736,3648\" data-comments-opened=\"1\" data-image-meta=\"{&quot;aperture&quot;:&quot;4.3&quot;,&quot;credit&quot;:&quot;&quot;,&quot;camera&quot;:&quot;RICOH R8&quot;,&quot;caption&quot;:&quot;Exif_JPEG_PICTURE&quot;,&quot;created_timestamp&quot;:&quot;1212344060&quot;,&quot;copyright&quot;:&quot;(C) by RICOH R8 User&quot;,&quot;focal_length&quot;:&quot;10.4&quot;,&quot;iso&quot;:&quot;100&quot;,&quot;shutter_speed&quot;:&quot;0.0075187969924812&quot;,&quot;title&quot;:&quot;Exif_JPEG_PICTURE&quot;,&quot;orientation&quot;:&quot;0&quot;}\" data-image-title=\"Exif_JPEG_PICTURE\" data-image-description=\"\" data-image-caption=\"\" data-medium-file=\"https:\/\/www.leriredelarcenciel.fr\/Blog\/wp-content\/uploads\/2016\/06\/Escargot-225x300.jpg\" data-large-file=\"https:\/\/www.leriredelarcenciel.fr\/Blog\/wp-content\/uploads\/2016\/06\/Escargot-768x1024.jpg\" class=\"alignnone size-medium wp-image-1423\" src=\"https:\/\/www.leriredelarcenciel.fr\/Blog\/wp-content\/uploads\/2016\/06\/Escargot-225x300.jpg\" alt=\"Exif_JPEG_PICTURE\" width=\"225\" height=\"300\" srcset=\"https:\/\/www.leriredelarcenciel.fr\/Blog\/wp-content\/uploads\/2016\/06\/Escargot-225x300.jpg 225w, https:\/\/www.leriredelarcenciel.fr\/Blog\/wp-content\/uploads\/2016\/06\/Escargot-768x1024.jpg 768w, https:\/\/www.leriredelarcenciel.fr\/Blog\/wp-content\/uploads\/2016\/06\/Escargot-126x168.jpg 126w\" sizes=\"auto, (max-width: 225px) 100vw, 225px\" \/><\/a><\/p>\n<p>Zut, il pleut\u2026 Et oui, en Bretagne (comme ailleurs\u2026), le soleil n\u2019est pas forc\u00e9ment au rendez-vous tous les jours. Pas de panique, la <em><a href=\"https:\/\/sept-iles.lpo.fr\/maison-de-la-reserve\/exposition\" target=\"_blank\">LPO<\/a><\/em> vous accueille pour une visite de sa station ornithologique. Sp\u00e9cialis\u00e9e dans l\u2019accueil des oiseaux marins, ce lieu fourmille d\u2019informations pour les visiteurs. A voir m\u00eame s\u2019il ne pleut pas\u2026<\/p>\n<p>Vous aimez les activit\u00e9s manuelles\u00a0? Dans mon atelier Le rire de l\u2019arc-en-ciel, je vous propose des <em><a href=\"https:\/\/www.leriredelarcenciel.fr\/Blog\/des-ateliers-creatifs-toute-lannee\/\" target=\"_blank\">ateliers d\u00e9couvertes<\/a><\/em> dont vous repartirez avec votre r\u00e9alisation\u2026 et le sourire, \u00e0 d\u00e9faut de soleil\u00a0!<\/p>\n<p>Et si vous en profitiez pour faire une pause aux Triagoz\u00a0? Kesako, me direz-vous\u00a0? C\u2019est le caf\u00e9 de l\u2019\u00eele. Vous y rencontrerez locaux et touristes. Un petit creux\u00a0? On vous propose ici de d\u00e9licieuses galettes et cr\u00eapes. Un plus non n\u00e9gligeable\u00a0: si vous y venez par beau temps, la terrasse est agr\u00e9ablement ensoleill\u00e9e\u00a0!<\/p>\n<p>Pour les plus affam\u00e9s, le restaurant le Bout\u2019dl\u2019Ile est ouvert tous les jours jusqu&rsquo;\u00e0 fin octobre. Salle, v\u00e9randa et terrasse\u2026 vous avez le\u00a0choix pour d\u00e9guster votre repas. Vous avez d\u00e9j\u00e0\u00a0mang\u00e9\u00a0galette et cr\u00eape\u00a0hier\u00a0? Vous trouverez ici des menus\u00a0vari\u00e9s.\u00a0Des plats \u00e0 emporter vous sont \u00e9galement propos\u00e9s.<\/p>\n<p>&nbsp;<\/p>\n<p><strong>Raison n\u00b04 \u2013 Vous ferez de jolies promenades, c\u00f4t\u00e9 mer et c\u00f4t\u00e9 terre<\/strong><\/p>\n<p><a href=\"https:\/\/www.leriredelarcenciel.fr\/Blog\/wp-content\/uploads\/2016\/06\/Ile-Grande-Porte-fleurie.jpg\"><img loading=\"lazy\" decoding=\"async\" data-attachment-id=\"1426\" data-permalink=\"https:\/\/www.leriredelarcenciel.fr\/Blog\/5-bonnes-raisons-de-venir-a-lile-grande-cet-ete\/ile-grande-porte-fleurie\/\" data-orig-file=\"https:\/\/www.leriredelarcenciel.fr\/Blog\/wp-content\/uploads\/2016\/06\/Ile-Grande-Porte-fleurie.jpg\" data-orig-size=\"1536,2048\" data-comments-opened=\"1\" data-image-meta=\"{&quot;aperture&quot;:&quot;4.1&quot;,&quot;credit&quot;:&quot;&quot;,&quot;camera&quot;:&quot;Konica Digital Camera KD-500Z&quot;,&quot;caption&quot;:&quot;&quot;,&quot;created_timestamp&quot;:&quot;1184254696&quot;,&quot;copyright&quot;:&quot;&quot;,&quot;focal_length&quot;:&quot;17.4&quot;,&quot;iso&quot;:&quot;100&quot;,&quot;shutter_speed&quot;:&quot;0.0038&quot;,&quot;title&quot;:&quot;&quot;,&quot;orientation&quot;:&quot;0&quot;}\" data-image-title=\"Ile Grande &amp;#8211; Porte fleurie\" data-image-description=\"\" data-image-caption=\"\" data-medium-file=\"https:\/\/www.leriredelarcenciel.fr\/Blog\/wp-content\/uploads\/2016\/06\/Ile-Grande-Porte-fleurie-225x300.jpg\" data-large-file=\"https:\/\/www.leriredelarcenciel.fr\/Blog\/wp-content\/uploads\/2016\/06\/Ile-Grande-Porte-fleurie-768x1024.jpg\" class=\"alignnone size-medium wp-image-1426\" src=\"https:\/\/www.leriredelarcenciel.fr\/Blog\/wp-content\/uploads\/2016\/06\/Ile-Grande-Porte-fleurie-225x300.jpg\" alt=\"Ile Grande - Porte fleurie\" width=\"225\" height=\"300\" srcset=\"https:\/\/www.leriredelarcenciel.fr\/Blog\/wp-content\/uploads\/2016\/06\/Ile-Grande-Porte-fleurie-225x300.jpg 225w, https:\/\/www.leriredelarcenciel.fr\/Blog\/wp-content\/uploads\/2016\/06\/Ile-Grande-Porte-fleurie-768x1024.jpg 768w, https:\/\/www.leriredelarcenciel.fr\/Blog\/wp-content\/uploads\/2016\/06\/Ile-Grande-Porte-fleurie-126x168.jpg 126w, https:\/\/www.leriredelarcenciel.fr\/Blog\/wp-content\/uploads\/2016\/06\/Ile-Grande-Porte-fleurie.jpg 1536w\" sizes=\"auto, (max-width: 225px) 100vw, 225px\" \/><\/a><\/p>\n<p>L\u2019Ile Grande est entour\u00e9e du GR34. Une jolie balade de 7km environ vous permet d\u2019admirer diff\u00e9rents paysages comme la c\u00f4te sauvage et<em><a href=\"https:\/\/www.leriredelarcenciel.fr\/Blog\/lile-grande-son-granit-et-ses-carriers\/\" target=\"_blank\"> son granit<\/a><\/em> au nord et les marais au sud. N\u2019h\u00e9sitez pas \u00e0 vous perdre aussi dans les rues et les sentiers et \u00e0 partir \u00e0 la d\u00e9couverte des tr\u00e9sors de l\u2019\u00eele\u00a0: <em><a href=\"https:\/\/www.leriredelarcenciel.fr\/Blog\/lallee-couverte-de-lile-grande\/\" target=\"_blank\">l\u2019all\u00e9e couverte<\/a><\/em>, <em><a href=\"https:\/\/www.leriredelarcenciel.fr\/Blog\/le-lavoir-du-marais-a-lile-grande\/\" target=\"_blank\">le lavoir<\/a><\/em>, l\u2019\u00e9glise, <a href=\"https:\/\/www.leriredelarcenciel.fr\/Blog\/les-ruines-de-la-pointe-de-toul-ar-staon\/\" target=\"_blank\">les ruines de Toul ar Staon<\/a>\u2026, et encore quelques jolies maisons avec leurs murets fleuris, quelques rues pav\u00e9es, la flore typique\u2026 Un conseil\u00a0? N\u2019oubliez pas votre appareil photo et surtout, prenez votre temps\u00a0!<\/p>\n<p>&nbsp;<\/p>\n<p><strong>Raison n\u00b05 \u2013 Les f\u00eates et les manifestations n\u2019attendent que vous<\/strong><\/p>\n<p><a href=\"https:\/\/www.leriredelarcenciel.fr\/Blog\/wp-content\/uploads\/2016\/06\/ORFNI.jpg\"><img loading=\"lazy\" decoding=\"async\" data-attachment-id=\"1427\" data-permalink=\"https:\/\/www.leriredelarcenciel.fr\/Blog\/5-bonnes-raisons-de-venir-a-lile-grande-cet-ete\/orfni\/\" data-orig-file=\"https:\/\/www.leriredelarcenciel.fr\/Blog\/wp-content\/uploads\/2016\/06\/ORFNI.jpg\" data-orig-size=\"1987,2475\" data-comments-opened=\"1\" data-image-meta=\"{&quot;aperture&quot;:&quot;0&quot;,&quot;credit&quot;:&quot;&quot;,&quot;camera&quot;:&quot;&quot;,&quot;caption&quot;:&quot;&quot;,&quot;created_timestamp&quot;:&quot;0&quot;,&quot;copyright&quot;:&quot;&quot;,&quot;focal_length&quot;:&quot;0&quot;,&quot;iso&quot;:&quot;0&quot;,&quot;shutter_speed&quot;:&quot;0&quot;,&quot;title&quot;:&quot;&quot;,&quot;orientation&quot;:&quot;0&quot;}\" data-image-title=\"ORFNI\" data-image-description=\"\" data-image-caption=\"\" data-medium-file=\"https:\/\/www.leriredelarcenciel.fr\/Blog\/wp-content\/uploads\/2016\/06\/ORFNI-241x300.jpg\" data-large-file=\"https:\/\/www.leriredelarcenciel.fr\/Blog\/wp-content\/uploads\/2016\/06\/ORFNI-822x1024.jpg\" class=\"alignnone size-medium wp-image-1427\" src=\"https:\/\/www.leriredelarcenciel.fr\/Blog\/wp-content\/uploads\/2016\/06\/ORFNI-241x300.jpg\" alt=\"ORFNI\" width=\"241\" height=\"300\" srcset=\"https:\/\/www.leriredelarcenciel.fr\/Blog\/wp-content\/uploads\/2016\/06\/ORFNI-241x300.jpg 241w, https:\/\/www.leriredelarcenciel.fr\/Blog\/wp-content\/uploads\/2016\/06\/ORFNI-768x957.jpg 768w, https:\/\/www.leriredelarcenciel.fr\/Blog\/wp-content\/uploads\/2016\/06\/ORFNI-822x1024.jpg 822w, https:\/\/www.leriredelarcenciel.fr\/Blog\/wp-content\/uploads\/2016\/06\/ORFNI-135x168.jpg 135w, https:\/\/www.leriredelarcenciel.fr\/Blog\/wp-content\/uploads\/2016\/06\/ORFNI.jpg 1987w\" sizes=\"auto, (max-width: 241px) 100vw, 241px\" \/><\/a><\/p>\n<p>Au programme de cet \u00e9t\u00e9, il y en a pour tous les go\u00fbts. Voici quelques id\u00e9es :<\/p>\n<p>14 juillet 2016\u00a0&#8211; <em><a href=\"https:\/\/www.leriredelarcenciel.fr\/Blog\/le-succes-du-defi-des-orfni-de-pleumeur-bodou\/\" target=\"_blank\">Le d\u00e9fi des ORFNI<\/a><\/em> (Objets roulants flottants non identifi\u00e9s)\u00a0: des embarcations sans moteur devront rejoindre Pors Gelen en partant du port de Landrellec<\/p>\n<p>20 juillet 2016\u00a0&#8211; Tour de l\u2019Ile Grande \u00e0 la voile\u00a0: le d\u00e9part et l\u2019arriv\u00e9e se font \u00e0 la base nautique (Pors Gelen)<\/p>\n<p>29 juillet\u00a02016\u00a0&#8211; Soir\u00e9e bretonne Zod Noz\u00a0: repas, musique et danse sur la Place de la Poste<\/p>\n<p>14 ao\u00fbt 2016 \u2013 F\u00eate de la mer\u00a0: messe en plein air, concerts, sorties en mer, expositions, repas et feux d\u2019artifices, le tout au Port Saint Sauveur<\/p>\n<p>Et si vous avez la chance d\u2019\u00eatre encore parmi nous\u00a0:<\/p>\n<p>17 et 18 septembre 2016\u00a0\u2013 <em><a href=\"https:\/\/www.leriredelarcenciel.fr\/Blog\/le-festival-dart-de-lestran-version-2015\/\" target=\"_blank\">Le festival de l\u2019estran<\/a><\/em>\u00a0: land\u2019art, expositions et ateliers \u00e0 l\u2019Ile Grande mais aussi \u00e0 Landrellec, Tr\u00e9beurden et Tr\u00e9gastel<\/p>\n<p>&nbsp;<\/p>\n<p><a href=\"https:\/\/www.leriredelarcenciel.fr\/Blog\/wp-content\/uploads\/2016\/06\/Fin-de-journ\u00e9e-vers-Kastel-Erek.jpg\"><img loading=\"lazy\" decoding=\"async\" data-attachment-id=\"1424\" data-permalink=\"https:\/\/www.leriredelarcenciel.fr\/Blog\/5-bonnes-raisons-de-venir-a-lile-grande-cet-ete\/fin-de-journee-vers-kastel-erek\/\" data-orig-file=\"https:\/\/www.leriredelarcenciel.fr\/Blog\/wp-content\/uploads\/2016\/06\/Fin-de-journ\u00e9e-vers-Kastel-Erek.jpg\" data-orig-size=\"2459,1630\" data-comments-opened=\"1\" data-image-meta=\"{&quot;aperture&quot;:&quot;0&quot;,&quot;credit&quot;:&quot;&quot;,&quot;camera&quot;:&quot;&quot;,&quot;caption&quot;:&quot;&quot;,&quot;created_timestamp&quot;:&quot;0&quot;,&quot;copyright&quot;:&quot;&quot;,&quot;focal_length&quot;:&quot;0&quot;,&quot;iso&quot;:&quot;0&quot;,&quot;shutter_speed&quot;:&quot;0&quot;,&quot;title&quot;:&quot;&quot;,&quot;orientation&quot;:&quot;0&quot;}\" data-image-title=\"Fin de journ\u00e9e vers Kastel Erek\" data-image-description=\"\" data-image-caption=\"\" data-medium-file=\"https:\/\/www.leriredelarcenciel.fr\/Blog\/wp-content\/uploads\/2016\/06\/Fin-de-journ\u00e9e-vers-Kastel-Erek-300x199.jpg\" data-large-file=\"https:\/\/www.leriredelarcenciel.fr\/Blog\/wp-content\/uploads\/2016\/06\/Fin-de-journ\u00e9e-vers-Kastel-Erek-1024x679.jpg\" class=\"alignnone size-medium wp-image-1424\" src=\"https:\/\/www.leriredelarcenciel.fr\/Blog\/wp-content\/uploads\/2016\/06\/Fin-de-journ\u00e9e-vers-Kastel-Erek-300x199.jpg\" alt=\"Fin de journ\u00e9e vers Kastel Erek\" width=\"300\" height=\"199\" srcset=\"https:\/\/www.leriredelarcenciel.fr\/Blog\/wp-content\/uploads\/2016\/06\/Fin-de-journ\u00e9e-vers-Kastel-Erek-300x199.jpg 300w, https:\/\/www.leriredelarcenciel.fr\/Blog\/wp-content\/uploads\/2016\/06\/Fin-de-journ\u00e9e-vers-Kastel-Erek-768x509.jpg 768w, https:\/\/www.leriredelarcenciel.fr\/Blog\/wp-content\/uploads\/2016\/06\/Fin-de-journ\u00e9e-vers-Kastel-Erek-1024x679.jpg 1024w, https:\/\/www.leriredelarcenciel.fr\/Blog\/wp-content\/uploads\/2016\/06\/Fin-de-journ\u00e9e-vers-Kastel-Erek-216x143.jpg 216w\" sizes=\"auto, (max-width: 300px) 100vw, 300px\" \/><\/a><\/p>\n<p>De nombreuses possibilit\u00e9s de logements (campings, chambres d\u2019h\u00f4tes, locations) sont possibles sur l\u2019\u00eele. Vous pouvez donc poser vos bagages chez nous et profiter de vos vacances en remplissant vos poumons d\u2019un bon bol d\u2019air\u00a0! Mais j\u2019y pense\u2026 pourquoi ne proposeriez-vous pas \u00e0 Tante Jeanine de venir avec vous \u00e0 l\u2019Ile Grande\u00a0?<\/p>\n<a class=\"synved-social-button synved-social-button-share synved-social-size-24 synved-social-resolution-single synved-social-provider-facebook nolightbox\" data-provider=\"facebook\" target=\"_blank\" rel=\"nofollow\" title=\"Partager sur Facebook\" href=\"http:\/\/www.facebook.com\/sharer.php?u=https%3A%2F%2Fwww.leriredelarcenciel.fr%2FBlog%2Fwp-json%2Fwp%2Fv2%2Fposts%2F1421&#038;t=5%20bonnes%20raisons%20de%20venir%20%C3%A0%20l%E2%80%99Ile%20Grande%20cet%20%C3%A9t%C3%A9&#038;s=100&#038;p&#091;url&#093;=https%3A%2F%2Fwww.leriredelarcenciel.fr%2FBlog%2Fwp-json%2Fwp%2Fv2%2Fposts%2F1421&#038;p&#091;images&#093;&#091;0&#093;=http%3A%2F%2Fwww.leriredelarcenciel.fr%2FBlog%2Fwp-content%2Fuploads%2F2016%2F06%2FHortensias-300x225.jpg&#038;p&#091;title&#093;=5%20bonnes%20raisons%20de%20venir%20%C3%A0%20l%E2%80%99Ile%20Grande%20cet%20%C3%A9t%C3%A9\" style=\"font-size: 0px;width:24px;height:24px;margin:0;margin-bottom:10px;margin-right:10px\"><img loading=\"lazy\" decoding=\"async\" alt=\"Facebook\" title=\"Partager sur Facebook\" class=\"synved-share-image synved-social-image synved-social-image-share\" width=\"24\" height=\"24\" style=\"display: inline;width:24px;height:24px;margin: 0;padding: 0;border: none;box-shadow: none\" src=\"https:\/\/www.leriredelarcenciel.fr\/Blog\/wp-content\/plugins\/social-media-feather\/synved-social\/image\/social\/regular\/48x48\/facebook.png\" \/><\/a><a class=\"synved-social-button synved-social-button-share synved-social-size-24 synved-social-resolution-single synved-social-provider-pinterest nolightbox\" data-provider=\"pinterest\" target=\"_blank\" rel=\"nofollow\" title=\"Epingler sur Pinterest\" href=\"https:\/\/pinterest.com\/pin\/create\/button\/?url=https%3A%2F%2Fwww.leriredelarcenciel.fr%2FBlog%2Fwp-json%2Fwp%2Fv2%2Fposts%2F1421&#038;media=http%3A%2F%2Fwww.leriredelarcenciel.fr%2FBlog%2Fwp-content%2Fuploads%2F2016%2F06%2FHortensias-300x225.jpg&#038;description=5%20bonnes%20raisons%20de%20venir%20%C3%A0%20l%E2%80%99Ile%20Grande%20cet%20%C3%A9t%C3%A9\" style=\"font-size: 0px;width:24px;height:24px;margin:0;margin-bottom:10px;margin-right:10px\"><img loading=\"lazy\" decoding=\"async\" alt=\"pinterest\" title=\"Epingler sur Pinterest\" class=\"synved-share-image synved-social-image synved-social-image-share\" width=\"24\" height=\"24\" style=\"display: inline;width:24px;height:24px;margin: 0;padding: 0;border: none;box-shadow: none\" src=\"https:\/\/www.leriredelarcenciel.fr\/Blog\/wp-content\/plugins\/social-media-feather\/synved-social\/image\/social\/regular\/48x48\/pinterest.png\" \/><\/a><a class=\"synved-social-button synved-social-button-share synved-social-size-24 synved-social-resolution-single synved-social-provider-mail nolightbox\" data-provider=\"mail\" rel=\"nofollow\" title=\"Partager par email\" href=\"mailto:?subject=5%20bonnes%20raisons%20de%20venir%20%C3%A0%20l%E2%80%99Ile%20Grande%20cet%20%C3%A9t%C3%A9&#038;body=Le%20rire%20de%20l%27arc-en-ciel%20:%20https%3A%2F%2Fwww.leriredelarcenciel.fr%2FBlog%2Fwp-json%2Fwp%2Fv2%2Fposts%2F1421\" style=\"font-size: 0px;width:24px;height:24px;margin:0;margin-bottom:10px;margin-right:10px\"><img loading=\"lazy\" decoding=\"async\" alt=\"mail\" title=\"Partager par email\" class=\"synved-share-image synved-social-image synved-social-image-share\" width=\"24\" height=\"24\" style=\"display: inline;width:24px;height:24px;margin: 0;padding: 0;border: none;box-shadow: none\" src=\"https:\/\/www.leriredelarcenciel.fr\/Blog\/wp-content\/plugins\/social-media-feather\/synved-social\/image\/social\/regular\/48x48\/mail.png\" \/><\/a>","protected":false},"excerpt":{"rendered":"<p>Que faites-vous cet \u00e9t\u00e9\u00a0? Je vous propose une visite, un s\u00e9jour (ou plus si affinit\u00e9) sur l\u2019Ile Grande, dans les C\u00f4tes d\u2019Armor, tout pr\u00e8s de la C\u00f4te de Granit Rose. Vous h\u00e9sitez\u00a0? Vous pensiez plut\u00f4t aller voir Tante Jeanine \u00e0 la\u00a0montagne ? Certes, Tante Jeanine est surement une charmante personne et l&rsquo;\u00e9t\u00e9, la montagne est [&hellip;]<\/p>\n","protected":false},"author":1,"featured_media":0,"comment_status":"open","ping_status":"open","sticky":false,"template":"","format":"standard","meta":{"jetpack_post_was_ever_published":false,"_jetpack_newsletter_access":"","_jetpack_dont_email_post_to_subs":false,"_jetpack_newsletter_tier_id":0,"_jetpack_memberships_contains_paywalled_content":false,"_jetpack_memberships_contains_paid_content":false,"footnotes":"","jetpack_publicize_message":"","jetpack_publicize_feature_enabled":true,"jetpack_social_post_already_shared":true,"jetpack_social_options":{"image_generator_settings":{"template":"highway","default_image_id":0,"font":"","enabled":false},"version":2}},"categories":[13],"tags":[618,620,617,616,615,614,619],"class_list":["post-1421","post","type-post","status-publish","format-standard","hentry","category-bons-baisers-de-l-ile-grande","tag-activites-ile-grande","tag-promenades-ile-grande","tag-que-faire-a-lile-grande","tag-quoi-faire-a-lile-grande","tag-sejour-ile-grande","tag-vacances-a-lile-grande","tag-visites-ile-grande"],"jetpack_publicize_connections":[],"jetpack_featured_media_url":"","jetpack_sharing_enabled":true,"jetpack_shortlink":"https:\/\/wp.me\/p4fKpm-mV","_links":{"self":[{"href":"https:\/\/www.leriredelarcenciel.fr\/Blog\/wp-json\/wp\/v2\/posts\/1421","targetHints":{"allow":["GET"]}}],"collection":[{"href":"https:\/\/www.leriredelarcenciel.fr\/Blog\/wp-json\/wp\/v2\/posts"}],"about":[{"href":"https:\/\/www.leriredelarcenciel.fr\/Blog\/wp-json\/wp\/v2\/types\/post"}],"author":[{"embeddable":true,"href":"https:\/\/www.leriredelarcenciel.fr\/Blog\/wp-json\/wp\/v2\/users\/1"}],"replies":[{"embeddable":true,"href":"https:\/\/www.leriredelarcenciel.fr\/Blog\/wp-json\/wp\/v2\/comments?post=1421"}],"version-history":[{"count":3,"href":"https:\/\/www.leriredelarcenciel.fr\/Blog\/wp-json\/wp\/v2\/posts\/1421\/revisions"}],"predecessor-version":[{"id":1431,"href":"https:\/\/www.leriredelarcenciel.fr\/Blog\/wp-json\/wp\/v2\/posts\/1421\/revisions\/1431"}],"wp:attachment":[{"href":"https:\/\/www.leriredelarcenciel.fr\/Blog\/wp-json\/wp\/v2\/media?parent=1421"}],"wp:term":[{"taxonomy":"category","embeddable":true,"href":"https:\/\/www.leriredelarcenciel.fr\/Blog\/wp-json\/wp\/v2\/categories?post=1421"},{"taxonomy":"post_tag","embeddable":true,"href":"https:\/\/www.leriredelarcenciel.fr\/Blog\/wp-json\/wp\/v2\/tags?post=1421"}],"curies":[{"name":"wp","href":"https:\/\/api.w.org\/{rel}","templated":true}]}}