{"id":1417,"date":"2016-05-31T17:26:46","date_gmt":"2016-05-31T16:26:46","guid":{"rendered":"http:\/\/www.leriredelarcenciel.fr\/Blog\/?p=1417"},"modified":"2016-05-31T17:26:46","modified_gmt":"2016-05-31T16:26:46","slug":"info-boutique","status":"publish","type":"post","link":"https:\/\/www.leriredelarcenciel.fr\/Blog\/info-boutique\/","title":{"rendered":"Info boutique"},"content":{"rendered":"<p><em><a href=\"https:\/\/www.google.fr\/maps\/place\/Le+rire+de+l'arc-en-ciel\/@48.800189,-3.577294,15z\/data=!4m2!3m1!1s0x0:0x1f1fb702c3adbfb2?hl=fr&amp;dg=dbrw&amp;newdg=1\" target=\"_blank\">L&rsquo;atelier boutique<\/a><\/em> sera ferm\u00e9 demain matin. R\u00e9ouverture \u00e0 14h.<\/p>\n<p>Je serai au <em><a href=\"https:\/\/www.leriredelarcenciel.fr\/Blog\/le-centre-du-baly-a-lile-grande\/\" target=\"_blank\">Centre du Baly<\/a><\/em>. Je vais animer un atelier cr\u00e9atif pour un groupe scolaire. Le mat\u00e9riel est pr\u00eat, le diable est charg\u00e9&#8230; Ready to go !<\/p>\n<p><a href=\"https:\/\/www.leriredelarcenciel.fr\/Blog\/wp-content\/uploads\/2016\/05\/Ateliers-cr\u00e9atifs.jpg\"><img loading=\"lazy\" decoding=\"async\" data-attachment-id=\"1418\" data-permalink=\"https:\/\/www.leriredelarcenciel.fr\/Blog\/info-boutique\/ateliers-creatifs-2\/\" data-orig-file=\"https:\/\/www.leriredelarcenciel.fr\/Blog\/wp-content\/uploads\/2016\/05\/Ateliers-cr\u00e9atifs.jpg\" data-orig-size=\"3264,4912\" data-comments-opened=\"1\" data-image-meta=\"{&quot;aperture&quot;:&quot;4&quot;,&quot;credit&quot;:&quot;&quot;,&quot;camera&quot;:&quot;NEX-F3&quot;,&quot;caption&quot;:&quot;&quot;,&quot;created_timestamp&quot;:&quot;1464718385&quot;,&quot;copyright&quot;:&quot;&quot;,&quot;focal_length&quot;:&quot;28&quot;,&quot;iso&quot;:&quot;1000&quot;,&quot;shutter_speed&quot;:&quot;0.016666666666667&quot;,&quot;title&quot;:&quot;&quot;,&quot;orientation&quot;:&quot;1&quot;}\" data-image-title=\"Ateliers cr\u00e9atifs\" data-image-description=\"\" data-image-caption=\"\" data-medium-file=\"https:\/\/www.leriredelarcenciel.fr\/Blog\/wp-content\/uploads\/2016\/05\/Ateliers-cr\u00e9atifs-199x300.jpg\" data-large-file=\"https:\/\/www.leriredelarcenciel.fr\/Blog\/wp-content\/uploads\/2016\/05\/Ateliers-cr\u00e9atifs-680x1024.jpg\" class=\"alignnone size-medium wp-image-1418\" src=\"https:\/\/www.leriredelarcenciel.fr\/Blog\/wp-content\/uploads\/2016\/05\/Ateliers-cr\u00e9atifs-199x300.jpg\" alt=\"Ateliers cr\u00e9atifs\" width=\"199\" height=\"300\" srcset=\"https:\/\/www.leriredelarcenciel.fr\/Blog\/wp-content\/uploads\/2016\/05\/Ateliers-cr\u00e9atifs-199x300.jpg 199w, https:\/\/www.leriredelarcenciel.fr\/Blog\/wp-content\/uploads\/2016\/05\/Ateliers-cr\u00e9atifs-768x1156.jpg 768w, https:\/\/www.leriredelarcenciel.fr\/Blog\/wp-content\/uploads\/2016\/05\/Ateliers-cr\u00e9atifs-680x1024.jpg 680w, https:\/\/www.leriredelarcenciel.fr\/Blog\/wp-content\/uploads\/2016\/05\/Ateliers-cr\u00e9atifs-112x168.jpg 112w\" sizes=\"auto, (max-width: 199px) 100vw, 199px\" \/><\/a><\/p>\n<p>&nbsp;<\/p>\n<a class=\"synved-social-button synved-social-button-share synved-social-size-24 synved-social-resolution-single synved-social-provider-facebook nolightbox\" data-provider=\"facebook\" target=\"_blank\" rel=\"nofollow\" title=\"Partager sur Facebook\" href=\"http:\/\/www.facebook.com\/sharer.php?u=https%3A%2F%2Fwww.leriredelarcenciel.fr%2FBlog%2Fwp-json%2Fwp%2Fv2%2Fposts%2F1417&#038;t=Info%20boutique&#038;s=100&#038;p&#091;url&#093;=https%3A%2F%2Fwww.leriredelarcenciel.fr%2FBlog%2Fwp-json%2Fwp%2Fv2%2Fposts%2F1417&#038;p&#091;images&#093;&#091;0&#093;=http%3A%2F%2Fwww.leriredelarcenciel.fr%2FBlog%2Fwp-content%2Fuploads%2F2016%2F05%2FAteliers-cr%C3%A9atifs-199x300.jpg&#038;p&#091;title&#093;=Info%20boutique\" style=\"font-size: 0px;width:24px;height:24px;margin:0;margin-bottom:10px;margin-right:10px\"><img loading=\"lazy\" decoding=\"async\" alt=\"Facebook\" title=\"Partager sur Facebook\" class=\"synved-share-image synved-social-image synved-social-image-share\" width=\"24\" height=\"24\" style=\"display: inline;width:24px;height:24px;margin: 0;padding: 0;border: none;box-shadow: none\" src=\"https:\/\/www.leriredelarcenciel.fr\/Blog\/wp-content\/plugins\/social-media-feather\/synved-social\/image\/social\/regular\/48x48\/facebook.png\" \/><\/a><a class=\"synved-social-button synved-social-button-share synved-social-size-24 synved-social-resolution-single synved-social-provider-pinterest nolightbox\" data-provider=\"pinterest\" target=\"_blank\" rel=\"nofollow\" title=\"Epingler sur Pinterest\" href=\"https:\/\/pinterest.com\/pin\/create\/button\/?url=https%3A%2F%2Fwww.leriredelarcenciel.fr%2FBlog%2Fwp-json%2Fwp%2Fv2%2Fposts%2F1417&#038;media=http%3A%2F%2Fwww.leriredelarcenciel.fr%2FBlog%2Fwp-content%2Fuploads%2F2016%2F05%2FAteliers-cr%C3%A9atifs-199x300.jpg&#038;description=Info%20boutique\" style=\"font-size: 0px;width:24px;height:24px;margin:0;margin-bottom:10px;margin-right:10px\"><img loading=\"lazy\" decoding=\"async\" alt=\"pinterest\" title=\"Epingler sur Pinterest\" class=\"synved-share-image synved-social-image synved-social-image-share\" width=\"24\" height=\"24\" style=\"display: inline;width:24px;height:24px;margin: 0;padding: 0;border: none;box-shadow: none\" src=\"https:\/\/www.leriredelarcenciel.fr\/Blog\/wp-content\/plugins\/social-media-feather\/synved-social\/image\/social\/regular\/48x48\/pinterest.png\" \/><\/a><a class=\"synved-social-button synved-social-button-share synved-social-size-24 synved-social-resolution-single synved-social-provider-mail nolightbox\" data-provider=\"mail\" rel=\"nofollow\" title=\"Partager par email\" href=\"mailto:?subject=Info%20boutique&#038;body=Le%20rire%20de%20l%27arc-en-ciel%20:%20https%3A%2F%2Fwww.leriredelarcenciel.fr%2FBlog%2Fwp-json%2Fwp%2Fv2%2Fposts%2F1417\" style=\"font-size: 0px;width:24px;height:24px;margin:0;margin-bottom:10px;margin-right:10px\"><img loading=\"lazy\" decoding=\"async\" alt=\"mail\" title=\"Partager par email\" class=\"synved-share-image synved-social-image synved-social-image-share\" width=\"24\" height=\"24\" style=\"display: inline;width:24px;height:24px;margin: 0;padding: 0;border: none;box-shadow: none\" src=\"https:\/\/www.leriredelarcenciel.fr\/Blog\/wp-content\/plugins\/social-media-feather\/synved-social\/image\/social\/regular\/48x48\/mail.png\" \/><\/a>","protected":false},"excerpt":{"rendered":"<p>L&rsquo;atelier boutique sera ferm\u00e9 demain matin. R\u00e9ouverture \u00e0 14h. Je serai au Centre du Baly. Je vais animer un atelier cr\u00e9atif pour un groupe scolaire. Le mat\u00e9riel est pr\u00eat, le diable est charg\u00e9&#8230; Ready to go ! &nbsp;<\/p>\n","protected":false},"author":1,"featured_media":0,"comment_status":"open","ping_status":"open","sticky":false,"template":"","format":"standard","meta":{"jetpack_post_was_ever_published":false,"_jetpack_newsletter_access":"","_jetpack_dont_email_post_to_subs":false,"_jetpack_newsletter_tier_id":0,"_jetpack_memberships_contains_paywalled_content":false,"_jetpack_memberships_contains_paid_content":false,"footnotes":"","jetpack_publicize_message":"","jetpack_publicize_feature_enabled":true,"jetpack_social_post_already_shared":true,"jetpack_social_options":{"image_generator_settings":{"template":"highway","default_image_id":0,"font":"","enabled":false},"version":2}},"categories":[1],"tags":[613,612,611],"class_list":["post-1417","post","type-post","status-publish","format-standard","hentry","category-non-classe","tag-absence","tag-boutique-fermee","tag-fermeture-boutique"],"jetpack_publicize_connections":[],"jetpack_featured_media_url":"","jetpack_sharing_enabled":true,"jetpack_shortlink":"https:\/\/wp.me\/p4fKpm-mR","_links":{"self":[{"href":"https:\/\/www.leriredelarcenciel.fr\/Blog\/wp-json\/wp\/v2\/posts\/1417","targetHints":{"allow":["GET"]}}],"collection":[{"href":"https:\/\/www.leriredelarcenciel.fr\/Blog\/wp-json\/wp\/v2\/posts"}],"about":[{"href":"https:\/\/www.leriredelarcenciel.fr\/Blog\/wp-json\/wp\/v2\/types\/post"}],"author":[{"embeddable":true,"href":"https:\/\/www.leriredelarcenciel.fr\/Blog\/wp-json\/wp\/v2\/users\/1"}],"replies":[{"embeddable":true,"href":"https:\/\/www.leriredelarcenciel.fr\/Blog\/wp-json\/wp\/v2\/comments?post=1417"}],"version-history":[{"count":1,"href":"https:\/\/www.leriredelarcenciel.fr\/Blog\/wp-json\/wp\/v2\/posts\/1417\/revisions"}],"predecessor-version":[{"id":1419,"href":"https:\/\/www.leriredelarcenciel.fr\/Blog\/wp-json\/wp\/v2\/posts\/1417\/revisions\/1419"}],"wp:attachment":[{"href":"https:\/\/www.leriredelarcenciel.fr\/Blog\/wp-json\/wp\/v2\/media?parent=1417"}],"wp:term":[{"taxonomy":"category","embeddable":true,"href":"https:\/\/www.leriredelarcenciel.fr\/Blog\/wp-json\/wp\/v2\/categories?post=1417"},{"taxonomy":"post_tag","embeddable":true,"href":"https:\/\/www.leriredelarcenciel.fr\/Blog\/wp-json\/wp\/v2\/tags?post=1417"}],"curies":[{"name":"wp","href":"https:\/\/api.w.org\/{rel}","templated":true}]}}