{"id":1000,"date":"2015-10-09T09:14:35","date_gmt":"2015-10-09T08:14:35","guid":{"rendered":"http:\/\/www.leriredelarcenciel.fr\/Blog\/?p=1000"},"modified":"2015-10-09T09:14:35","modified_gmt":"2015-10-09T08:14:35","slug":"des-ateliers-creatifs-toute-lannee","status":"publish","type":"post","link":"https:\/\/www.leriredelarcenciel.fr\/Blog\/des-ateliers-creatifs-toute-lannee\/","title":{"rendered":"Des ateliers cr\u00e9atifs toute l\u2019ann\u00e9e"},"content":{"rendered":"<p>N\u2019attendez plus l\u2019\u00e9t\u00e9 prochain\u00a0! Inscrivez-vous\u00a0pour faire des ateliers d\u00e8s maintenant !<\/p>\n<p>Devant le succ\u00e8s des ateliers cr\u00e9atifs, j\u2019ai d\u00e9cid\u00e9 de passer la vitesse sup\u00e9rieure\u00a0! En effet, depuis 3 ans maintenant, j\u2019organise des ateliers en juillet et ao\u00fbt dans mon atelier boutique \u00ab\u00a0Le rire de l\u2019arc-en-ciel\u00a0\u00bb de l\u2019Ile Grande. C\u2019est l\u2019occasion pour les participants de s\u2019essayer \u00e0 la cr\u00e9ation en r\u00e9alisant bracelet, at\u00e9bas, marque-page, porte-cl\u00e9s ou tout autre mod\u00e8le qu\u2019ils s\u00e9lectionnent parmi un choix d\u2019articles. C\u2019est aussi l\u2019occasion de passer un moment divertissant en famille (je re\u00e7ois souvent des mamans avec leurs enfants par exemple) ou entre ami(e)s.<\/p>\n<p>Maintenant, il vous sera possible de participer \u00e0 des ateliers tout au long de l\u2019ann\u00e9e.<\/p>\n<p><a href=\"https:\/\/www.leriredelarcenciel.fr\/Blog\/wp-content\/uploads\/2015\/10\/Exemples.jpg\"><img loading=\"lazy\" decoding=\"async\" data-attachment-id=\"1001\" data-permalink=\"https:\/\/www.leriredelarcenciel.fr\/Blog\/des-ateliers-creatifs-toute-lannee\/exemples\/\" data-orig-file=\"https:\/\/www.leriredelarcenciel.fr\/Blog\/wp-content\/uploads\/2015\/10\/Exemples.jpg\" data-orig-size=\"960,720\" data-comments-opened=\"1\" data-image-meta=\"{&quot;aperture&quot;:&quot;0&quot;,&quot;credit&quot;:&quot;&quot;,&quot;camera&quot;:&quot;&quot;,&quot;caption&quot;:&quot;&quot;,&quot;created_timestamp&quot;:&quot;0&quot;,&quot;copyright&quot;:&quot;&quot;,&quot;focal_length&quot;:&quot;0&quot;,&quot;iso&quot;:&quot;0&quot;,&quot;shutter_speed&quot;:&quot;0&quot;,&quot;title&quot;:&quot;&quot;,&quot;orientation&quot;:&quot;0&quot;}\" data-image-title=\"Exemples ateliers cr\u00e9atifs\" data-image-description=\"\" data-image-caption=\"\" data-medium-file=\"https:\/\/www.leriredelarcenciel.fr\/Blog\/wp-content\/uploads\/2015\/10\/Exemples-300x225.jpg\" data-large-file=\"https:\/\/www.leriredelarcenciel.fr\/Blog\/wp-content\/uploads\/2015\/10\/Exemples.jpg\" class=\"alignnone size-medium wp-image-1001\" src=\"https:\/\/www.leriredelarcenciel.fr\/Blog\/wp-content\/uploads\/2015\/10\/Exemples-300x225.jpg\" alt=\"Exemples ateliers cr\u00e9atifs\" width=\"300\" height=\"225\" srcset=\"https:\/\/www.leriredelarcenciel.fr\/Blog\/wp-content\/uploads\/2015\/10\/Exemples-300x225.jpg 300w, https:\/\/www.leriredelarcenciel.fr\/Blog\/wp-content\/uploads\/2015\/10\/Exemples-216x162.jpg 216w, https:\/\/www.leriredelarcenciel.fr\/Blog\/wp-content\/uploads\/2015\/10\/Exemples.jpg 960w\" sizes=\"auto, (max-width: 300px) 100vw, 300px\" \/><\/a><\/p>\n<p>Je vous explique le d\u00e9roulement d\u2019un atelier. Vous pouvez venir seul(e), en famille ou entre amis (4 personnes maximum). Vous choisissez la cr\u00e9ation que vous souhaitez r\u00e9aliser (pour les groupes, il n\u2019est pas n\u00e9cessaire de choisir la m\u00eame chose). Vous faites votre choix parmi les nombreuses couleurs propos\u00e9es et les diff\u00e9rentes finitions de l\u2019objet. Je vous apprends les diff\u00e9rentes techniques dont vous avez besoin. Je vous conseille et vous aide tout au long de la r\u00e9alisation. Vous aurez toute mon attention et vous passerez, j\u2019en suis certaine, de bons moments dans la joie et la bonne humeur\u00a0! Vous partirez avec votre cr\u00e9ation finie, ainsi qu\u2019une fiche o\u00f9 vous retrouverez toutes les explications n\u00e9cessaires si vous souhaitez refaire votre objet.<\/p>\n<p>Les ateliers cr\u00e9atifs ne sont possibles que pendant les heures d\u2019ouverture de l\u2019atelier boutique, soit du lundi au vendredi, entre 10h et 12h et entre 14h et 19h. Comptez en moyenne 1h par atelier (1h30 si vous venez \u00e0 2).<\/p>\n<p>Petite pr\u00e9cision\u00a0: chaque objet propos\u00e9 peut se r\u00e9aliser en une seule s\u00e9ance.<\/p>\n<p>Les ateliers sont destin\u00e9s aux enfants \u00e0 partir de 6 ans et aux adultes.<\/p>\n<p>Je fournis tous les mat\u00e9riaux dont vous avez besoin.<\/p>\n<p>Le prix de chaque atelier\u00a0est 8\u20ac.<\/p>\n<p>Informations compl\u00e9mentaires et <strong>RESERVATION OBLIGATOIRE<\/strong>\u00a0au 06 84 11 84 18\u00a0ou directement \u00e0 <a href=\"https:\/\/www.google.fr\/maps\/place\/Le+rire+de+l'arc-en-ciel\/@48.800189,-3.577294,15z\/data=!4m2!3m1!1s0x0:0x1f1fb702c3adbfb2?hl=fr&amp;dg=dbrw&amp;newdg=1\" target=\"_blank\"><span style=\"color: #ff6600;\">l\u2019atelier<\/span><\/a>.<\/p>\n<p><a href=\"https:\/\/www.leriredelarcenciel.fr\/Blog\/wp-content\/uploads\/2015\/10\/Atelier-cr\u00e9atif.jpg\"><img loading=\"lazy\" decoding=\"async\" data-attachment-id=\"1002\" data-permalink=\"https:\/\/www.leriredelarcenciel.fr\/Blog\/des-ateliers-creatifs-toute-lannee\/atelier-creatif\/\" data-orig-file=\"https:\/\/www.leriredelarcenciel.fr\/Blog\/wp-content\/uploads\/2015\/10\/Atelier-cr\u00e9atif.jpg\" data-orig-size=\"768,1024\" data-comments-opened=\"1\" data-image-meta=\"{&quot;aperture&quot;:&quot;2.8&quot;,&quot;credit&quot;:&quot;&quot;,&quot;camera&quot;:&quot;DMC-LZ3&quot;,&quot;caption&quot;:&quot;&quot;,&quot;created_timestamp&quot;:&quot;1424707239&quot;,&quot;copyright&quot;:&quot;&quot;,&quot;focal_length&quot;:&quot;6.1&quot;,&quot;iso&quot;:&quot;200&quot;,&quot;shutter_speed&quot;:&quot;0.033333333333333&quot;,&quot;title&quot;:&quot;&quot;,&quot;orientation&quot;:&quot;0&quot;}\" data-image-title=\"Atelier cr\u00e9atif\" data-image-description=\"\" data-image-caption=\"\" data-medium-file=\"https:\/\/www.leriredelarcenciel.fr\/Blog\/wp-content\/uploads\/2015\/10\/Atelier-cr\u00e9atif-225x300.jpg\" data-large-file=\"https:\/\/www.leriredelarcenciel.fr\/Blog\/wp-content\/uploads\/2015\/10\/Atelier-cr\u00e9atif-768x1024.jpg\" class=\"alignnone size-medium wp-image-1002\" src=\"https:\/\/www.leriredelarcenciel.fr\/Blog\/wp-content\/uploads\/2015\/10\/Atelier-cr\u00e9atif-225x300.jpg\" alt=\"Atelier cr\u00e9atif\" width=\"225\" height=\"300\" srcset=\"https:\/\/www.leriredelarcenciel.fr\/Blog\/wp-content\/uploads\/2015\/10\/Atelier-cr\u00e9atif-225x300.jpg 225w, https:\/\/www.leriredelarcenciel.fr\/Blog\/wp-content\/uploads\/2015\/10\/Atelier-cr\u00e9atif.jpg 768w, https:\/\/www.leriredelarcenciel.fr\/Blog\/wp-content\/uploads\/2015\/10\/Atelier-cr\u00e9atif-126x168.jpg 126w\" sizes=\"auto, (max-width: 225px) 100vw, 225px\" \/><\/a><\/p>\n<a class=\"synved-social-button synved-social-button-share synved-social-size-24 synved-social-resolution-single synved-social-provider-facebook nolightbox\" data-provider=\"facebook\" target=\"_blank\" rel=\"nofollow\" title=\"Partager sur Facebook\" href=\"http:\/\/www.facebook.com\/sharer.php?u=https%3A%2F%2Fwww.leriredelarcenciel.fr%2FBlog%2Fwp-json%2Fwp%2Fv2%2Fposts%2F1000&#038;t=Des%20ateliers%20cr%C3%A9atifs%20toute%20l%E2%80%99ann%C3%A9e&#038;s=100&#038;p&#091;url&#093;=https%3A%2F%2Fwww.leriredelarcenciel.fr%2FBlog%2Fwp-json%2Fwp%2Fv2%2Fposts%2F1000&#038;p&#091;images&#093;&#091;0&#093;=http%3A%2F%2Fwww.leriredelarcenciel.fr%2FBlog%2Fwp-content%2Fuploads%2F2015%2F10%2FExemples-300x225.jpg&#038;p&#091;title&#093;=Des%20ateliers%20cr%C3%A9atifs%20toute%20l%E2%80%99ann%C3%A9e\" style=\"font-size: 0px;width:24px;height:24px;margin:0;margin-bottom:10px;margin-right:10px\"><img loading=\"lazy\" decoding=\"async\" alt=\"Facebook\" title=\"Partager sur Facebook\" class=\"synved-share-image synved-social-image synved-social-image-share\" width=\"24\" height=\"24\" style=\"display: inline;width:24px;height:24px;margin: 0;padding: 0;border: none;box-shadow: none\" src=\"https:\/\/www.leriredelarcenciel.fr\/Blog\/wp-content\/plugins\/social-media-feather\/synved-social\/image\/social\/regular\/48x48\/facebook.png\" \/><\/a><a class=\"synved-social-button synved-social-button-share synved-social-size-24 synved-social-resolution-single synved-social-provider-pinterest nolightbox\" data-provider=\"pinterest\" target=\"_blank\" rel=\"nofollow\" title=\"Epingler sur Pinterest\" href=\"https:\/\/pinterest.com\/pin\/create\/button\/?url=https%3A%2F%2Fwww.leriredelarcenciel.fr%2FBlog%2Fwp-json%2Fwp%2Fv2%2Fposts%2F1000&#038;media=http%3A%2F%2Fwww.leriredelarcenciel.fr%2FBlog%2Fwp-content%2Fuploads%2F2015%2F10%2FExemples-300x225.jpg&#038;description=Des%20ateliers%20cr%C3%A9atifs%20toute%20l%E2%80%99ann%C3%A9e\" style=\"font-size: 0px;width:24px;height:24px;margin:0;margin-bottom:10px;margin-right:10px\"><img loading=\"lazy\" decoding=\"async\" alt=\"pinterest\" title=\"Epingler sur Pinterest\" class=\"synved-share-image synved-social-image synved-social-image-share\" width=\"24\" height=\"24\" style=\"display: inline;width:24px;height:24px;margin: 0;padding: 0;border: none;box-shadow: none\" src=\"https:\/\/www.leriredelarcenciel.fr\/Blog\/wp-content\/plugins\/social-media-feather\/synved-social\/image\/social\/regular\/48x48\/pinterest.png\" \/><\/a><a class=\"synved-social-button synved-social-button-share synved-social-size-24 synved-social-resolution-single synved-social-provider-mail nolightbox\" data-provider=\"mail\" rel=\"nofollow\" title=\"Partager par email\" href=\"mailto:?subject=Des%20ateliers%20cr%C3%A9atifs%20toute%20l%E2%80%99ann%C3%A9e&#038;body=Le%20rire%20de%20l%27arc-en-ciel%20:%20https%3A%2F%2Fwww.leriredelarcenciel.fr%2FBlog%2Fwp-json%2Fwp%2Fv2%2Fposts%2F1000\" style=\"font-size: 0px;width:24px;height:24px;margin:0;margin-bottom:10px;margin-right:10px\"><img loading=\"lazy\" decoding=\"async\" alt=\"mail\" title=\"Partager par email\" class=\"synved-share-image synved-social-image synved-social-image-share\" width=\"24\" height=\"24\" style=\"display: inline;width:24px;height:24px;margin: 0;padding: 0;border: none;box-shadow: none\" src=\"https:\/\/www.leriredelarcenciel.fr\/Blog\/wp-content\/plugins\/social-media-feather\/synved-social\/image\/social\/regular\/48x48\/mail.png\" \/><\/a>","protected":false},"excerpt":{"rendered":"<p>N\u2019attendez plus l\u2019\u00e9t\u00e9 prochain\u00a0! Inscrivez-vous\u00a0pour faire des ateliers d\u00e8s maintenant ! Devant le succ\u00e8s des ateliers cr\u00e9atifs, j\u2019ai d\u00e9cid\u00e9 de passer la vitesse sup\u00e9rieure\u00a0! En effet, depuis 3 ans maintenant, j\u2019organise des ateliers en juillet et ao\u00fbt dans mon atelier boutique \u00ab\u00a0Le rire de l\u2019arc-en-ciel\u00a0\u00bb de l\u2019Ile Grande. C\u2019est l\u2019occasion pour les participants de s\u2019essayer [&hellip;]<\/p>\n","protected":false},"author":1,"featured_media":0,"comment_status":"open","ping_status":"open","sticky":false,"template":"","format":"standard","meta":{"jetpack_post_was_ever_published":false,"_jetpack_newsletter_access":"","_jetpack_dont_email_post_to_subs":false,"_jetpack_newsletter_tier_id":0,"_jetpack_memberships_contains_paywalled_content":false,"_jetpack_memberships_contains_paid_content":false,"footnotes":"","jetpack_publicize_message":"","jetpack_publicize_feature_enabled":true,"jetpack_social_post_already_shared":true,"jetpack_social_options":{"image_generator_settings":{"template":"highway","default_image_id":0,"font":"","enabled":false},"version":2}},"categories":[4],"tags":[60,382,417,418,419],"class_list":["post-1000","post","type-post","status-publish","format-standard","hentry","category-dans-un-coin-de-l-atelier","tag-ateliers-creatifs","tag-ateliers-creatifs-ile-grande","tag-ateliers-creatifs-pleumeur-bodou","tag-ateliers-loisirs-creatifs","tag-ateliers-loisirs-creatifs-pleumeur-bodou"],"jetpack_publicize_connections":[],"jetpack_featured_media_url":"","jetpack_sharing_enabled":true,"jetpack_shortlink":"https:\/\/wp.me\/p4fKpm-g8","_links":{"self":[{"href":"https:\/\/www.leriredelarcenciel.fr\/Blog\/wp-json\/wp\/v2\/posts\/1000","targetHints":{"allow":["GET"]}}],"collection":[{"href":"https:\/\/www.leriredelarcenciel.fr\/Blog\/wp-json\/wp\/v2\/posts"}],"about":[{"href":"https:\/\/www.leriredelarcenciel.fr\/Blog\/wp-json\/wp\/v2\/types\/post"}],"author":[{"embeddable":true,"href":"https:\/\/www.leriredelarcenciel.fr\/Blog\/wp-json\/wp\/v2\/users\/1"}],"replies":[{"embeddable":true,"href":"https:\/\/www.leriredelarcenciel.fr\/Blog\/wp-json\/wp\/v2\/comments?post=1000"}],"version-history":[{"count":1,"href":"https:\/\/www.leriredelarcenciel.fr\/Blog\/wp-json\/wp\/v2\/posts\/1000\/revisions"}],"predecessor-version":[{"id":1003,"href":"https:\/\/www.leriredelarcenciel.fr\/Blog\/wp-json\/wp\/v2\/posts\/1000\/revisions\/1003"}],"wp:attachment":[{"href":"https:\/\/www.leriredelarcenciel.fr\/Blog\/wp-json\/wp\/v2\/media?parent=1000"}],"wp:term":[{"taxonomy":"category","embeddable":true,"href":"https:\/\/www.leriredelarcenciel.fr\/Blog\/wp-json\/wp\/v2\/categories?post=1000"},{"taxonomy":"post_tag","embeddable":true,"href":"https:\/\/www.leriredelarcenciel.fr\/Blog\/wp-json\/wp\/v2\/tags?post=1000"}],"curies":[{"name":"wp","href":"https:\/\/api.w.org\/{rel}","templated":true}]}}